{"id":5088,"date":"2024-11-20T12:55:37","date_gmt":"2024-11-20T11:55:37","guid":{"rendered":"https:\/\/www.ub.edu\/ger\/?p=5088"},"modified":"2024-11-20T13:11:35","modified_gmt":"2024-11-20T12:11:35","slug":"seminario-racismo-estructural-de-la-reparacion-a-las-reparaciones-y-viceversa","status":"publish","type":"post","link":"https:\/\/www.ub.edu\/ger\/es\/seminario-racismo-estructural-de-la-reparacion-a-las-reparaciones-y-viceversa\/","title":{"rendered":"Seminario: Racismo \u2018estructural\u2019: de la reparaci\u00f3n a las reparaciones y viceversa"},"content":{"rendered":"<h2>Seminario: Racismo \u2018estructural\u2019: de la reparaci\u00f3n a las reparaciones y viceversa<\/h2>\n<h4><\/h4>\n<h4>Des del Grupo de Estudios sobre Reciprocidad, os invitamos al ciclo de seminarios <em>Capitalisme Racial, Fronteres i Migracions<\/em>.<\/h4>\n<h4>Segunda sesi\u00f3n.<\/h4>\n<p>&nbsp;<\/p>\n<p>&nbsp;<\/p>\n<h5>El pr\u00f3ximo mi\u00e9rcoles <strong>4 de diciembre<\/strong> a les <strong>12h<\/strong> celebraremos la segunda sesi\u00f3n del seminario <em>Capitalisme Racial, Fronteres i Migracions<\/em><\/h5>\n<h5>En el <strong>Seminari d\u2019Antropologia<\/strong>, Facultat de Geografia i Hist\u00f2ria 2\u00ba piso<\/h5>\n<p>Esta vez recibimos a <strong>Nick Clare<\/strong> quien recientemente ha escrito el art\u00edculo <span style=\"color: #fa7202;\"><a style=\"color: #fa7202;\" href=\"https:\/\/compass.onlinelibrary.wiley.com\/ doi\/epdf\/10.1111\/gec3.12665\" target=\"_blank\" rel=\"noopener\">\u201cActually existing racial capitalism: Financialisation and bordering in UK housing associations\u201d<\/a><\/span> junto a Nigel de Noronha, Shaun French y Richard Goulding.<\/p>\n<p>El t\u00edtulo del seminario es: <strong>&#8216;Structural&#8217; racism: from repair to reparations and back again<\/strong><\/p>\n<p>Aqu\u00ed ten\u00e9is adem\u00e1s el resumen y su biograf\u00eda:<\/p>\n<p>&nbsp;<\/p>\n<p><em>Resumen<\/em><\/p>\n<p>La vivienda social es un \u00e1mbito clave del capitalismo racial. A trav\u00e9s del abandono sostenido y organizado no solo presenciamos procesos racializados de acumulaci\u00f3n, sino tambi\u00e9n casos de alto perfil como el desastre de la Torre Grenfell, una muerte prematura catastr\u00f3fica sancionada por el estado. Basado en un trabajo de campo longitudinal en el Reino Unido, este art\u00edculo se basa en las concepciones abolicionistas de la \u00abreparaci\u00f3n\u00bb para defender la reparaci\u00f3n de la vivienda social. Esto tiene un doble prop\u00f3sito. Por un lado, se centra en los motivos de la vivienda y a\u00f1ade matices importantes a la literatura cada vez m\u00e1s amplia sobre el capitalismo racial. Mientras que, por otro, ofrece una demanda necesariamente radical para los inquilinos y activistas de la vivienda social, para quienes el racismo es literalmente \u00abestructural\u00bb.<\/p>\n<p><em>Biograf\u00eda<\/em><\/p>\n<p>Nick Clare es profesor asociado en la Facultad de Geograf\u00eda de la Universidad de Nottingham (Reino Unido). Su investigaci\u00f3n actual se centra en los v\u00ednculos entre raza, clase y desventajas en materia de vivienda en el Reino Unido, con especial \u00e9nfasis en la resistencia de los inquilinos. Nick recurre en gran medida a marcos marxistas autonomistas y metodolog\u00edas militantes en su trabajo, habiendo explorado previamente las subjetividades territoriales y la pol\u00edtica de los migrantes en Buenos Aires.<\/p>\n<p>&nbsp;<\/p>\n<p>&nbsp;<\/p>\n<p><img loading=\"lazy\" decoding=\"async\" class=\"alignnone  wp-image-5079\" src=\"https:\/\/www.ub.edu\/ger\/wp-content\/uploads\/2024\/11\/2024-12_Cartel_RacismoEstructural.jpg\" alt=\"\" width=\"739\" height=\"1020\" \/><\/p>\n<p>&nbsp;<\/p>\n<p>&nbsp;<\/p>\n<p>&nbsp;<\/p>\n","protected":false},"excerpt":{"rendered":"<p>Seminario: Racismo \u2018estructural\u2019: de la reparaci\u00f3n a las reparaciones y viceversa Des del Grupo de Estudios sobre Reciprocidad, os invitamos al ciclo de seminarios Capitalisme Racial, Fronteres i Migracions. Segunda sesi\u00f3n. &nbsp; &nbsp; El pr\u00f3ximo mi\u00e9rcoles 4 de diciembre a les 12h celebraremos la segunda sesi\u00f3n del seminario Capitalisme Racial, Fronteres i Migracions En el [&hellip;]<\/p>\n","protected":false},"author":1,"featured_media":5084,"comment_status":"closed","ping_status":"closed","sticky":false,"template":"","format":"standard","meta":{"_et_pb_use_builder":"","_et_pb_old_content":"","_et_gb_content_width":"","footnotes":""},"categories":[42],"tags":[],"class_list":["post-5088","post","type-post","status-publish","format-standard","has-post-thumbnail","hentry","category-seminarios-2"],"_links":{"self":[{"href":"https:\/\/www.ub.edu\/ger\/es\/wp-json\/wp\/v2\/posts\/5088","targetHints":{"allow":["GET"]}}],"collection":[{"href":"https:\/\/www.ub.edu\/ger\/es\/wp-json\/wp\/v2\/posts"}],"about":[{"href":"https:\/\/www.ub.edu\/ger\/es\/wp-json\/wp\/v2\/types\/post"}],"author":[{"embeddable":true,"href":"https:\/\/www.ub.edu\/ger\/es\/wp-json\/wp\/v2\/users\/1"}],"replies":[{"embeddable":true,"href":"https:\/\/www.ub.edu\/ger\/es\/wp-json\/wp\/v2\/comments?post=5088"}],"version-history":[{"count":1,"href":"https:\/\/www.ub.edu\/ger\/es\/wp-json\/wp\/v2\/posts\/5088\/revisions"}],"predecessor-version":[{"id":5089,"href":"https:\/\/www.ub.edu\/ger\/es\/wp-json\/wp\/v2\/posts\/5088\/revisions\/5089"}],"wp:featuredmedia":[{"embeddable":true,"href":"https:\/\/www.ub.edu\/ger\/es\/wp-json\/wp\/v2\/media\/5084"}],"wp:attachment":[{"href":"https:\/\/www.ub.edu\/ger\/es\/wp-json\/wp\/v2\/media?parent=5088"}],"wp:term":[{"taxonomy":"category","embeddable":true,"href":"https:\/\/www.ub.edu\/ger\/es\/wp-json\/wp\/v2\/categories?post=5088"},{"taxonomy":"post_tag","embeddable":true,"href":"https:\/\/www.ub.edu\/ger\/es\/wp-json\/wp\/v2\/tags?post=5088"}],"curies":[{"name":"wp","href":"https:\/\/api.w.org\/{rel}","templated":true}]}}