{"id":5966,"date":"2025-10-06T16:53:52","date_gmt":"2025-10-06T15:53:52","guid":{"rendered":"https:\/\/www.ub.edu\/ger\/?p=5966"},"modified":"2025-10-09T15:44:54","modified_gmt":"2025-10-09T14:44:54","slug":"conferencia-plenaria-en-el-xvii-congreso-internacional-de-antropologia-asaee","status":"publish","type":"post","link":"https:\/\/www.ub.edu\/ger\/es\/conferencia-plenaria-en-el-xvii-congreso-internacional-de-antropologia-asaee\/","title":{"rendered":"Conferencia Plenaria en el XVII Congreso Internacional de Antropolog\u00eda ASAEE"},"content":{"rendered":"<h2><\/h2>\n<h2><\/h2>\n<h2><\/h2>\n<h2><\/h2>\n<h2>Conferencia Plenaria en el XVII Congreso Internacional de Antropolog\u00eda ASAEE<\/h2>\n<p>&nbsp;<\/p>\n<p>Entre el 2 y el 5 de septiembre de 2025 se ha celebrado el <span style=\"color: #fa7202;\"><a style=\"color: #fa7202;\" href=\"https:\/\/asaee-antropologia.org\/congresos\/xvii-congreso-antropologia-2025\/plenarias\/\" target=\"_blank\" rel=\"noopener\">XVII Congreso de Antropolog\u00eda de la ASAEE<\/a><\/span> en San Crist\u00f3bal de La Laguna, Canarias, bajo el lema <em>Antropolog\u00edas comprometidas<\/em>. Esta edici\u00f3n se ha planteado como un espacio de reflexi\u00f3n y acci\u00f3n frente a los desaf\u00edos contempor\u00e1neos \u2014crisis clim\u00e1ticas, sociales, pol\u00edticas y econ\u00f3micas\u2014, reivindicando una Antropolog\u00eda cr\u00edtica y transformadora que sit\u00fae en el centro a las personas, comunidades y territorios.<\/p>\n<p>La Conferencia Plenaria de inauguraci\u00f3n del congreso ha sido impartida por <a href=\"https:\/\/www.ub.edu\/ger\/es\/miembros\/\"><span style=\"color: #fa7202;\">Susana Narotzky<\/span><\/a>, Catedr\u00e1tica de Antropolog\u00eda Social en la Universidad de Barcelona y directora del Grupo de Estudios sobre Reciprocidad (GER).<\/p>\n<p>Con el t\u00edtulo <strong>Proyectos de futuro y futuros imaginados. Espacios de continuidad social en disputa, un caso etnogr\u00e1fico<\/strong>, Susana Narotzky ha disertado sobre articulaci\u00f3n entre econom\u00eda pol\u00edtica y econom\u00eda moral en la producci\u00f3n del espacio.<\/p>\n<p>&nbsp;<\/p>\n<p><img loading=\"lazy\" decoding=\"async\" class=\"alignnone wp-image-5957\" src=\"https:\/\/www.ub.edu\/ger\/wp-content\/uploads\/2025\/10\/IMG-20250902-WA0006-B.png\" alt=\"\" width=\"618\" height=\"394\" \/><\/p>\n<p>&nbsp;<\/p>\n<p>Dejamos disponible el v\u00eddeo de completo de la inauguraci\u00f3n. La conferencia plenaria de Susana Narotzky est\u00e1 <strong>entre los minutos 54:48 y 2:02:40<\/strong>.<\/p>\n<p>&nbsp;<\/p>\n<p><iframe loading=\"lazy\" title=\"APERTURA DEL XVII CONGRESO INTERNACIONAL DE ANTROPOLOG\u00cdA\" width=\"1080\" height=\"608\" src=\"https:\/\/www.youtube.com\/embed\/W1_HDxpUxyE?feature=oembed\"  allow=\"accelerometer; autoplay; clipboard-write; encrypted-media; gyroscope; picture-in-picture; web-share\" referrerpolicy=\"strict-origin-when-cross-origin\" allowfullscreen><\/iframe><\/p>\n<p>&nbsp;<\/p>\n","protected":false},"excerpt":{"rendered":"<p>Conferencia Plenaria en el XVII Congreso Internacional de Antropolog\u00eda ASAEE &nbsp; Entre el 2 y el 5 de septiembre de 2025 se ha celebrado el XVII Congreso de Antropolog\u00eda de la ASAEE en San Crist\u00f3bal de La Laguna, Canarias, bajo el lema Antropolog\u00edas comprometidas. Esta edici\u00f3n se ha planteado como un espacio de reflexi\u00f3n y [&hellip;]<\/p>\n","protected":false},"author":1,"featured_media":5967,"comment_status":"closed","ping_status":"closed","sticky":false,"template":"","format":"standard","meta":{"_et_pb_use_builder":"","_et_pb_old_content":"","_et_gb_content_width":"","footnotes":""},"categories":[40,44],"tags":[],"class_list":["post-5966","post","type-post","status-publish","format-standard","has-post-thumbnail","hentry","category-conferencias-2","category-congresos"],"_links":{"self":[{"href":"https:\/\/www.ub.edu\/ger\/es\/wp-json\/wp\/v2\/posts\/5966","targetHints":{"allow":["GET"]}}],"collection":[{"href":"https:\/\/www.ub.edu\/ger\/es\/wp-json\/wp\/v2\/posts"}],"about":[{"href":"https:\/\/www.ub.edu\/ger\/es\/wp-json\/wp\/v2\/types\/post"}],"author":[{"embeddable":true,"href":"https:\/\/www.ub.edu\/ger\/es\/wp-json\/wp\/v2\/users\/1"}],"replies":[{"embeddable":true,"href":"https:\/\/www.ub.edu\/ger\/es\/wp-json\/wp\/v2\/comments?post=5966"}],"version-history":[{"count":2,"href":"https:\/\/www.ub.edu\/ger\/es\/wp-json\/wp\/v2\/posts\/5966\/revisions"}],"predecessor-version":[{"id":5977,"href":"https:\/\/www.ub.edu\/ger\/es\/wp-json\/wp\/v2\/posts\/5966\/revisions\/5977"}],"wp:featuredmedia":[{"embeddable":true,"href":"https:\/\/www.ub.edu\/ger\/es\/wp-json\/wp\/v2\/media\/5967"}],"wp:attachment":[{"href":"https:\/\/www.ub.edu\/ger\/es\/wp-json\/wp\/v2\/media?parent=5966"}],"wp:term":[{"taxonomy":"category","embeddable":true,"href":"https:\/\/www.ub.edu\/ger\/es\/wp-json\/wp\/v2\/categories?post=5966"},{"taxonomy":"post_tag","embeddable":true,"href":"https:\/\/www.ub.edu\/ger\/es\/wp-json\/wp\/v2\/tags?post=5966"}],"curies":[{"name":"wp","href":"https:\/\/api.w.org\/{rel}","templated":true}]}}