{"id":6785,"date":"2026-03-10T11:07:33","date_gmt":"2026-03-10T10:07:33","guid":{"rendered":"https:\/\/www.ub.edu\/ger\/?p=6785"},"modified":"2026-03-10T11:20:19","modified_gmt":"2026-03-10T10:20:19","slug":"capitalismo-racial-fronteras-y-migraciones-the-humanitarian-fix-aid-containment-and-the-political-economy-of-surplus-life","status":"publish","type":"post","link":"https:\/\/www.ub.edu\/ger\/es\/capitalismo-racial-fronteras-y-migraciones-the-humanitarian-fix-aid-containment-and-the-political-economy-of-surplus-life\/","title":{"rendered":"Capitalismo Racial, Fronteras y Migraciones: The Humanitarian Fix: Aid, Containment, and the Political Economy of Surplus Life"},"content":{"rendered":"<p>&nbsp;<\/p>\n<p>&nbsp;<\/p>\n<p>Nos complace invitarles a la segunda sesi\u00f3n del seminario <em>Capitalismo Racial, Fronteras y Migraciones<\/em> <strong>2026<\/strong>.<\/p>\n<p>En esta segunda sesi\u00f3n, tenemos el privilegio de recibir a <strong>Danai Avgeri<\/strong> (Universidad de St. Andrews), quien impartir\u00e1 la charla <strong>\u201cThe Humanitarian Fix: Aid, Containment, and the Political Economy of Surplus Life\u201d<\/strong>.<\/p>\n<p>&nbsp;<\/p>\n<p><strong>Danai Avgeri <\/strong>es una ge\u00f3grafa pol\u00edtica cuya investigaci\u00f3n examina las intersecciones del capitalismo racial, el humanitarismo y la gobernanza de la movilidad desde la perspectiva de las periferias europeas. Es doctora en Geograf\u00eda por la Universidad Queen Mary de Londres y actualmente es investigadora postdoctoral en la Universidad de St. Andrews en el proyecto HERA-CHANSE \u00abTiempos de Crisis: Las Temporalidades de Europa en Policrisis\u00bb (TiCToC, 2025-2028). Anteriormente, ha ocupado puestos postdoctorales en la Universidad de Cambridge y la Universidad de Viena, y ha sido investigadora postdoctoral visitante en la Universidad de Stanford. Su trabajo ha aparecido en revistas como Environment and Planning D: Society and Space y Political Geography.<\/p>\n<p><strong>Resumen de la conferencia:<\/strong> Esta charla argumenta que las infraestructuras humanitarias en las fronteras europeas no solo alivian el sufrimiento, sino que reorganizan el espacio y la vida social como un territorio gobernable y generador de valor. Bas\u00e1ndome en la investigaci\u00f3n etnogr\u00e1fica realizada en Grecia, desarrollo el concepto de la soluci\u00f3n humanitaria: la movilizaci\u00f3n estrat\u00e9gica de ayuda para absorber y gestionar los excedentes de movilidad, propiedad y mano de obra en la frontera de la UE. A trav\u00e9s de la perspectiva de la hospitalidad extractiva y la explotaci\u00f3n humanitaria, analizo c\u00f3mo los programas de alojamiento para refugiados se calibraron para reactivar los mercados inmobiliarios en crisis, al tiempo que se negaban los derechos de arrendamiento a quienes albergaban, y c\u00f3mo la ONGizaci\u00f3n del bienestar produjo una fuerza laboral de cuidados precaria, disciplinada por la temporalidad moral de la propia crisis. Al des-excepcionalizar el humanitarismo en los an\u00e1lisis de la migraci\u00f3n y el capitalismo racial, la charla muestra c\u00f3mo las vidas contenidas se vuelven productivas de forma diferencial dentro de los circuitos de acumulaci\u00f3n, y se pregunta qu\u00e9 significar\u00eda desarticular la emergencia de la extracci\u00f3n mediante la recuperaci\u00f3n de la pol\u00edtica de crisis desde abajo.<\/p>\n<p>&nbsp;<\/p>\n<p>El seminario tendr\u00e1 lugar en el <strong>Laboratori d&#8217;Antropologia<\/strong>, en la primera planta de la Facultad de Geograf\u00eda e Historia de la Universidad de Barcelona.<\/p>\n<p><strong>Inscr\u00edbase aqu\u00ed:<\/strong> <a href=\"https:\/\/form.jotform.com\/260602553433349\">https:\/\/form.jotform.com\/260602553433349<\/a> para reservar su plaza y mantenerse informado sobre cualquier cambio o incidencia.<\/p>\n<p><strong>Streaming en directo:<\/strong> <a href=\"https:\/\/www.ub.edu\/ubtv\/video\/humanitarian-fix-aid-containment-and-political-economy-surplus-life\">https:\/\/www.ub.edu\/ubtv\/video\/humanitarian-fix-aid-containment-and-political-economy-surplus-life<\/a><\/p>\n<p><strong>La transmisi\u00f3n y la grabaci\u00f3n posterior estar\u00e1n disponibles en:<\/strong> <a href=\"https:\/\/www.ub.edu\/ubtv\/colleccio\/series\/seminar-racial-capitalism-borders-and-migrations\">https:\/\/www.ub.edu\/ubtv\/colleccio\/series\/seminar-racial-capitalism-borders-and-migrations<\/a><\/p>\n<p>&nbsp;<\/p>\n<p>&nbsp;<\/p>\n<p><img loading=\"lazy\" decoding=\"async\" class=\"alignnone  wp-image-6772\" src=\"https:\/\/www.ub.edu\/ger\/wp-content\/uploads\/2026\/03\/Cartel_DanaiAvgeri_e-mail.jpg\" alt=\"\" width=\"513\" height=\"696\" \/><\/p>\n<p>&nbsp;<\/p>\n<p>&nbsp;<\/p>\n","protected":false},"excerpt":{"rendered":"<p>&nbsp; &nbsp; Nos complace invitarles a la segunda sesi\u00f3n del seminario Capitalismo Racial, Fronteras y Migraciones 2026. En esta segunda sesi\u00f3n, tenemos el privilegio de recibir a Danai Avgeri (Universidad de St. Andrews), quien impartir\u00e1 la charla \u201cThe Humanitarian Fix: Aid, Containment, and the Political Economy of Surplus Life\u201d. &nbsp; Danai Avgeri es una ge\u00f3grafa [&hellip;]<\/p>\n","protected":false},"author":1,"featured_media":6786,"comment_status":"closed","ping_status":"closed","sticky":false,"template":"","format":"standard","meta":{"_et_pb_use_builder":"","_et_pb_old_content":"","_et_gb_content_width":"","footnotes":""},"categories":[47],"tags":[],"class_list":["post-6785","post","type-post","status-publish","format-standard","has-post-thumbnail","hentry","category-seminarios-es"],"_links":{"self":[{"href":"https:\/\/www.ub.edu\/ger\/es\/wp-json\/wp\/v2\/posts\/6785","targetHints":{"allow":["GET"]}}],"collection":[{"href":"https:\/\/www.ub.edu\/ger\/es\/wp-json\/wp\/v2\/posts"}],"about":[{"href":"https:\/\/www.ub.edu\/ger\/es\/wp-json\/wp\/v2\/types\/post"}],"author":[{"embeddable":true,"href":"https:\/\/www.ub.edu\/ger\/es\/wp-json\/wp\/v2\/users\/1"}],"replies":[{"embeddable":true,"href":"https:\/\/www.ub.edu\/ger\/es\/wp-json\/wp\/v2\/comments?post=6785"}],"version-history":[{"count":1,"href":"https:\/\/www.ub.edu\/ger\/es\/wp-json\/wp\/v2\/posts\/6785\/revisions"}],"predecessor-version":[{"id":6790,"href":"https:\/\/www.ub.edu\/ger\/es\/wp-json\/wp\/v2\/posts\/6785\/revisions\/6790"}],"wp:featuredmedia":[{"embeddable":true,"href":"https:\/\/www.ub.edu\/ger\/es\/wp-json\/wp\/v2\/media\/6786"}],"wp:attachment":[{"href":"https:\/\/www.ub.edu\/ger\/es\/wp-json\/wp\/v2\/media?parent=6785"}],"wp:term":[{"taxonomy":"category","embeddable":true,"href":"https:\/\/www.ub.edu\/ger\/es\/wp-json\/wp\/v2\/categories?post=6785"},{"taxonomy":"post_tag","embeddable":true,"href":"https:\/\/www.ub.edu\/ger\/es\/wp-json\/wp\/v2\/tags?post=6785"}],"curies":[{"name":"wp","href":"https:\/\/api.w.org\/{rel}","templated":true}]}}