{"id":6771,"date":"2026-03-10T11:07:33","date_gmt":"2026-03-10T10:07:33","guid":{"rendered":"https:\/\/www.ub.edu\/ger\/?p=6771"},"modified":"2026-04-16T16:33:08","modified_gmt":"2026-04-16T15:33:08","slug":"seminari-capitalisme-racial-fronteres-i-migracions-the-humanitarian-fix-aid-containment-and-the-political-economy-of-surplus-life","status":"publish","type":"post","link":"https:\/\/www.ub.edu\/ger\/seminari-capitalisme-racial-fronteres-i-migracions-the-humanitarian-fix-aid-containment-and-the-political-economy-of-surplus-life\/","title":{"rendered":"Seminari Capitalisme Racial, Fronteres i Migracions: The Humanitarian Fix: Aid, Containment, and the Political Economy of Surplus Life"},"content":{"rendered":"<p>&nbsp;<\/p>\n<p>&nbsp;<\/p>\n<p>\u00c9s un plaer convidar-vos a la segona sessi\u00f3 del seminari <em>Capitalisme Racial, Fronteres i Migracions<\/em> del <strong>2026<\/strong> el proper <strong>dimecres 11 de mar\u00e7 a les 12h<\/strong>.<\/p>\n<p>Aquesta vegada rebem a <strong>Danai Avgeri<\/strong> de la Universitat de St Andrews qui far\u00e0 la confer\u00e8ncia: <strong>\u201cThe Humanitarian Fix: Aid, Containment, and the Political Economy of Surplus Life\u201d<\/strong>, al Laboratori d&#8217;Antropologia (1r pis de la Facultat de Geografia i Historia).<\/p>\n<p>&nbsp;<\/p>\n<p><strong>Danai Avgeri<\/strong> \u00e9s una ge\u00f2grafa pol\u00edtica, la investigaci\u00f3 de la qual examina les interseccions del capitalisme racial, l&#8217;humanitarisme i la governan\u00e7a de la mobilitat des del punt de vista de les perif\u00e8ries d&#8217;Europa. \u00c9s doctora en Geografia per la Universitat Queen Mary de Londres i actualment \u00e9s investigadora postdoctoral a la Universitat de St Andrews en el projecte HERA-CHANSE <em>Times in Crisis, Times of Crisis: The Temporalities of Europe in Polycrisis<\/em> (TiCToC, 2025\u20132028). Anteriorment ha ocupat c\u00e0rrecs postdoctorals a la Universitat de Cambridge i a la Universitat de Viena, i ha estat investigadora postdoctoral visitant a la Universitat de Stanford. El seu treball ha aparegut en revistes com <em>Environment and Planning D: Society and Space i Political Geography.<\/em><\/p>\n<p><strong>Resum de la confer\u00e8ncia:<\/strong> Aquesta xerrada defensa que les infraestructures humanit\u00e0ries a les fronteres d&#8217;Europa no nom\u00e9s alleugen el patiment, sin\u00f3 que reorganitzen l&#8217;espai i la vida social com un terreny governable i generador de valor. A partir de la investigaci\u00f3 etnogr\u00e0fica realitzada a Gr\u00e8cia, desenvolupo el concepte de la soluci\u00f3 humanit\u00e0ria: la mobilitzaci\u00f3 estrat\u00e8gica de l&#8217;ajuda per absorbir i gestionar els excedents de mobilitat, propietat i m\u00e0 d&#8217;obra a la frontera de la UE. A trav\u00e9s de les lents de l&#8217;hostaleria extractiva i l&#8217;explotaci\u00f3 humanit\u00e0ria, trac com es van calibrar els programes d&#8217;habitatge per a refugiats per reactivar mercats immobiliaris en dificultats mentre es restringien els drets d&#8217;arrendament a aquells que allotjaven, i com l&#8217;ONGitzaci\u00f3 del benestar va produir una for\u00e7a laboral prec\u00e0ria disciplinada per la temporalitat moral de la crisi. En desexcepcionalitzar l&#8217;humanitarisme dins de les an\u00e0lisis de la migraci\u00f3 i el capitalisme racial, la xerrada mostra com les vides contingudes es fan productives de manera diferent dins dels circuits d&#8217;acumulaci\u00f3, i es pregunta qu\u00e8 podria significar desarticular l&#8217;emerg\u00e8ncia de l&#8217;extracci\u00f3 recuperant la pol\u00edtica de crisi des de baix.<\/p>\n<p>&nbsp;<\/p>\n<p>El seminari tindr\u00e0 lloc al <strong>Laboratori d&#8217;Antropologia<\/strong>, a la primera planta de la Facultat de Geografia i Hist\u00f2ria de la Universitat de Barcelona.<\/p>\n<p><strong>Inscriviu-vos aqu\u00ed:<\/strong> <a href=\"https:\/\/form.jotform.com\/260602553433349\">https:\/\/form.jotform.com\/260602553433349<\/a> per assegurar-vos lloc i estar informades sobre qualsevol canvi i incid\u00e8ncia.<\/p>\n<p>Streaming en directe: <a href=\"https:\/\/www.ub.edu\/ubtv\/video\/humanitarian-fix-aid-containment-and-political-economy-surplus-life\">https:\/\/www.ub.edu\/ubtv\/video\/humanitarian-fix-aid-containment-and-political-economy-surplus-life<\/a><\/p>\n<p>Enregistrament posterior estar\u00e0 disponible a: <a href=\"https:\/\/www.ub.edu\/ubtv\/colleccio\/series\/seminar-racial-capitalism-borders-and-migrations\">https:\/\/www.ub.edu\/ubtv\/colleccio\/series\/seminar-racial-capitalism-borders-and-migrations<\/a><\/p>\n<p>&nbsp;<\/p>\n<p>&nbsp;<\/p>\n<p><img loading=\"lazy\" decoding=\"async\" class=\"alignnone wp-image-6772\" src=\"https:\/\/www.ub.edu\/ger\/wp-content\/uploads\/2026\/03\/Cartel_DanaiAvgeri_e-mail.jpg\" alt=\"\" width=\"513\" height=\"696\" \/><\/p>\n<p>&nbsp;<\/p>\n<p>&nbsp;<\/p>\n","protected":false},"excerpt":{"rendered":"<p>&nbsp; &nbsp; \u00c9s un plaer convidar-vos a la segona sessi\u00f3 del seminari Capitalisme Racial, Fronteres i Migracions del 2026 el proper dimecres 11 de mar\u00e7 a les 12h. Aquesta vegada rebem a Danai Avgeri de la Universitat de St Andrews qui far\u00e0 la confer\u00e8ncia: \u201cThe Humanitarian Fix: Aid, Containment, and the Political Economy of Surplus [&hellip;]<\/p>\n","protected":false},"author":1,"featured_media":6795,"comment_status":"closed","ping_status":"open","sticky":false,"template":"","format":"standard","meta":{"_et_pb_use_builder":"","_et_pb_old_content":"","_et_gb_content_width":"","footnotes":""},"categories":[36],"tags":[],"class_list":["post-6771","post","type-post","status-publish","format-standard","has-post-thumbnail","hentry","category-seminarios"],"_links":{"self":[{"href":"https:\/\/www.ub.edu\/ger\/wp-json\/wp\/v2\/posts\/6771","targetHints":{"allow":["GET"]}}],"collection":[{"href":"https:\/\/www.ub.edu\/ger\/wp-json\/wp\/v2\/posts"}],"about":[{"href":"https:\/\/www.ub.edu\/ger\/wp-json\/wp\/v2\/types\/post"}],"author":[{"embeddable":true,"href":"https:\/\/www.ub.edu\/ger\/wp-json\/wp\/v2\/users\/1"}],"replies":[{"embeddable":true,"href":"https:\/\/www.ub.edu\/ger\/wp-json\/wp\/v2\/comments?post=6771"}],"version-history":[{"count":1,"href":"https:\/\/www.ub.edu\/ger\/wp-json\/wp\/v2\/posts\/6771\/revisions"}],"predecessor-version":[{"id":6778,"href":"https:\/\/www.ub.edu\/ger\/wp-json\/wp\/v2\/posts\/6771\/revisions\/6778"}],"wp:featuredmedia":[{"embeddable":true,"href":"https:\/\/www.ub.edu\/ger\/wp-json\/wp\/v2\/media\/6795"}],"wp:attachment":[{"href":"https:\/\/www.ub.edu\/ger\/wp-json\/wp\/v2\/media?parent=6771"}],"wp:term":[{"taxonomy":"category","embeddable":true,"href":"https:\/\/www.ub.edu\/ger\/wp-json\/wp\/v2\/categories?post=6771"},{"taxonomy":"post_tag","embeddable":true,"href":"https:\/\/www.ub.edu\/ger\/wp-json\/wp\/v2\/tags?post=6771"}],"curies":[{"name":"wp","href":"https:\/\/api.w.org\/{rel}","templated":true}]}}