{"id":2186,"date":"2026-02-18T15:11:43","date_gmt":"2026-02-18T14:11:43","guid":{"rendered":"https:\/\/www.ub.edu\/gr1p\/?p=2186"},"modified":"2026-03-05T11:05:48","modified_gmt":"2026-03-05T10:05:48","slug":"fundacion-rey-ardid-publica-una-entrevista-a-fran-eiroa-sobre-participacio-i-drets-en-salut-mental","status":"publish","type":"post","link":"https:\/\/www.ub.edu\/gr1p\/fundacion-rey-ardid-publica-una-entrevista-a-fran-eiroa-sobre-participacio-i-drets-en-salut-mental\/","title":{"rendered":"Fundaci\u00f3n Rey Ardid publica una entrevista a Fran Eiroa sobre participaci\u00f3 i drets en salut mental"},"content":{"rendered":"<p><\/p>\n<p>La Fundaci\u00f3n Rey Ardid ha publicat al seu blog una entrevista a Francisco Jos\u00e9 Eiroa-Orosa amb motiu de la formaci\u00f3 impartida recentment a professionals de l&#8217;\u00e0rea de salut mental de l&#8217;entitat.<\/p>\n<p>A l&#8217;entrevista, el Dr. Eiroa-Orosa reflexiona, en termes generals, sobre com avan\u00e7ar cap a una atenci\u00f3 m\u00e9s humana i centrada en la persona, basada en la participaci\u00f3 real de les persones usu\u00e0ries i el respecte als drets humans. L&#8217;entrevista aborda q\u00fcestions com la participaci\u00f3, la ciutadania en salut mental, la reducci\u00f3 de pr\u00e0ctiques coercitives, els reptes estructurals del sistema i el paper de la tecnologia quan es posa al servei de l&#8217;apoderament i dels projectes de vida.<\/p>\n<p>El contingut complet de l\u2019entrevista es pot consultar al <a href=\"https:\/\/www.reyardid.org\/blog\/entrevista-a-fran-eiroa-participacion-efectiva-derechos-y-ciudadania-en-salud-mental\" target=\"_blank\" rel=\"noopener\">web de Rey Ardid<\/a>.<\/p>\n<p><\/p>","protected":false},"excerpt":{"rendered":"<p>La Fundaci\u00f3n Rey Ardid ha publicat al seu blog una entrevista a Francisco Jos\u00e9 Eiroa-Orosa amb motiu de la formaci\u00f3 impartida recentment [&hellip;]<\/p>\n","protected":false},"author":6,"featured_media":2214,"comment_status":"closed","ping_status":"closed","sticky":false,"template":"","format":"standard","meta":{"footnotes":""},"categories":[1],"tags":[],"class_list":["post-2186","post","type-post","status-publish","format-standard","has-post-thumbnail","hentry","category-sin-categoria"],"_links":{"self":[{"href":"https:\/\/www.ub.edu\/gr1p\/wp-json\/wp\/v2\/posts\/2186","targetHints":{"allow":["GET"]}}],"collection":[{"href":"https:\/\/www.ub.edu\/gr1p\/wp-json\/wp\/v2\/posts"}],"about":[{"href":"https:\/\/www.ub.edu\/gr1p\/wp-json\/wp\/v2\/types\/post"}],"author":[{"embeddable":true,"href":"https:\/\/www.ub.edu\/gr1p\/wp-json\/wp\/v2\/users\/6"}],"replies":[{"embeddable":true,"href":"https:\/\/www.ub.edu\/gr1p\/wp-json\/wp\/v2\/comments?post=2186"}],"version-history":[{"count":6,"href":"https:\/\/www.ub.edu\/gr1p\/wp-json\/wp\/v2\/posts\/2186\/revisions"}],"predecessor-version":[{"id":2194,"href":"https:\/\/www.ub.edu\/gr1p\/wp-json\/wp\/v2\/posts\/2186\/revisions\/2194"}],"wp:featuredmedia":[{"embeddable":true,"href":"https:\/\/www.ub.edu\/gr1p\/wp-json\/wp\/v2\/media\/2214"}],"wp:attachment":[{"href":"https:\/\/www.ub.edu\/gr1p\/wp-json\/wp\/v2\/media?parent=2186"}],"wp:term":[{"taxonomy":"category","embeddable":true,"href":"https:\/\/www.ub.edu\/gr1p\/wp-json\/wp\/v2\/categories?post=2186"},{"taxonomy":"post_tag","embeddable":true,"href":"https:\/\/www.ub.edu\/gr1p\/wp-json\/wp\/v2\/tags?post=2186"}],"curies":[{"name":"wp","href":"https:\/\/api.w.org\/{rel}","templated":true}]}}