{"id":43,"date":"2011-09-14T10:55:55","date_gmt":"2011-09-14T09:55:55","guid":{"rendered":"http:\/\/grelub.wordpress.com\/?p=43"},"modified":"2011-09-14T10:55:55","modified_gmt":"2011-09-14T09:55:55","slug":"balance-del-gt-2-2-gobierno-multinivel-y-autonomia-local-la-reestructuracion-politica-del-territorio-aecpa-2011","status":"publish","type":"post","link":"https:\/\/www.ub.edu\/grel\/balance-del-gt-2-2-gobierno-multinivel-y-autonomia-local-la-reestructuracion-politica-del-territorio-aecpa-2011\/","title":{"rendered":"Balance del GT 2.2 Gobierno multinivel y autonom\u00eda local. La reestructuraci\u00f3n pol\u00edtica del territorio. AECPA 2011"},"content":{"rendered":"<p>Pasados unos d\u00edas de la celebbraci\u00f3n del congreso, nos gustar\u00eda hacer un resumido balance sobre el desarrollo del Grupo de Trabajo. Ante todo, agradecer a los ponentes su disponibilidad y su corresponsabilidad con el desarollo del grupo. No fue f\u00e1cil presentar 11 comunicaciones en tan s\u00f3lo 5 horas. Gracias al esfuerzo de todos en cumplir los horarios y las directrices marcadas, pudimos acabar con el programa previsto. Adem\u00e1s hay que destacar la gran calidad de la mayor\u00eda de las comunicaciones, el gran trabajo de los tres comentaristas (Joan-Josep Vallb\u00e9, Carmen Navarro y Jos\u00e9 Luis Mart\u00ednez-Alonso) y los vivos debates que se suscitaron al final de cada bloque.<\/p>\n<p>Organizamos el panel de forma que intentamos ir de lo m\u00e1s concreto a lo m\u00e1s general, primando en una primera secci\u00f3n los estudios de caso, aumentando en escala seg\u00fan el objeto de estudio. El segundo bloque se refiri\u00f3 a cuestiones m\u00e1s de an\u00e1lisis sist\u00e9mico, donde el foco de los trabajos buscaba una cierta modelizaci\u00f3n de las relaciones entre gobiernos locales y otros niveles de gobierno. Pod\u00e9is encontrar la mayor\u00eda de textos <a title=\"GT 2.2\" href=\"http:\/\/www.aecpa.es\/congresos\/10\/grupos-trabajo\/8\/\">aqu\u00ed<\/a>.<\/p>\n<p>As\u00ed, las dos primeras intervenciones versaron sobre el endeudamiento municipal y el sistema de fianciaci\u00f3n foral vasco y sus relaciones intergubernamentales. De ambas comunicaciones se extrajo la necesidad de clarificar y garantizar los sistemas de acceso a la financiaci\u00f3n municipal, junto con una redefinici\u00f3n y clarificaci\u00f3n de las pol\u00edticas que tienen\/deben prestar los entes locales.<\/p>\n<p>Seguidamente, se abordaron dos realidades de meso-gobierno, como son la definci\u00f3n de un espacio metropolitano para Valencia y las relaciones entre gobiernos auton\u00f3micos y entes locales en la pol\u00edtica de inmigraci\u00f3n. El caso de Valencia ilustr\u00f3 las dificultades de encontrar el mejor dise\u00f1o institucional para la\u00a0 provisi\u00f3n de servicios. El caso de la pol\u00edtica de inmigraci\u00f3n evidenci\u00f3 las dificultades de los municipios para costearla e implementarla sin el poder auton\u00f3mico.<\/p>\n<p>Finalmente cerraron la primera secci\u00f3n tres papers que ten\u00edan como objeto realidades transnacionales. Una comunicaci\u00f3n comparaba el dise\u00f1o institucional de las regiones-isla portuguesas con algunas comunidades aut\u00f3nomas; la segunda vers\u00f3 sobre la capacidad de las regiones de afectar a las presidencias rotatorias de la UE; finalmente, antes de acabar el bloque, se present\u00f3 una interesante comunicaci\u00f3n sobre el encaje de las comunidades indigenas de Bol\u00edvia y Ecuador en el dise\u00f1o pol\u00edtico-institucional de ambos pa\u00edses.<\/p>\n<p>En la segunda parte se abordaron cuatro comunicaciones de vocaci\u00f3n m\u00e1s de an\u00e1lisis puramente institucional. El primer trabajo fue un estudio en profundidad de las estrategias que siguen los municipios catalanes para la prestaci\u00f3n externalizada de servicios. Sigui\u00f3 un trabajo sobre la apropiaci\u00f3n por parte de las \u00e9lites locales del sistema institucional local en Brasil. Continuando la perspectiva comparada se analiz\u00f3 bajo el prisma dels dise\u00f1o institucional en entornos multinivel la zonificaci\u00f3n educativa en Catalunya y los EUA. Acabamos el grupo de trabajo con una visi\u00f3n sist\u00e9mica de las relaciones cooperativas (est es, en pie de de igualdad) entre gobiernos locales y la Generalitat de Catalunya.<\/p>\n<p>Los principales temas de debate en ambas secciones giraron en torno a cuestiones metodol\u00f3gicas, por un lado, y a temas espec\u00edficos de cada trabajo, por otro. Las l\u00edneas conductoras fueron: el dise\u00f1o institucional, las competencias locales, las dificultades de los gobiernos locales en la prestaci\u00f3n de determinados servicios y la complejidad creciente de las relaciones intergubernamentales en Espa\u00f1a.<\/p>\n<p>Recordamos, adem\u00e1s, que los autores que est\u00e9n interesados tienen la opci\u00f3n de, incorporando los comentarios que se hicieron en el GT, mandar las comunicaciones para su eventual publicaci\u00f3n en los futuros Working Papers del GREL. Para m\u00e1s informaci\u00f3n pod\u00e9is mandar un mail a grel@ub.edu<\/p>\n","protected":false},"excerpt":{"rendered":"<p>Pasados unos d\u00edas de la celebbraci\u00f3n del congreso, nos gustar\u00eda hacer un resumido balance sobre el desarrollo del Grupo de Trabajo. Ante todo, agradecer a los ponentes su disponibilidad y su corresponsabilidad con el desarollo del grupo. No fue f\u00e1cil presentar 11 comunicaciones en tan s\u00f3lo 5 horas. Gracias al esfuerzo de todos en cumplir&hellip;<\/p>\n","protected":false},"author":4,"featured_media":0,"comment_status":"open","ping_status":"open","sticky":false,"template":"","format":"standard","meta":[],"categories":[494],"tags":[],"blog_post_layout_featured_media_urls":{"thumbnail":"","full":""},"categories_names":{"494":{"name":"Uncategorized","link":"https:\/\/www.ub.edu\/grel\/en\/category\/uncategorized\/"}},"tags_names":[],"comments_number":"0","_links":{"self":[{"href":"https:\/\/www.ub.edu\/grel\/wp-json\/wp\/v2\/posts\/43"}],"collection":[{"href":"https:\/\/www.ub.edu\/grel\/wp-json\/wp\/v2\/posts"}],"about":[{"href":"https:\/\/www.ub.edu\/grel\/wp-json\/wp\/v2\/types\/post"}],"author":[{"embeddable":true,"href":"https:\/\/www.ub.edu\/grel\/wp-json\/wp\/v2\/users\/4"}],"replies":[{"embeddable":true,"href":"https:\/\/www.ub.edu\/grel\/wp-json\/wp\/v2\/comments?post=43"}],"version-history":[{"count":0,"href":"https:\/\/www.ub.edu\/grel\/wp-json\/wp\/v2\/posts\/43\/revisions"}],"wp:attachment":[{"href":"https:\/\/www.ub.edu\/grel\/wp-json\/wp\/v2\/media?parent=43"}],"wp:term":[{"taxonomy":"category","embeddable":true,"href":"https:\/\/www.ub.edu\/grel\/wp-json\/wp\/v2\/categories?post=43"},{"taxonomy":"post_tag","embeddable":true,"href":"https:\/\/www.ub.edu\/grel\/wp-json\/wp\/v2\/tags?post=43"}],"curies":[{"name":"wp","href":"https:\/\/api.w.org\/{rel}","templated":true}]}}