{"id":1305,"date":"2014-01-23T08:28:01","date_gmt":"2014-01-23T08:28:01","guid":{"rendered":"http:\/\/www.ub.edu\/grevia\/?p=1305"},"modified":"2023-05-17T13:30:52","modified_gmt":"2023-05-17T13:30:52","slug":"victimitzacio-en-joves-de-proteccio-a-la-infancia-i-ladolescencia-i-de-justicia-juvenil","status":"publish","type":"post","link":"https:\/\/www.ub.edu\/grevia\/victimitzacio-en-joves-de-proteccio-a-la-infancia-i-ladolescencia-i-de-justicia-juvenil\/","title":{"rendered":"Victimitzaci\u00f3 en joves de protecci\u00f3 a la inf\u00e0ncia i l\u2019adolesc\u00e8ncia i de just\u00edcia juvenil."},"content":{"rendered":"\n<p>Pereda, N., Abad, J., &amp; Guilera, G. (2014). V<em>ictimitzaci\u00f3 en joves de protecci\u00f3 a la inf\u00e0ncia i l\u2019adolesc\u00e8ncia i de just\u00edcia juvenil.<\/em> Barcelona: Generalitat de Catalunya. Centre is Jur\u00eddics i Formaci\u00f3 Especialitzada i Direcci\u00f3 General d&#8217;Atenci\u00f3 a la Inf\u00e0ncia i l&#8217;Adolesc\u00e8ncia.&nbsp;<\/p>\n\n\n\n<p><a rel=\"noreferrer noopener\" href=\"http:\/\/cejfe.gencat.cat\/web\/.content\/home\/recerca\/cataleg\/crono\/2014\/victimitzacio_joves_proteccio\/victimitzacioJoves_recerca.pdf\" target=\"_blank\">PDF<\/a><\/p>\n","protected":false},"excerpt":{"rendered":"<p>Pereda, N., Abad, J., &amp; Guilera, G. (2014). Victimitzaci\u00f3 en joves de protecci\u00f3 a la inf\u00e0ncia i l\u2019adolesc\u00e8ncia i de just\u00edcia juvenil. Barcelona: Generalitat de Catalunya. Centre is Jur\u00eddics i Formaci\u00f3 Especialitzada i Direcci\u00f3 General d&#8217;Atenci\u00f3 a la Inf\u00e0ncia i l&#8217;Adolesc\u00e8ncia.&nbsp; PDF<\/p>\n","protected":false},"author":4,"featured_media":0,"comment_status":"closed","ping_status":"closed","sticky":false,"template":"","format":"standard","meta":{"footnotes":""},"categories":[42,39],"tags":[],"_links":{"self":[{"href":"https:\/\/www.ub.edu\/grevia\/wp-json\/wp\/v2\/posts\/1305"}],"collection":[{"href":"https:\/\/www.ub.edu\/grevia\/wp-json\/wp\/v2\/posts"}],"about":[{"href":"https:\/\/www.ub.edu\/grevia\/wp-json\/wp\/v2\/types\/post"}],"author":[{"embeddable":true,"href":"https:\/\/www.ub.edu\/grevia\/wp-json\/wp\/v2\/users\/4"}],"replies":[{"embeddable":true,"href":"https:\/\/www.ub.edu\/grevia\/wp-json\/wp\/v2\/comments?post=1305"}],"version-history":[{"count":4,"href":"https:\/\/www.ub.edu\/grevia\/wp-json\/wp\/v2\/posts\/1305\/revisions"}],"predecessor-version":[{"id":2450,"href":"https:\/\/www.ub.edu\/grevia\/wp-json\/wp\/v2\/posts\/1305\/revisions\/2450"}],"wp:attachment":[{"href":"https:\/\/www.ub.edu\/grevia\/wp-json\/wp\/v2\/media?parent=1305"}],"wp:term":[{"taxonomy":"category","embeddable":true,"href":"https:\/\/www.ub.edu\/grevia\/wp-json\/wp\/v2\/categories?post=1305"},{"taxonomy":"post_tag","embeddable":true,"href":"https:\/\/www.ub.edu\/grevia\/wp-json\/wp\/v2\/tags?post=1305"}],"curies":[{"name":"wp","href":"https:\/\/api.w.org\/{rel}","templated":true}]}}