{"id":1378,"date":"2012-04-24T10:31:56","date_gmt":"2012-04-24T10:31:56","guid":{"rendered":"http:\/\/www.ub.edu\/grevia\/?p=1378"},"modified":"2023-05-17T13:23:57","modified_gmt":"2023-05-17T13:23:57","slug":"una-aproximacion-desde-la-victimologia-del-desarrollo","status":"publish","type":"post","link":"https:\/\/www.ub.edu\/grevia\/una-aproximacion-desde-la-victimologia-del-desarrollo\/","title":{"rendered":"Menores v\u00edctimas del terrorismo: Una aproximaci\u00f3n desde la victimolog\u00eda del desarrollo."},"content":{"rendered":"\n<p>Pereda, N. (2012). Menores V\u00edctimas del Terrorismo: Una Aproximaci\u00f3n desde la Victimolog\u00eda del Desarrollo. <em>Anuario de Psicolog\u00eda Jur\u00eddica, 22,<\/em> 13-24.<\/p>\n\n\n\n<p><a href=\"https:\/\/doi.org\/10.5093\/aj2012a2\" target=\"_blank\" rel=\"noreferrer noopener\">Ver art\u00edculo<\/a><\/p>\n","protected":false},"excerpt":{"rendered":"<p>Pereda, N. (2012). Menores V\u00edctimas del Terrorismo: Una Aproximaci\u00f3n desde la Victimolog\u00eda del Desarrollo. Anuario de Psicolog\u00eda Jur\u00eddica, 22, 13-24. Ver art\u00edculo<\/p>\n","protected":false},"author":4,"featured_media":0,"comment_status":"closed","ping_status":"open","sticky":false,"template":"","format":"standard","meta":{"footnotes":""},"categories":[43,39],"tags":[114,134,63,95,102,166,49],"_links":{"self":[{"href":"https:\/\/www.ub.edu\/grevia\/wp-json\/wp\/v2\/posts\/1378"}],"collection":[{"href":"https:\/\/www.ub.edu\/grevia\/wp-json\/wp\/v2\/posts"}],"about":[{"href":"https:\/\/www.ub.edu\/grevia\/wp-json\/wp\/v2\/types\/post"}],"author":[{"embeddable":true,"href":"https:\/\/www.ub.edu\/grevia\/wp-json\/wp\/v2\/users\/4"}],"replies":[{"embeddable":true,"href":"https:\/\/www.ub.edu\/grevia\/wp-json\/wp\/v2\/comments?post=1378"}],"version-history":[{"count":6,"href":"https:\/\/www.ub.edu\/grevia\/wp-json\/wp\/v2\/posts\/1378\/revisions"}],"predecessor-version":[{"id":2432,"href":"https:\/\/www.ub.edu\/grevia\/wp-json\/wp\/v2\/posts\/1378\/revisions\/2432"}],"wp:attachment":[{"href":"https:\/\/www.ub.edu\/grevia\/wp-json\/wp\/v2\/media?parent=1378"}],"wp:term":[{"taxonomy":"category","embeddable":true,"href":"https:\/\/www.ub.edu\/grevia\/wp-json\/wp\/v2\/categories?post=1378"},{"taxonomy":"post_tag","embeddable":true,"href":"https:\/\/www.ub.edu\/grevia\/wp-json\/wp\/v2\/tags?post=1378"}],"curies":[{"name":"wp","href":"https:\/\/api.w.org\/{rel}","templated":true}]}}