{"id":1698,"date":"2014-08-18T07:46:27","date_gmt":"2014-08-18T07:46:27","guid":{"rendered":"http:\/\/www.ub.edu\/grevia\/?p=1698"},"modified":"2023-05-03T14:23:00","modified_gmt":"2023-05-03T14:23:00","slug":"victimizacion-infanto-juvenil-en-espana-una-revision-sistematica-de-estudios-epidemiologicos","status":"publish","type":"post","link":"https:\/\/www.ub.edu\/grevia\/victimizacion-infanto-juvenil-en-espana-una-revision-sistematica-de-estudios-epidemiologicos\/","title":{"rendered":"Victimizaci\u00f3n infanto-juvenil en Espa\u00f1a: Una revisi\u00f3n sistem\u00e1tica de estudios epidemiol\u00f3gicos."},"content":{"rendered":"\n<p>Pereda, N., Guilera, G., &amp; Abad, J. (2014). Victimization and polyvictimization of Spanish children and youth: Results from a community sample.<em> Child Abuse &amp; Neglect, 38, <\/em>640-649.<\/p>\n\n\n\n<p><a href=\"https:\/\/doi.org\/10.1016\/j.chiabu.2014.01.019\" target=\"_blank\" rel=\"noreferrer noopener\">Ver art\u00edculo<\/a><\/p>\n","protected":false},"excerpt":{"rendered":"<p>Pereda, N., Guilera, G., &amp; Abad, J. (2014). Victimization and polyvictimization of Spanish children and youth: Results from a community sample. Child Abuse &amp; Neglect, 38, 640-649. Ver art\u00edculo<\/p>\n","protected":false},"author":4,"featured_media":0,"comment_status":"closed","ping_status":"closed","sticky":false,"template":"","format":"standard","meta":{"footnotes":""},"categories":[43,39],"tags":[173,134,165,63,164,126,62,274],"_links":{"self":[{"href":"https:\/\/www.ub.edu\/grevia\/wp-json\/wp\/v2\/posts\/1698"}],"collection":[{"href":"https:\/\/www.ub.edu\/grevia\/wp-json\/wp\/v2\/posts"}],"about":[{"href":"https:\/\/www.ub.edu\/grevia\/wp-json\/wp\/v2\/types\/post"}],"author":[{"embeddable":true,"href":"https:\/\/www.ub.edu\/grevia\/wp-json\/wp\/v2\/users\/4"}],"replies":[{"embeddable":true,"href":"https:\/\/www.ub.edu\/grevia\/wp-json\/wp\/v2\/comments?post=1698"}],"version-history":[{"count":3,"href":"https:\/\/www.ub.edu\/grevia\/wp-json\/wp\/v2\/posts\/1698\/revisions"}],"predecessor-version":[{"id":2244,"href":"https:\/\/www.ub.edu\/grevia\/wp-json\/wp\/v2\/posts\/1698\/revisions\/2244"}],"wp:attachment":[{"href":"https:\/\/www.ub.edu\/grevia\/wp-json\/wp\/v2\/media?parent=1698"}],"wp:term":[{"taxonomy":"category","embeddable":true,"href":"https:\/\/www.ub.edu\/grevia\/wp-json\/wp\/v2\/categories?post=1698"},{"taxonomy":"post_tag","embeddable":true,"href":"https:\/\/www.ub.edu\/grevia\/wp-json\/wp\/v2\/tags?post=1698"}],"curies":[{"name":"wp","href":"https:\/\/api.w.org\/{rel}","templated":true}]}}