{"id":2010,"date":"2020-08-31T07:50:26","date_gmt":"2020-08-31T07:50:26","guid":{"rendered":"http:\/\/www.ub.edu\/grevia\/?p=2010"},"modified":"2023-05-17T14:12:19","modified_gmt":"2023-05-17T14:12:19","slug":"abuso-sexual-infantil-por-representantes-de-la-iglesia-catolica-el-caso-chileno","status":"publish","type":"post","link":"https:\/\/www.ub.edu\/grevia\/abuso-sexual-infantil-por-representantes-de-la-iglesia-catolica-el-caso-chileno\/","title":{"rendered":"Abuso sexual infantil por representantes de la iglesia cat\u00f3lica: el caso chileno."},"content":{"rendered":"\n<p>Contreras Taibo, L., Maffioletti Celed\u00f3n, F., &amp; Pereda, N. (2020). Abuso sexual infantil por representantes de la iglesia cat\u00f3lica: el caso chileno. <em>Revista Interamericana de Psicolog\u00eda, 54<\/em>(2), e1315.&nbsp;<\/p>\n\n\n\n<p><a href=\"https:\/\/journal.sipsych.org\/index.php\/IJP\/article\/view\/1315\" target=\"_blank\" rel=\"noreferrer noopener\">Ver art\u00edculo<\/a><\/p>\n","protected":false},"excerpt":{"rendered":"<p>Contreras Taibo, L., Maffioletti Celed\u00f3n, F., &amp; Pereda, N. (2020). Abuso sexual infantil por representantes de la iglesia cat\u00f3lica: el caso chileno. Revista Interamericana de Psicolog\u00eda, 54(2), e1315.&nbsp; Ver art\u00edculo<\/p>\n","protected":false},"author":4,"featured_media":0,"comment_status":"closed","ping_status":"open","sticky":false,"template":"","format":"standard","meta":{"footnotes":""},"categories":[43,39],"tags":[51,176,246,145],"_links":{"self":[{"href":"https:\/\/www.ub.edu\/grevia\/wp-json\/wp\/v2\/posts\/2010"}],"collection":[{"href":"https:\/\/www.ub.edu\/grevia\/wp-json\/wp\/v2\/posts"}],"about":[{"href":"https:\/\/www.ub.edu\/grevia\/wp-json\/wp\/v2\/types\/post"}],"author":[{"embeddable":true,"href":"https:\/\/www.ub.edu\/grevia\/wp-json\/wp\/v2\/users\/4"}],"replies":[{"embeddable":true,"href":"https:\/\/www.ub.edu\/grevia\/wp-json\/wp\/v2\/comments?post=2010"}],"version-history":[{"count":3,"href":"https:\/\/www.ub.edu\/grevia\/wp-json\/wp\/v2\/posts\/2010\/revisions"}],"predecessor-version":[{"id":2559,"href":"https:\/\/www.ub.edu\/grevia\/wp-json\/wp\/v2\/posts\/2010\/revisions\/2559"}],"wp:attachment":[{"href":"https:\/\/www.ub.edu\/grevia\/wp-json\/wp\/v2\/media?parent=2010"}],"wp:term":[{"taxonomy":"category","embeddable":true,"href":"https:\/\/www.ub.edu\/grevia\/wp-json\/wp\/v2\/categories?post=2010"},{"taxonomy":"post_tag","embeddable":true,"href":"https:\/\/www.ub.edu\/grevia\/wp-json\/wp\/v2\/tags?post=2010"}],"curies":[{"name":"wp","href":"https:\/\/api.w.org\/{rel}","templated":true}]}}