 
{"id":3353,"date":"2024-02-08T14:58:44","date_gmt":"2024-02-08T13:58:44","guid":{"rendered":"http:\/\/www.ub.edu\/ibub\/?p=3353"},"modified":"2024-02-08T14:59:47","modified_gmt":"2024-02-08T13:59:47","slug":"3353-2","status":"publish","type":"post","link":"https:\/\/www.ub.edu\/ibub\/3353-2\/","title":{"rendered":"The 3rd Conference of UB Research Institutes addresses scientific and social challenges of artificial intelligence"},"content":{"rendered":"\n<h3 class=\"wp-block-heading\"> <strong>Artificial intelligence (AI) is an avant-garde discipline that  is significantly revolutionizing research in several knowledge fields.  AI is increasingly integrated in many daily life aspects, and it is  regarded as a transforming technology that has become an essential  pillar of the activity of the research institutes at the University of  Barcelona.\u00a0<\/strong> <\/h3>\n\n\n\n<p>The aim of the 3<sup>rd<\/sup> Conference of UB research institutes, under the title <a href=\"https:\/\/www.ub.edu\/portal\/documents\/11964671\/0\/Di%CC%81ptic_IA_esborranyFINAL_MOD_5.pdf\/8c8d2abf-0683-4174-240c-8d1dd2aef0aa\">\u201cInteligencia artificial (IA): Investigaci\u00f3n y sociedad\u201d<\/a>\n (Artificial Intelligence: Research and Society) is to address the \nscientific impact and potential of AI in different areas of science. The\n conference will take place on 13 February, in the <em>Aula Magna<\/em> at the UB\u2019s Historic Building, from 9.00 a.m. to 1.30 p.m. This session will be live-streamed on <a href=\"https:\/\/www.ub.edu\/ubtv\/video\/iii-jornada-instituts-de-recerca-ub-ia-2024\">UBtv<\/a>.\n In the afternoon, sessions will continue after 4.00 p.m., in the \nAuditorium of the Barcelona Centre of Contemporary Culture (CCCB).<\/p>\n\n\n\n<p>The conference will be opened by the Rector, Joan Gu\u00e0rdia, in a \nceremony with the participation of Professor Manel Sanrom\u00e0, president of\n CIVICAi, and Professor Meritxell Sim\u00f3, director of the UB\u2019s Institute \nfor Research on Medieval Cultures (IRCVM).<\/p>\n\n\n\n<p><strong>Artificial intelligence: from biodiversity to cosmology<\/strong> &nbsp;<\/p>\n\n\n\n<p>This meeting is a great space for exploring the current trends and \nfindings in the field of AI. Besides promoting a cross-disciplinary \ndebate and reflection on AI, the forum allows participants to find \ninnovative projects led by UB-specific research institutes that apply \nthis discipline to face complex challenges in research, thus generate \nsignificant advances for society. &nbsp;<\/p>\n\n\n\n<p>Xavier Jarque, director of the UB\u2019s Institute of Mathematics (IMUB),  will chair the session with the participation of Antigoni  Kaliontzopoulou, from the UB\u2019s Biodiversity Research Institute (IRBio),  with the lecture \u201cLagartijas, tortugas y plantas en la lupa de la IA:  aprendizaje autom\u00e1tico en el estudio de la biodiversidad\u201d (Lizards,  turtles and plants under AI\u2019s eye: automatic learning in the study of  biodiversity). <strong>Josep Francesc Abril, from the Institute of Biomedicine  (IBUB)<\/strong>, will focus on \u201cDeus ex machina: Inteligencia Artificial y  Biolog\u00eda Computacional\u201d; Sandra Acosta, from the Institute of  Neurosciences (UBneuro), will give the lecture \u201cVariability vs Phenotype  in brain organoids: AI is the question\u201d; Ra\u00fal Jim\u00e9nez, from the  Institute of Cosmos Sciences (ICCUB), will talk about \u201cCosmolog\u00eda sin  modelos: IA para entender el cosmos y las leyes de la Naturaleza\u201d, and  Jordi Vitri\u00e0, from IMUB, will give the lecture \u201cIA \u2013 de la teor\u00eda a la  pr\u00e1tica\u201d.<\/p>\n\n\n\n<p><strong>Education, archaeology and civil responsibility <\/strong><\/p>\n\n\n\n<p>The session chaired by Maria Pau Sand\u00edn, director of the Research \nInstitute on Education (IRE-UB), will include the participation of \nAlbert Bruix, from the Institute of Theoretical and Computational \nChemistry (IQTCUB), who will give the lecture \u201cData Science y Machine \nLearning: una nueva era para la qu\u00edmica computacional\u00bb and Dimitri \nMarinelli, from the Research Institute of Complex Systems (UBICS), who \nwill talk about \u00abAI from and for complex systems\u00bb.<\/p>\n\n\n\n<p>Cristina Galv\u00e1n, from IRE-UB, will give the lecture \u201cEducaci\u00f3n e \ninteligencia artificial: un di\u00e1logo inspirado por Durkheim\u00bb, and Xavier \nRubio, from the UB\u2019s Institute of Archaeology (IAUB) will give \n\u201cEstableciendo lazos entre pasado y futuro: usos de la IA en la \ninvestigaci\u00f3n arqueol\u00f3gica\u201d. The researchers Filippo Contesi and Patrick\n Connolly, from the Barcelona Institute of Analytical Philosophy (BIAP),\n are the authors of the lecture \u201cThe Ethics and Aesthetics of Writing in\n the Age of AI\u00bb.<\/p>\n\n\n\n<p>S\u00f2nia Estrad\u00e9, from the Institute of Nanoscience and Nanotechnology \n(IN2UB), will talk about \u201cAI for nanoscale spectroscopies\u201d, and Joan \nCalzada, from the Barcelona Economics Analysis Team (BEAT), will comment\n on \u201c\u00bfQui\u00e9n elige lo que leemos? Algoritmos para recomendar noticias\u201d. \nThe first part of the conference will be closed by Eva Andr\u00e9s Aucejo and\n M\u00f3nica Navarro-Michel, from the TransJus Research Institute, who will \ngive the lecture \u201cImplicaciones jur\u00eddicas de la inteligencia artificial:\n regulaci\u00f3n global, derechos de autor y responsabilidad civil\u201d. The \nrector\u2019s delegate for research institutes, Merc\u00e8 Pall\u00e0s, eill close the \nmorning session of the conference.<\/p>\n\n\n\n<p><strong>Visit the CCCB exhibition<\/strong><\/p>\n\n\n\n<p>In the afternoon, the vice-rector for Research, Jordi \nGarcia-Fern\u00e1ndez, and the director of ICCUB, Xavier Luri, together with a\n CCCB representative, will present the last session at the Auditorium of\n the CCCB. It will be brought by Ana Ana L\u00f3pez-Mancisidor, who Will give\n the lecture \u201cAplicaciones cient\u00edficas de la IA generativa en Google\u201d, \nand a visit to the exhibition \u201cIA: Inteligencia Artificial\u201d, in this \ncultural and exhibition space.<\/p>\n\n\n\n<p>The 3<sup>rd<\/sup> Conference of the UB Research Institutes is  promoted by an organising committee made up of experts Miquel \u00c0ngel  Arnedo, director of IRBio; Miguel \u00c1ngel Cau, director of IAUB; Albert  D\u00edaz-Guilera, director of UBICS; Xavier Jarque (IMUB); Antigoni  Kaliontzopoulou; Xavier Luri (ICCUB); Maria Pau Sand\u00edn (IRE-UB); <strong>Mar\u00e7al  Pastor Anglada, director of IBUB<\/strong>, and Eliseo Ruiz, director of IQTC.<\/p>\n\n\n\n<p>UB News [<a href=\"https:\/\/web.ub.edu\/en\/web\/actualitat\/w\/the-3rd-conference-ub-research-institutes-artificial-intelligence\">+]<\/a><\/p>\n","protected":false},"excerpt":{"rendered":"<p>Artificial intelligence (AI) is an avant-garde discipline that is significantly revolutionizing research in several knowledge fields. AI is increasingly integrated in many daily life aspects, and it is regarded as a transforming technology that has become an essential pillar of the activity of the research institutes at the University of Barcelona.\u00a0 The aim of the &#8230; <a title=\"The 3rd Conference of UB Research Institutes addresses scientific and social challenges of artificial intelligence\" class=\"read-more\" href=\"https:\/\/www.ub.edu\/ibub\/3353-2\/\" aria-label=\"More on The 3rd Conference of UB Research Institutes addresses scientific and social challenges of artificial intelligence\">Read more<\/a><\/p>\n","protected":false},"author":4,"featured_media":3354,"comment_status":"closed","ping_status":"closed","sticky":false,"template":"","format":"standard","meta":{"_acf_changed":false,"footnotes":""},"categories":[3],"tags":[],"class_list":["post-3353","post","type-post","status-publish","format-standard","has-post-thumbnail","hentry","category-news"],"acf":[],"yoast_head":"<!-- This site is optimized with the Yoast SEO plugin v24.5 - https:\/\/yoast.com\/wordpress\/plugins\/seo\/ -->\n<title>The 3rd Conference of UB Research Institutes addresses scientific and social challenges of artificial intelligence - IBUB - Institut de Biomedicina de la Universitat de Barcelona<\/title>\n<meta name=\"robots\" content=\"index, follow, max-snippet:-1, max-image-preview:large, max-video-preview:-1\" \/>\n<link rel=\"canonical\" href=\"https:\/\/www.ub.edu\/ibub\/3353-2\/\" \/>\n<meta property=\"og:locale\" content=\"en_US\" \/>\n<meta property=\"og:type\" content=\"article\" \/>\n<meta property=\"og:title\" content=\"The 3rd Conference of UB Research Institutes addresses scientific and social challenges of artificial intelligence - IBUB - Institut de Biomedicina de la Universitat de Barcelona\" \/>\n<meta property=\"og:description\" content=\"Artificial intelligence (AI) is an avant-garde discipline that is significantly revolutionizing research in several knowledge fields. AI is increasingly integrated in many daily life aspects, and it is regarded as a transforming technology that has become an essential pillar of the activity of the research institutes at the University of Barcelona.\u00a0 The aim of the ... Read more\" \/>\n<meta property=\"og:url\" content=\"https:\/\/www.ub.edu\/ibub\/3353-2\/\" \/>\n<meta property=\"og:site_name\" content=\"IBUB - Institut de Biomedicina de la Universitat de Barcelona\" \/>\n<meta property=\"article:published_time\" content=\"2024-02-08T13:58:44+00:00\" \/>\n<meta property=\"article:modified_time\" content=\"2024-02-08T13:59:47+00:00\" \/>\n<meta property=\"og:image\" content=\"https:\/\/www.ub.edu\/ibub\/wp-content\/uploads\/2024\/02\/2024-Jornada-Instituts.jpg\" \/>\n\t<meta property=\"og:image:width\" content=\"720\" \/>\n\t<meta property=\"og:image:height\" content=\"405\" \/>\n\t<meta property=\"og:image:type\" content=\"image\/jpeg\" \/>\n<meta name=\"author\" content=\"Gemma Moreno\" \/>\n<meta name=\"twitter:card\" content=\"summary_large_image\" \/>\n<meta name=\"twitter:label1\" content=\"Written by\" \/>\n\t<meta name=\"twitter:data1\" content=\"Gemma Moreno\" \/>\n\t<meta name=\"twitter:label2\" content=\"Est. reading time\" \/>\n\t<meta name=\"twitter:data2\" content=\"4 minutes\" \/>\n<script type=\"application\/ld+json\" class=\"yoast-schema-graph\">{\"@context\":\"https:\/\/schema.org\",\"@graph\":[{\"@type\":\"Article\",\"@id\":\"https:\/\/www.ub.edu\/ibub\/3353-2\/#article\",\"isPartOf\":{\"@id\":\"https:\/\/www.ub.edu\/ibub\/3353-2\/\"},\"author\":{\"name\":\"Gemma Moreno\",\"@id\":\"https:\/\/www.ub.edu\/ibub\/#\/schema\/person\/1e905dafb6122451cd7f6fd935a8e82c\"},\"headline\":\"The 3rd Conference of UB Research Institutes addresses scientific and social challenges of artificial intelligence\",\"datePublished\":\"2024-02-08T13:58:44+00:00\",\"dateModified\":\"2024-02-08T13:59:47+00:00\",\"mainEntityOfPage\":{\"@id\":\"https:\/\/www.ub.edu\/ibub\/3353-2\/\"},\"wordCount\":816,\"publisher\":{\"@id\":\"https:\/\/www.ub.edu\/ibub\/#organization\"},\"image\":{\"@id\":\"https:\/\/www.ub.edu\/ibub\/3353-2\/#primaryimage\"},\"thumbnailUrl\":\"https:\/\/www.ub.edu\/ibub\/wp-content\/uploads\/2024\/02\/2024-Jornada-Instituts.jpg\",\"articleSection\":[\"News\"],\"inLanguage\":\"en-US\"},{\"@type\":\"WebPage\",\"@id\":\"https:\/\/www.ub.edu\/ibub\/3353-2\/\",\"url\":\"https:\/\/www.ub.edu\/ibub\/3353-2\/\",\"name\":\"The 3rd Conference of UB Research Institutes addresses scientific and social challenges of artificial intelligence - IBUB - Institut de Biomedicina de la Universitat de Barcelona\",\"isPartOf\":{\"@id\":\"https:\/\/www.ub.edu\/ibub\/#website\"},\"primaryImageOfPage\":{\"@id\":\"https:\/\/www.ub.edu\/ibub\/3353-2\/#primaryimage\"},\"image\":{\"@id\":\"https:\/\/www.ub.edu\/ibub\/3353-2\/#primaryimage\"},\"thumbnailUrl\":\"https:\/\/www.ub.edu\/ibub\/wp-content\/uploads\/2024\/02\/2024-Jornada-Instituts.jpg\",\"datePublished\":\"2024-02-08T13:58:44+00:00\",\"dateModified\":\"2024-02-08T13:59:47+00:00\",\"breadcrumb\":{\"@id\":\"https:\/\/www.ub.edu\/ibub\/3353-2\/#breadcrumb\"},\"inLanguage\":\"en-US\",\"potentialAction\":[{\"@type\":\"ReadAction\",\"target\":[\"https:\/\/www.ub.edu\/ibub\/3353-2\/\"]}]},{\"@type\":\"ImageObject\",\"inLanguage\":\"en-US\",\"@id\":\"https:\/\/www.ub.edu\/ibub\/3353-2\/#primaryimage\",\"url\":\"https:\/\/www.ub.edu\/ibub\/wp-content\/uploads\/2024\/02\/2024-Jornada-Instituts.jpg\",\"contentUrl\":\"https:\/\/www.ub.edu\/ibub\/wp-content\/uploads\/2024\/02\/2024-Jornada-Instituts.jpg\",\"width\":720,\"height\":405},{\"@type\":\"BreadcrumbList\",\"@id\":\"https:\/\/www.ub.edu\/ibub\/3353-2\/#breadcrumb\",\"itemListElement\":[{\"@type\":\"ListItem\",\"position\":1,\"name\":\"Home\",\"item\":\"https:\/\/www.ub.edu\/ibub\/\"},{\"@type\":\"ListItem\",\"position\":2,\"name\":\"The 3rd Conference of UB Research Institutes addresses scientific and social challenges of artificial intelligence\"}]},{\"@type\":\"WebSite\",\"@id\":\"https:\/\/www.ub.edu\/ibub\/#website\",\"url\":\"https:\/\/www.ub.edu\/ibub\/\",\"name\":\"IBUB - Institut de Biomedicina de la Universitat de Barcelona\",\"description\":\"\",\"publisher\":{\"@id\":\"https:\/\/www.ub.edu\/ibub\/#organization\"},\"potentialAction\":[{\"@type\":\"SearchAction\",\"target\":{\"@type\":\"EntryPoint\",\"urlTemplate\":\"https:\/\/www.ub.edu\/ibub\/?s={search_term_string}\"},\"query-input\":{\"@type\":\"PropertyValueSpecification\",\"valueRequired\":true,\"valueName\":\"search_term_string\"}}],\"inLanguage\":\"en-US\"},{\"@type\":\"Organization\",\"@id\":\"https:\/\/www.ub.edu\/ibub\/#organization\",\"name\":\"IBUB - Institut de Biomedicina de la Universitat de Barcelona\",\"url\":\"https:\/\/www.ub.edu\/ibub\/\",\"logo\":{\"@type\":\"ImageObject\",\"inLanguage\":\"en-US\",\"@id\":\"https:\/\/www.ub.edu\/ibub\/#\/schema\/logo\/image\/\",\"url\":\"https:\/\/www.ub.edu\/ibub\/wp-content\/uploads\/2019\/04\/logo-ibub-blanco.png\",\"contentUrl\":\"https:\/\/www.ub.edu\/ibub\/wp-content\/uploads\/2019\/04\/logo-ibub-blanco.png\",\"width\":600,\"height\":159,\"caption\":\"IBUB - Institut de Biomedicina de la Universitat de Barcelona\"},\"image\":{\"@id\":\"https:\/\/www.ub.edu\/ibub\/#\/schema\/logo\/image\/\"}},{\"@type\":\"Person\",\"@id\":\"https:\/\/www.ub.edu\/ibub\/#\/schema\/person\/1e905dafb6122451cd7f6fd935a8e82c\",\"name\":\"Gemma Moreno\",\"image\":{\"@type\":\"ImageObject\",\"inLanguage\":\"en-US\",\"@id\":\"https:\/\/www.ub.edu\/ibub\/#\/schema\/person\/image\/\",\"url\":\"https:\/\/secure.gravatar.com\/avatar\/2e0132ec73507b5d5e007e344709474d6de924fe4b31c641358241c837a66796?s=96&d=mm&r=g\",\"contentUrl\":\"https:\/\/secure.gravatar.com\/avatar\/2e0132ec73507b5d5e007e344709474d6de924fe4b31c641358241c837a66796?s=96&d=mm&r=g\",\"caption\":\"Gemma Moreno\"}}]}<\/script>\n<!-- \/ Yoast SEO plugin. -->","yoast_head_json":{"title":"The 3rd Conference of UB Research Institutes addresses scientific and social challenges of artificial intelligence - IBUB - Institut de Biomedicina de la Universitat de Barcelona","robots":{"index":"index","follow":"follow","max-snippet":"max-snippet:-1","max-image-preview":"max-image-preview:large","max-video-preview":"max-video-preview:-1"},"canonical":"https:\/\/www.ub.edu\/ibub\/3353-2\/","og_locale":"en_US","og_type":"article","og_title":"The 3rd Conference of UB Research Institutes addresses scientific and social challenges of artificial intelligence - IBUB - Institut de Biomedicina de la Universitat de Barcelona","og_description":"Artificial intelligence (AI) is an avant-garde discipline that is significantly revolutionizing research in several knowledge fields. AI is increasingly integrated in many daily life aspects, and it is regarded as a transforming technology that has become an essential pillar of the activity of the research institutes at the University of Barcelona.\u00a0 The aim of the ... Read more","og_url":"https:\/\/www.ub.edu\/ibub\/3353-2\/","og_site_name":"IBUB - Institut de Biomedicina de la Universitat de Barcelona","article_published_time":"2024-02-08T13:58:44+00:00","article_modified_time":"2024-02-08T13:59:47+00:00","og_image":[{"width":720,"height":405,"url":"https:\/\/www.ub.edu\/ibub\/wp-content\/uploads\/2024\/02\/2024-Jornada-Instituts.jpg","type":"image\/jpeg"}],"author":"Gemma Moreno","twitter_card":"summary_large_image","twitter_misc":{"Written by":"Gemma Moreno","Est. reading time":"4 minutes"},"schema":{"@context":"https:\/\/schema.org","@graph":[{"@type":"Article","@id":"https:\/\/www.ub.edu\/ibub\/3353-2\/#article","isPartOf":{"@id":"https:\/\/www.ub.edu\/ibub\/3353-2\/"},"author":{"name":"Gemma Moreno","@id":"https:\/\/www.ub.edu\/ibub\/#\/schema\/person\/1e905dafb6122451cd7f6fd935a8e82c"},"headline":"The 3rd Conference of UB Research Institutes addresses scientific and social challenges of artificial intelligence","datePublished":"2024-02-08T13:58:44+00:00","dateModified":"2024-02-08T13:59:47+00:00","mainEntityOfPage":{"@id":"https:\/\/www.ub.edu\/ibub\/3353-2\/"},"wordCount":816,"publisher":{"@id":"https:\/\/www.ub.edu\/ibub\/#organization"},"image":{"@id":"https:\/\/www.ub.edu\/ibub\/3353-2\/#primaryimage"},"thumbnailUrl":"https:\/\/www.ub.edu\/ibub\/wp-content\/uploads\/2024\/02\/2024-Jornada-Instituts.jpg","articleSection":["News"],"inLanguage":"en-US"},{"@type":"WebPage","@id":"https:\/\/www.ub.edu\/ibub\/3353-2\/","url":"https:\/\/www.ub.edu\/ibub\/3353-2\/","name":"The 3rd Conference of UB Research Institutes addresses scientific and social challenges of artificial intelligence - IBUB - Institut de Biomedicina de la Universitat de Barcelona","isPartOf":{"@id":"https:\/\/www.ub.edu\/ibub\/#website"},"primaryImageOfPage":{"@id":"https:\/\/www.ub.edu\/ibub\/3353-2\/#primaryimage"},"image":{"@id":"https:\/\/www.ub.edu\/ibub\/3353-2\/#primaryimage"},"thumbnailUrl":"https:\/\/www.ub.edu\/ibub\/wp-content\/uploads\/2024\/02\/2024-Jornada-Instituts.jpg","datePublished":"2024-02-08T13:58:44+00:00","dateModified":"2024-02-08T13:59:47+00:00","breadcrumb":{"@id":"https:\/\/www.ub.edu\/ibub\/3353-2\/#breadcrumb"},"inLanguage":"en-US","potentialAction":[{"@type":"ReadAction","target":["https:\/\/www.ub.edu\/ibub\/3353-2\/"]}]},{"@type":"ImageObject","inLanguage":"en-US","@id":"https:\/\/www.ub.edu\/ibub\/3353-2\/#primaryimage","url":"https:\/\/www.ub.edu\/ibub\/wp-content\/uploads\/2024\/02\/2024-Jornada-Instituts.jpg","contentUrl":"https:\/\/www.ub.edu\/ibub\/wp-content\/uploads\/2024\/02\/2024-Jornada-Instituts.jpg","width":720,"height":405},{"@type":"BreadcrumbList","@id":"https:\/\/www.ub.edu\/ibub\/3353-2\/#breadcrumb","itemListElement":[{"@type":"ListItem","position":1,"name":"Home","item":"https:\/\/www.ub.edu\/ibub\/"},{"@type":"ListItem","position":2,"name":"The 3rd Conference of UB Research Institutes addresses scientific and social challenges of artificial intelligence"}]},{"@type":"WebSite","@id":"https:\/\/www.ub.edu\/ibub\/#website","url":"https:\/\/www.ub.edu\/ibub\/","name":"IBUB - Institut de Biomedicina de la Universitat de Barcelona","description":"","publisher":{"@id":"https:\/\/www.ub.edu\/ibub\/#organization"},"potentialAction":[{"@type":"SearchAction","target":{"@type":"EntryPoint","urlTemplate":"https:\/\/www.ub.edu\/ibub\/?s={search_term_string}"},"query-input":{"@type":"PropertyValueSpecification","valueRequired":true,"valueName":"search_term_string"}}],"inLanguage":"en-US"},{"@type":"Organization","@id":"https:\/\/www.ub.edu\/ibub\/#organization","name":"IBUB - Institut de Biomedicina de la Universitat de Barcelona","url":"https:\/\/www.ub.edu\/ibub\/","logo":{"@type":"ImageObject","inLanguage":"en-US","@id":"https:\/\/www.ub.edu\/ibub\/#\/schema\/logo\/image\/","url":"https:\/\/www.ub.edu\/ibub\/wp-content\/uploads\/2019\/04\/logo-ibub-blanco.png","contentUrl":"https:\/\/www.ub.edu\/ibub\/wp-content\/uploads\/2019\/04\/logo-ibub-blanco.png","width":600,"height":159,"caption":"IBUB - Institut de Biomedicina de la Universitat de Barcelona"},"image":{"@id":"https:\/\/www.ub.edu\/ibub\/#\/schema\/logo\/image\/"}},{"@type":"Person","@id":"https:\/\/www.ub.edu\/ibub\/#\/schema\/person\/1e905dafb6122451cd7f6fd935a8e82c","name":"Gemma Moreno","image":{"@type":"ImageObject","inLanguage":"en-US","@id":"https:\/\/www.ub.edu\/ibub\/#\/schema\/person\/image\/","url":"https:\/\/secure.gravatar.com\/avatar\/2e0132ec73507b5d5e007e344709474d6de924fe4b31c641358241c837a66796?s=96&d=mm&r=g","contentUrl":"https:\/\/secure.gravatar.com\/avatar\/2e0132ec73507b5d5e007e344709474d6de924fe4b31c641358241c837a66796?s=96&d=mm&r=g","caption":"Gemma Moreno"}}]}},"_links":{"self":[{"href":"https:\/\/www.ub.edu\/ibub\/wp-json\/wp\/v2\/posts\/3353","targetHints":{"allow":["GET"]}}],"collection":[{"href":"https:\/\/www.ub.edu\/ibub\/wp-json\/wp\/v2\/posts"}],"about":[{"href":"https:\/\/www.ub.edu\/ibub\/wp-json\/wp\/v2\/types\/post"}],"author":[{"embeddable":true,"href":"https:\/\/www.ub.edu\/ibub\/wp-json\/wp\/v2\/users\/4"}],"replies":[{"embeddable":true,"href":"https:\/\/www.ub.edu\/ibub\/wp-json\/wp\/v2\/comments?post=3353"}],"version-history":[{"count":0,"href":"https:\/\/www.ub.edu\/ibub\/wp-json\/wp\/v2\/posts\/3353\/revisions"}],"wp:featuredmedia":[{"embeddable":true,"href":"https:\/\/www.ub.edu\/ibub\/wp-json\/wp\/v2\/media\/3354"}],"wp:attachment":[{"href":"https:\/\/www.ub.edu\/ibub\/wp-json\/wp\/v2\/media?parent=3353"}],"wp:term":[{"taxonomy":"category","embeddable":true,"href":"https:\/\/www.ub.edu\/ibub\/wp-json\/wp\/v2\/categories?post=3353"},{"taxonomy":"post_tag","embeddable":true,"href":"https:\/\/www.ub.edu\/ibub\/wp-json\/wp\/v2\/tags?post=3353"}],"curies":[{"name":"wp","href":"https:\/\/api.w.org\/{rel}","templated":true}]}}