{"id":5643,"date":"2018-02-09T12:30:38","date_gmt":"2018-02-09T11:30:38","guid":{"rendered":"http:\/\/www.ub.edu\/imarte\/temporalitats-en-les-humanitats-digitals\/"},"modified":"2019-12-13T00:14:24","modified_gmt":"2019-12-12T23:14:24","slug":"temporalitats-en-les-humanitats-digitals","status":"publish","type":"post","link":"https:\/\/www.ub.edu\/imarte\/es\/temporalitats-en-les-humanitats-digitals\/","title":{"rendered":"TEMPORALIDADES EN LAS HUMANIDADES DIGITALES"},"content":{"rendered":"<div id=\"pl-5643\"  class=\"panel-layout\" ><div id=\"pg-5643-0\"  class=\"panel-grid panel-no-style\" ><div id=\"pgc-5643-0-0\"  class=\"panel-grid-cell\" ><div id=\"panel-5643-0-0-0\" class=\"so-panel widget widget_imartew_image panel-first-child\" data-index=\"0\" ><div\n\t\t\t\n\t\t\tclass=\"so-widget-imartew_image so-widget-imartew_image-default-d75171398898-5643\"\n\t\t\t\n\t\t><figure class='imarte-image'><img loading=\"lazy\" decoding=\"async\" width=\"595\" height=\"842\" src=\"https:\/\/www.ub.edu\/imarte\/nouwp4812017\/wp-content\/uploads\/2018\/04\/csm_Temporalidad_en_las_humanidades_digitales_3e651ef197.jpg\" class=\"attachment-full size-full wp-post-image\" alt=\"\" srcset=\"https:\/\/www.ub.edu\/imarte\/nouwp4812017\/wp-content\/uploads\/2018\/04\/csm_Temporalidad_en_las_humanidades_digitales_3e651ef197.jpg 595w, https:\/\/www.ub.edu\/imarte\/nouwp4812017\/wp-content\/uploads\/2018\/04\/csm_Temporalidad_en_las_humanidades_digitales_3e651ef197-212x300.jpg 212w\" sizes=\"(max-width: 595px) 100vw, 595px\" \/><\/figure><\/div><\/div><div id=\"panel-5643-0-0-1\" class=\"so-panel widget widget_sow-editor panel-last-child\" data-index=\"1\" ><div\n\t\t\t\n\t\t\tclass=\"so-widget-sow-editor so-widget-sow-editor-base\"\n\t\t\t\n\t\t>\n<div class=\"siteorigin-widget-tinymce textwidget\">\n\t<p><strong><span style=\"color: #ff00ff;\">11\/16<\/span><\/strong><\/p>\n<p>Estas jornadas surgen de las relaciones internacionales del programa Merim\u00e9e, en el marco del convenio firmado entre la Universidad de Barcelona y la Universit\u00e9 Rennes 2 Haute Bretagne, con el objetivo de efectuar cotutelas que permitan la movilidad de estudiantes de doctorado entre ambas universidades. Planteamos a su vez impulsar v\u00ednculos que permitan crear redes e intercambiar conocimiento sobre la investigaci\u00f3n art\u00edstica.<\/p>\n<p>En las intervenciones presentar\u00e1n sus conferencias la Dra. Casa Boivin y el Dr. Nicolas Th\u00e9ly, a su vez los doctorandos St\u00e9phane Le Mercier, Alexandre Dupont, L\u00faa Coderch, Ainara Elgoibar, expondr\u00e1n su proyecto de investigaci\u00f3n en el desarrollo de su Tesis.<\/p>\n<p>Equipo organizador: Alejandra L\u00f3pez Gabrielidis, Nicolas Th\u00e9ly, Antonia Vil\u00e0 y Alicia Vela<\/p>\n<p><a href=\"https:\/\/www.ub.edu\/imarte\/nouwp4812017\/wp-content\/uploads\/2018\/04\/Programa-Completo.-Temporalidad_en_las_humanidades_digitales.pdf\">Programa Completo. Temporalidad_en_las_humanidades_digitales<\/a><\/p>\n<\/div>\n<\/div><\/div><\/div><\/div><\/div>","protected":false},"excerpt":{"rendered":"<p>11\/16 Estas jornadas surgen de las relaciones internacionales del programa Merim\u00e9e, en el marco del convenio firmado entre la Universidad de Barcelona y la Universit\u00e9 Rennes 2 Haute Bretagne, con el objetivo de efectuar cotutelas que permitan la movilidad de estudiantes de doctorado entre ambas universidades. Planteamos a su vez impulsar v\u00ednculos que permitan crear &hellip; <a href=\"https:\/\/www.ub.edu\/imarte\/es\/temporalitats-en-les-humanitats-digitals\/\">Continued<\/a><\/p>\n","protected":false},"author":2,"featured_media":5647,"comment_status":"closed","ping_status":"closed","sticky":false,"template":"","format":"standard","meta":{"_acf_changed":false,"inline_featured_image":false,"footnotes":""},"categories":[23],"tags":[],"class_list":["post-5643","post","type-post","status-publish","format-standard","has-post-thumbnail","hentry","category-simposios-congresos"," cat-4"],"acf":[],"yoast_head":"<!-- This site is optimized with the Yoast SEO plugin v23.8 - https:\/\/yoast.com\/wordpress\/plugins\/seo\/ -->\n<title>TEMPORALIDADES EN LAS HUMANIDADES DIGITALES | Imarte<\/title>\n<meta name=\"robots\" content=\"index, follow, max-snippet:-1, max-image-preview:large, max-video-preview:-1\" \/>\n<link rel=\"canonical\" href=\"https:\/\/www.ub.edu\/imarte\/es\/temporalitats-en-les-humanitats-digitals\/\" \/>\n<meta property=\"og:locale\" content=\"es_ES\" \/>\n<meta property=\"og:type\" content=\"article\" \/>\n<meta property=\"og:title\" content=\"TEMPORALIDADES EN LAS HUMANIDADES DIGITALES | Imarte\" \/>\n<meta property=\"og:description\" content=\"11\/16 Estas jornadas surgen de las relaciones internacionales del programa Merim\u00e9e, en el marco del convenio firmado entre la Universidad de Barcelona y la Universit\u00e9 Rennes 2 Haute Bretagne, con el objetivo de efectuar cotutelas que permitan la movilidad de estudiantes de doctorado entre ambas universidades. Planteamos a su vez impulsar v\u00ednculos que permitan crear &hellip; Continued\" \/>\n<meta property=\"og:url\" content=\"https:\/\/www.ub.edu\/imarte\/es\/temporalitats-en-les-humanitats-digitals\/\" \/>\n<meta property=\"og:site_name\" content=\"Imarte\" \/>\n<meta property=\"article:published_time\" content=\"2018-02-09T11:30:38+00:00\" \/>\n<meta property=\"article:modified_time\" content=\"2019-12-12T23:14:24+00:00\" \/>\n<meta property=\"og:image\" content=\"https:\/\/www.ub.edu\/imarte\/nouwp4812017\/wp-content\/uploads\/2018\/04\/csm_Temporalidad_en_las_humanidades_digitales_3e651ef197.jpg\" \/>\n\t<meta property=\"og:image:width\" content=\"595\" \/>\n\t<meta property=\"og:image:height\" content=\"842\" \/>\n\t<meta property=\"og:image:type\" content=\"image\/jpeg\" \/>\n<meta name=\"author\" content=\"imarte\" \/>\n<meta name=\"twitter:card\" content=\"summary_large_image\" \/>\n<meta name=\"twitter:label1\" content=\"Escrito por\" \/>\n\t<meta name=\"twitter:data1\" content=\"imarte\" \/>\n\t<meta name=\"twitter:label2\" content=\"Tiempo de lectura\" \/>\n\t<meta name=\"twitter:data2\" content=\"1 minuto\" \/>\n<script type=\"application\/ld+json\" class=\"yoast-schema-graph\">{\"@context\":\"https:\/\/schema.org\",\"@graph\":[{\"@type\":\"WebPage\",\"@id\":\"https:\/\/www.ub.edu\/imarte\/es\/temporalitats-en-les-humanitats-digitals\/\",\"url\":\"https:\/\/www.ub.edu\/imarte\/es\/temporalitats-en-les-humanitats-digitals\/\",\"name\":\"TEMPORALIDADES EN LAS HUMANIDADES DIGITALES | Imarte\",\"isPartOf\":{\"@id\":\"https:\/\/www.ub.edu\/imarte\/es\/#website\"},\"primaryImageOfPage\":{\"@id\":\"https:\/\/www.ub.edu\/imarte\/es\/temporalitats-en-les-humanitats-digitals\/#primaryimage\"},\"image\":{\"@id\":\"https:\/\/www.ub.edu\/imarte\/es\/temporalitats-en-les-humanitats-digitals\/#primaryimage\"},\"thumbnailUrl\":\"https:\/\/www.ub.edu\/imarte\/nouwp4812017\/wp-content\/uploads\/2018\/04\/csm_Temporalidad_en_las_humanidades_digitales_3e651ef197.jpg\",\"datePublished\":\"2018-02-09T11:30:38+00:00\",\"dateModified\":\"2019-12-12T23:14:24+00:00\",\"author\":{\"@id\":\"https:\/\/www.ub.edu\/imarte\/es\/#\/schema\/person\/547dd1f883f84dce36c6f5e94ffeda43\"},\"breadcrumb\":{\"@id\":\"https:\/\/www.ub.edu\/imarte\/es\/temporalitats-en-les-humanitats-digitals\/#breadcrumb\"},\"inLanguage\":\"es\",\"potentialAction\":[{\"@type\":\"ReadAction\",\"target\":[\"https:\/\/www.ub.edu\/imarte\/es\/temporalitats-en-les-humanitats-digitals\/\"]}]},{\"@type\":\"ImageObject\",\"inLanguage\":\"es\",\"@id\":\"https:\/\/www.ub.edu\/imarte\/es\/temporalitats-en-les-humanitats-digitals\/#primaryimage\",\"url\":\"https:\/\/www.ub.edu\/imarte\/nouwp4812017\/wp-content\/uploads\/2018\/04\/csm_Temporalidad_en_las_humanidades_digitales_3e651ef197.jpg\",\"contentUrl\":\"https:\/\/www.ub.edu\/imarte\/nouwp4812017\/wp-content\/uploads\/2018\/04\/csm_Temporalidad_en_las_humanidades_digitales_3e651ef197.jpg\",\"width\":595,\"height\":842},{\"@type\":\"BreadcrumbList\",\"@id\":\"https:\/\/www.ub.edu\/imarte\/es\/temporalitats-en-les-humanitats-digitals\/#breadcrumb\",\"itemListElement\":[{\"@type\":\"ListItem\",\"position\":1,\"name\":\"Home\",\"item\":\"https:\/\/www.ub.edu\/imarte\/es\/\"},{\"@type\":\"ListItem\",\"position\":2,\"name\":\"Simposios\/Congresos\",\"item\":\"https:\/\/www.ub.edu\/imarte\/es\/category\/simposios-congresos\/\"},{\"@type\":\"ListItem\",\"position\":3,\"name\":\"TEMPORALIDADES EN LAS HUMANIDADES DIGITALES\"}]},{\"@type\":\"WebSite\",\"@id\":\"https:\/\/www.ub.edu\/imarte\/es\/#website\",\"url\":\"https:\/\/www.ub.edu\/imarte\/es\/\",\"name\":\"Imarte\",\"description\":\"Grupo de investigaci\u00f3n, arte, ciencia i tecnolog\u00eda.\",\"potentialAction\":[{\"@type\":\"SearchAction\",\"target\":{\"@type\":\"EntryPoint\",\"urlTemplate\":\"https:\/\/www.ub.edu\/imarte\/es\/?s={search_term_string}\"},\"query-input\":{\"@type\":\"PropertyValueSpecification\",\"valueRequired\":true,\"valueName\":\"search_term_string\"}}],\"inLanguage\":\"es\"},{\"@type\":\"Person\",\"@id\":\"https:\/\/www.ub.edu\/imarte\/es\/#\/schema\/person\/547dd1f883f84dce36c6f5e94ffeda43\",\"name\":\"imarte\",\"image\":{\"@type\":\"ImageObject\",\"inLanguage\":\"es\",\"@id\":\"https:\/\/www.ub.edu\/imarte\/es\/#\/schema\/person\/image\/\",\"url\":\"https:\/\/secure.gravatar.com\/avatar\/6c7f9cf77382ea64a2af664e9eb3a668?s=96&d=mm&r=g\",\"contentUrl\":\"https:\/\/secure.gravatar.com\/avatar\/6c7f9cf77382ea64a2af664e9eb3a668?s=96&d=mm&r=g\",\"caption\":\"imarte\"}}]}<\/script>\n<!-- \/ Yoast SEO plugin. -->","yoast_head_json":{"title":"TEMPORALIDADES EN LAS HUMANIDADES DIGITALES | Imarte","robots":{"index":"index","follow":"follow","max-snippet":"max-snippet:-1","max-image-preview":"max-image-preview:large","max-video-preview":"max-video-preview:-1"},"canonical":"https:\/\/www.ub.edu\/imarte\/es\/temporalitats-en-les-humanitats-digitals\/","og_locale":"es_ES","og_type":"article","og_title":"TEMPORALIDADES EN LAS HUMANIDADES DIGITALES | Imarte","og_description":"11\/16 Estas jornadas surgen de las relaciones internacionales del programa Merim\u00e9e, en el marco del convenio firmado entre la Universidad de Barcelona y la Universit\u00e9 Rennes 2 Haute Bretagne, con el objetivo de efectuar cotutelas que permitan la movilidad de estudiantes de doctorado entre ambas universidades. Planteamos a su vez impulsar v\u00ednculos que permitan crear &hellip; Continued","og_url":"https:\/\/www.ub.edu\/imarte\/es\/temporalitats-en-les-humanitats-digitals\/","og_site_name":"Imarte","article_published_time":"2018-02-09T11:30:38+00:00","article_modified_time":"2019-12-12T23:14:24+00:00","og_image":[{"width":595,"height":842,"url":"https:\/\/www.ub.edu\/imarte\/nouwp4812017\/wp-content\/uploads\/2018\/04\/csm_Temporalidad_en_las_humanidades_digitales_3e651ef197.jpg","type":"image\/jpeg"}],"author":"imarte","twitter_card":"summary_large_image","twitter_misc":{"Escrito por":"imarte","Tiempo de lectura":"1 minuto"},"schema":{"@context":"https:\/\/schema.org","@graph":[{"@type":"WebPage","@id":"https:\/\/www.ub.edu\/imarte\/es\/temporalitats-en-les-humanitats-digitals\/","url":"https:\/\/www.ub.edu\/imarte\/es\/temporalitats-en-les-humanitats-digitals\/","name":"TEMPORALIDADES EN LAS HUMANIDADES DIGITALES | Imarte","isPartOf":{"@id":"https:\/\/www.ub.edu\/imarte\/es\/#website"},"primaryImageOfPage":{"@id":"https:\/\/www.ub.edu\/imarte\/es\/temporalitats-en-les-humanitats-digitals\/#primaryimage"},"image":{"@id":"https:\/\/www.ub.edu\/imarte\/es\/temporalitats-en-les-humanitats-digitals\/#primaryimage"},"thumbnailUrl":"https:\/\/www.ub.edu\/imarte\/nouwp4812017\/wp-content\/uploads\/2018\/04\/csm_Temporalidad_en_las_humanidades_digitales_3e651ef197.jpg","datePublished":"2018-02-09T11:30:38+00:00","dateModified":"2019-12-12T23:14:24+00:00","author":{"@id":"https:\/\/www.ub.edu\/imarte\/es\/#\/schema\/person\/547dd1f883f84dce36c6f5e94ffeda43"},"breadcrumb":{"@id":"https:\/\/www.ub.edu\/imarte\/es\/temporalitats-en-les-humanitats-digitals\/#breadcrumb"},"inLanguage":"es","potentialAction":[{"@type":"ReadAction","target":["https:\/\/www.ub.edu\/imarte\/es\/temporalitats-en-les-humanitats-digitals\/"]}]},{"@type":"ImageObject","inLanguage":"es","@id":"https:\/\/www.ub.edu\/imarte\/es\/temporalitats-en-les-humanitats-digitals\/#primaryimage","url":"https:\/\/www.ub.edu\/imarte\/nouwp4812017\/wp-content\/uploads\/2018\/04\/csm_Temporalidad_en_las_humanidades_digitales_3e651ef197.jpg","contentUrl":"https:\/\/www.ub.edu\/imarte\/nouwp4812017\/wp-content\/uploads\/2018\/04\/csm_Temporalidad_en_las_humanidades_digitales_3e651ef197.jpg","width":595,"height":842},{"@type":"BreadcrumbList","@id":"https:\/\/www.ub.edu\/imarte\/es\/temporalitats-en-les-humanitats-digitals\/#breadcrumb","itemListElement":[{"@type":"ListItem","position":1,"name":"Home","item":"https:\/\/www.ub.edu\/imarte\/es\/"},{"@type":"ListItem","position":2,"name":"Simposios\/Congresos","item":"https:\/\/www.ub.edu\/imarte\/es\/category\/simposios-congresos\/"},{"@type":"ListItem","position":3,"name":"TEMPORALIDADES EN LAS HUMANIDADES DIGITALES"}]},{"@type":"WebSite","@id":"https:\/\/www.ub.edu\/imarte\/es\/#website","url":"https:\/\/www.ub.edu\/imarte\/es\/","name":"Imarte","description":"Grupo de investigaci\u00f3n, arte, ciencia i tecnolog\u00eda.","potentialAction":[{"@type":"SearchAction","target":{"@type":"EntryPoint","urlTemplate":"https:\/\/www.ub.edu\/imarte\/es\/?s={search_term_string}"},"query-input":{"@type":"PropertyValueSpecification","valueRequired":true,"valueName":"search_term_string"}}],"inLanguage":"es"},{"@type":"Person","@id":"https:\/\/www.ub.edu\/imarte\/es\/#\/schema\/person\/547dd1f883f84dce36c6f5e94ffeda43","name":"imarte","image":{"@type":"ImageObject","inLanguage":"es","@id":"https:\/\/www.ub.edu\/imarte\/es\/#\/schema\/person\/image\/","url":"https:\/\/secure.gravatar.com\/avatar\/6c7f9cf77382ea64a2af664e9eb3a668?s=96&d=mm&r=g","contentUrl":"https:\/\/secure.gravatar.com\/avatar\/6c7f9cf77382ea64a2af664e9eb3a668?s=96&d=mm&r=g","caption":"imarte"}}]}},"_links":{"self":[{"href":"https:\/\/www.ub.edu\/imarte\/es\/wp-json\/wp\/v2\/posts\/5643"}],"collection":[{"href":"https:\/\/www.ub.edu\/imarte\/es\/wp-json\/wp\/v2\/posts"}],"about":[{"href":"https:\/\/www.ub.edu\/imarte\/es\/wp-json\/wp\/v2\/types\/post"}],"author":[{"embeddable":true,"href":"https:\/\/www.ub.edu\/imarte\/es\/wp-json\/wp\/v2\/users\/2"}],"replies":[{"embeddable":true,"href":"https:\/\/www.ub.edu\/imarte\/es\/wp-json\/wp\/v2\/comments?post=5643"}],"version-history":[{"count":0,"href":"https:\/\/www.ub.edu\/imarte\/es\/wp-json\/wp\/v2\/posts\/5643\/revisions"}],"wp:featuredmedia":[{"embeddable":true,"href":"https:\/\/www.ub.edu\/imarte\/es\/wp-json\/wp\/v2\/media\/5647"}],"wp:attachment":[{"href":"https:\/\/www.ub.edu\/imarte\/es\/wp-json\/wp\/v2\/media?parent=5643"}],"wp:term":[{"taxonomy":"category","embeddable":true,"href":"https:\/\/www.ub.edu\/imarte\/es\/wp-json\/wp\/v2\/categories?post=5643"},{"taxonomy":"post_tag","embeddable":true,"href":"https:\/\/www.ub.edu\/imarte\/es\/wp-json\/wp\/v2\/tags?post=5643"}],"curies":[{"name":"wp","href":"https:\/\/api.w.org\/{rel}","templated":true}]}}