{"id":13688,"date":"2023-09-12T10:33:47","date_gmt":"2023-09-12T09:33:47","guid":{"rendered":"https:\/\/www.ub.edu\/imarte\/?p=13688"},"modified":"2023-10-20T14:15:00","modified_gmt":"2023-10-20T13:15:00","slug":"aesthetics-care-and-ecofeminism-yayo-herrero-care-ecologies-conferencia-publica-online","status":"publish","type":"post","link":"https:\/\/www.ub.edu\/imarte\/aesthetics-care-and-ecofeminism-yayo-herrero-care-ecologies-conferencia-publica-online\/","title":{"rendered":"Aesthetics, Care, and Ecofeminism Yayo Herrero + Care Ecologies.\u00a0Confer\u00e8ncia p\u00fablica online"},"content":{"rendered":"<p><span class=\"HwtZe\" lang=\"ca\"><span class=\"jCAhz ChMk0b\"><span class=\"ryNqvb\">09\/23.<br \/>\n14 de setembre de 17:00 a 19:00h<br \/>\n<\/span><\/span><\/span><span class=\"HwtZe\" lang=\"ca\"><span class=\"jCAhz ChMk0b\"><span class=\"ryNqvb\">Organitza <strong>Idensitat + Grup d&#8217;Investigaci\u00f3 IMARTE<\/strong><\/span><\/span> <\/span><\/p>\n<p><strong><span class=\"HwtZe\" lang=\"ca\"><span class=\"jCAhz ChMk0b\"><span class=\"ryNqvb\">AESTHETICS, CARE, AND ECOFEMINISM<br \/>\n<\/span><\/span><\/span><span class=\"HwtZe\" lang=\"ca\"><span class=\"jCAhz ChMk0b\"><span class=\"ryNqvb\">What ecologies?<\/span><\/span> <span class=\"jCAhz ChMk0b\"><span class=\"ryNqvb\">How art is building other ecologies?<\/span><\/span> <span class=\"jCAhz ChMk0b\"><span class=\"ryNqvb\">Art of caring or caring from art?<\/span><\/span> <\/span><\/strong><\/p>\n<p><span class=\"HwtZe\" lang=\"ca\"><span class=\"jCAhz ChMk0b\"><span class=\"ryNqvb\">Confer\u00e8ncia de\u00a0<strong>Yayo Herrero<\/strong>\u00a0que ens introduir\u00e0 en els pensaments i pr\u00e0ctiques de l&#8217;ecofeminisme.<\/span><\/span> <span class=\"jCAhz ChMk0b\"><span class=\"ryNqvb\">A partir dels seus plantejaments s&#8217;obrir\u00e0 un di\u00e0leg en relaci\u00f3 amb el concepte de les cures tra\u00e7ades des de les l\u00ednies de treball del projecte <strong>Care Ecologies.<\/strong><\/span><\/span> <\/span><\/p>\n<p><span class=\"HwtZe\" lang=\"ca\"><span class=\"jCAhz ChMk0b\"><span class=\"ryNqvb\"><strong>Yayo Herrero:<\/strong> Antrop\u00f2loga, enginyera agr\u00edcola, educadora social i una de les principals veus de l&#8217;ecofeminisme.<\/span><\/span> <span class=\"jCAhz ChMk0b\"><span class=\"ryNqvb\">La seva traject\u00f2ria investigadora s&#8217;ha centrat en la cr\u00edtica al model de desenvolupament i producci\u00f3 capitalista com una amena\u00e7a per al planeta i la vida, investigaci\u00f3 que combina amb l&#8217;activisme i la col\u00b7laboraci\u00f3 amb diversos mitjans de comunicaci\u00f3 com ara eldiario.es.<\/span><\/span> <\/span><\/p>\n<p><span class=\"HwtZe\" lang=\"ca\"><span class=\"jCAhz ChMk0b\"><span class=\"ryNqvb\"><strong>Care Ecologies<\/strong>\u00a0\u00e9s un projecte polifac\u00e8tic, centrat en diferents aspectes de la cura, basat en una xarxa de dispositius culturals que treballen en els \u00e0mbits de la producci\u00f3 art\u00edstica i la promoci\u00f3 de l&#8217;art contemporani, fomentant una relaci\u00f3 s\u00f2lida entre les pr\u00e0ctiques art\u00edstiques contempor\u00e0nies i l&#8217;espai<\/span><\/span> <span class=\"jCAhz ChMk0b\"><span class=\"ryNqvb\">social.<\/span><\/span> <\/span><\/p>\n<p><a href=\"https:\/\/www.idensitat.net\/es\/proyectos-en-proceso\/care-ecologies\/1765-aesthetics-care-and-ecofeminism\/?option=com_rsform&amp;view=rsform&amp;formId=53\"><span class=\"HwtZe\" lang=\"ca\"><span class=\"jCAhz ChMk0b\"><span class=\"ryNqvb\">INSCRIPCIONS<\/span><\/span> <\/span><\/a><\/p>\n<p><strong><span class=\"HwtZe\" lang=\"ca\"><span class=\"jCAhz ChMk0b\"><span class=\"ryNqvb\">PROGRAMA: <\/span><\/span><\/span><span class=\"HwtZe\" lang=\"ca\"><span class=\"jCAhz ChMk0b\"><span class=\"ryNqvb\"><strong>Le<\/strong>s intervencions seran en angl\u00e8s i en castell\u00e0, amb traducci\u00f3 simult\u00e0nia d&#8217;un idioma a un altre.<\/span><\/span> <\/span><\/strong><\/p>\n<p><span class=\"HwtZe\" lang=\"ca\"><span class=\"jCAhz ChMk0b\"><span class=\"ryNqvb\">1<\/span><\/span><\/span><span class=\"HwtZe\" lang=\"ca\"><span class=\"jCAhz ChMk0b\"><span class=\"ryNqvb\">4 de setembre de 17:00 a 19:00 h<\/span><\/span> <\/span><\/p>\n<p><span class=\"HwtZe\" lang=\"ca\"><span class=\"jCAhz ChMk0b\"><span class=\"ryNqvb\">17:00 &#8211; 17:15h Presentaci\u00f3 i benvinguda &#8211; Idensitat + IMARTE<\/span><\/span> <\/span><\/p>\n<p><span class=\"HwtZe\" lang=\"ca\"><span class=\"jCAhz ChMk0b\"><span class=\"ryNqvb\">17:15 &#8211; 17:30h Presentaci\u00f3 del projecte internacional de Cooperaci\u00f3 Europea CARE ECOLOGIES &#8211; G&amp;A Mamidakis<\/span><\/span> <\/span><\/p>\n<p><span class=\"HwtZe\" lang=\"ca\"><span class=\"jCAhz ChMk0b\"><span class=\"ryNqvb\">Presentaci\u00f3 dels membres del projecte i les seues activitats &#8211;<\/span><\/span> <\/span><span class=\"HwtZe\" lang=\"ca\"><span class=\"jCAhz ChMk0b\"><span class=\"ryNqvb\">Idensitat (Barcelona), G&amp;A Mamidakis (Athens), WHW (Zagreb), State of Concept (Athens), Centre de New Media and Feminist Public Practic (University of Thessaly).<\/span><\/span> <\/span><\/p>\n<p><span class=\"HwtZe\" lang=\"ca\"><span class=\"jCAhz ChMk0b\"><span class=\"ryNqvb\">17:30 &#8211; 18:15h Pon\u00e8ncia: Yayo Herrero.<\/span><\/span> <\/span><\/p>\n<p><span class=\"HwtZe\" lang=\"ca\"><span class=\"jCAhz ChMk0b\"><span class=\"ryNqvb\">18:15 &#8211; 19:00h Debat entre els diferents participants i obert als assistents, i tancament de la sessi\u00f3<\/span><\/span> <\/span><\/p>\n<p><a href=\"https:\/\/www.idensitat.net\/es\/proyectos-en-proceso\/care-ecologies\/1765-aesthetics-care-and-ecofeminism\/?option=com_rsform&amp;view=rsform&amp;formId=53\"><span class=\"HwtZe\" lang=\"ca\"><span class=\"jCAhz ChMk0b\"><span class=\"ryNqvb\">INSCRIPCIONS<\/span><\/span> <\/span><\/a><\/p>\n<p><span class=\"HwtZe\" lang=\"ca\"><span class=\"jCAhz ChMk0b\"><span class=\"ryNqvb\">Esdeveniment p\u00fablic online, organitzat per Idensitat en col\u00b7laboraci\u00f3 amb el Grup de Recerca\u00a0IMARTE\u00a0(Universitat de Barcelona), en el marc del projecte CARE ECOLOGIES, un projecte de cooperaci\u00f3 europea que es realitza conjuntament amb <\/span><\/span><span class=\"jCAhz ChMk0b\"><span class=\"ryNqvb\"><a id=\"m_-5622602650728969606OWA2422d904-2b19-7974-6ecd-dd8ecedc0520\" href=\"https:\/\/gnamamidakisfoundation.org\/en\/\" target=\"_blank\" rel=\"noopener\" data-saferedirecturl=\"https:\/\/www.google.com\/url?q=https:\/\/gnamamidakisfoundation.org\/en\/&amp;source=gmail&amp;ust=1694595946142000&amp;usg=AOvVaw0R4V1NJwShbxV9lvSSklNG\">G. &amp; A. Mamidakis Foundation<\/a>\u00a0&#8211;\u00a0<a id=\"m_-5622602650728969606OWA20cbed20-e1f2-5941-4a2e-efcce63b8ce7\" href=\"https:\/\/www.whw.hr\/en\/\" target=\"_blank\" rel=\"noopener\" data-saferedirecturl=\"https:\/\/www.google.com\/url?q=https:\/\/www.whw.hr\/en\/&amp;source=gmail&amp;ust=1694595946142000&amp;usg=AOvVaw39vUkiF6da_10RqSMKDN62\">What, How &amp; for Whom \/ WHW\u00a0<\/a>\u00a0&#8211;\u00a0<a id=\"m_-5622602650728969606OWAf8005598-3fb2-315e-a6c5-e46fbc133a9c\" href=\"https:\/\/www.idensitat.net\/idensitat.net\" target=\"_blank\" rel=\"noopener\" data-saferedirecturl=\"https:\/\/www.google.com\/url?q=https:\/\/www.idensitat.net\/idensitat.net&amp;source=gmail&amp;ust=1694595946142000&amp;usg=AOvVaw16cOM8M6NAkAA8Bt8np_Ey\">Idensitat<\/a>\u00a0&#8211;\u00a0<a id=\"m_-5622602650728969606OWAffaceab3-5e1c-1615-fa93-7a5de0a92066\" href=\"https:\/\/stateofconcept.org\/\" target=\"_blank\" rel=\"noopener\" data-saferedirecturl=\"https:\/\/www.google.com\/url?q=https:\/\/stateofconcept.org\/&amp;source=gmail&amp;ust=1694595946142000&amp;usg=AOvVaw3BRIDcTCKU_9ytG8SD2Lq_\">State of Concept Athens<\/a>\u00a0&#8211;\u00a0<a id=\"m_-5622602650728969606OWA6347a201-dadc-6dba-4508-b4c90226d4cc\" href=\"https:\/\/www.centrefeministmedia.arch.uth.gr\/about#:~:text=The%20Centre%20of%20New%20Media,circle%20of%20activities%20in%202021.\" target=\"_blank\" rel=\"noopener\" data-saferedirecturl=\"https:\/\/www.google.com\/url?q=https:\/\/www.centrefeministmedia.arch.uth.gr\/about%23:~:text%3DThe%2520Centre%2520of%2520New%2520Media,circle%2520of%2520activities%2520in%25202021.&amp;source=gmail&amp;ust=1694595946142000&amp;usg=AOvVaw1Tw-qHvhl1DW1QDAoV3A-z\">Centre for New Media and Feminist Public Practices<\/a>. Cofinan\u00e7at per Europa Creativa.<\/span><\/span><\/span><\/p>\n<p><img loading=\"lazy\" decoding=\"async\" class=\"aligncenter size-full wp-image-13697\" src=\"https:\/\/www.ub.edu\/imarte\/nouwp4812017\/wp-content\/uploads\/2023\/09\/01_Careecologies_23-1.jpg\" alt=\"\" width=\"1304\" height=\"769\" srcset=\"https:\/\/www.ub.edu\/imarte\/nouwp4812017\/wp-content\/uploads\/2023\/09\/01_Careecologies_23-1.jpg 1304w, https:\/\/www.ub.edu\/imarte\/nouwp4812017\/wp-content\/uploads\/2023\/09\/01_Careecologies_23-1-300x177.jpg 300w, https:\/\/www.ub.edu\/imarte\/nouwp4812017\/wp-content\/uploads\/2023\/09\/01_Careecologies_23-1-1024x604.jpg 1024w, https:\/\/www.ub.edu\/imarte\/nouwp4812017\/wp-content\/uploads\/2023\/09\/01_Careecologies_23-1-768x453.jpg 768w\" sizes=\"(max-width: 1304px) 100vw, 1304px\" \/><\/p>\n<p>&nbsp;<\/p>\n","protected":false},"excerpt":{"rendered":"<p>09\/23. 14 de setembre de 17:00 a 19:00h Organitza Idensitat + Grup d&#8217;Investigaci\u00f3 IMARTE AESTHETICS, CARE, AND ECOFEMINISM What ecologies? How art is building other ecologies? Art of caring or caring from art? Confer\u00e8ncia de\u00a0Yayo Herrero\u00a0que ens introduir\u00e0 en els pensaments i pr\u00e0ctiques de l&#8217;ecofeminisme. A partir dels seus plantejaments s&#8217;obrir\u00e0 un di\u00e0leg en relaci\u00f3 &hellip; <a href=\"https:\/\/www.ub.edu\/imarte\/aesthetics-care-and-ecofeminism-yayo-herrero-care-ecologies-conferencia-publica-online\/\">Continued<\/a><\/p>\n","protected":false},"author":2,"featured_media":13697,"comment_status":"closed","ping_status":"closed","sticky":false,"template":"","format":"standard","meta":{"_acf_changed":false,"inline_featured_image":false,"footnotes":""},"categories":[6],"tags":[],"class_list":["post-13688","post","type-post","status-publish","format-standard","has-post-thumbnail","hentry","category-conferencies-debats"," cat-1"],"acf":[],"yoast_head":"<!-- This site is optimized with the Yoast SEO plugin v23.8 - https:\/\/yoast.com\/wordpress\/plugins\/seo\/ -->\n<title>Aesthetics, Care, and Ecofeminism Yayo Herrero + Care Ecologies.\u00a0Confer\u00e8ncia p\u00fablica online | Imarte<\/title>\n<meta name=\"robots\" content=\"index, follow, max-snippet:-1, max-image-preview:large, max-video-preview:-1\" \/>\n<link rel=\"canonical\" href=\"https:\/\/www.ub.edu\/imarte\/aesthetics-care-and-ecofeminism-yayo-herrero-care-ecologies-conferencia-publica-online\/\" \/>\n<meta property=\"og:locale\" content=\"ca_ES\" \/>\n<meta property=\"og:type\" content=\"article\" \/>\n<meta property=\"og:title\" content=\"Aesthetics, Care, and Ecofeminism Yayo Herrero + Care Ecologies.\u00a0Confer\u00e8ncia p\u00fablica online | Imarte\" \/>\n<meta property=\"og:description\" content=\"09\/23. 14 de setembre de 17:00 a 19:00h Organitza Idensitat + Grup d&#8217;Investigaci\u00f3 IMARTE AESTHETICS, CARE, AND ECOFEMINISM What ecologies? How art is building other ecologies? Art of caring or caring from art? Confer\u00e8ncia de\u00a0Yayo Herrero\u00a0que ens introduir\u00e0 en els pensaments i pr\u00e0ctiques de l&#8217;ecofeminisme. A partir dels seus plantejaments s&#8217;obrir\u00e0 un di\u00e0leg en relaci\u00f3 &hellip; Continued\" \/>\n<meta property=\"og:url\" content=\"https:\/\/www.ub.edu\/imarte\/aesthetics-care-and-ecofeminism-yayo-herrero-care-ecologies-conferencia-publica-online\/\" \/>\n<meta property=\"og:site_name\" content=\"Imarte\" \/>\n<meta property=\"article:published_time\" content=\"2023-09-12T09:33:47+00:00\" \/>\n<meta property=\"article:modified_time\" content=\"2023-10-20T13:15:00+00:00\" \/>\n<meta property=\"og:image\" content=\"https:\/\/www.ub.edu\/imarte\/nouwp4812017\/wp-content\/uploads\/2023\/09\/01_Careecologies_23-1.jpg\" \/>\n\t<meta property=\"og:image:width\" content=\"1304\" \/>\n\t<meta property=\"og:image:height\" content=\"769\" \/>\n\t<meta property=\"og:image:type\" content=\"image\/jpeg\" \/>\n<meta name=\"author\" content=\"imarte\" \/>\n<meta name=\"twitter:card\" content=\"summary_large_image\" \/>\n<meta name=\"twitter:label1\" content=\"Escrit per\" \/>\n\t<meta name=\"twitter:data1\" content=\"imarte\" \/>\n\t<meta name=\"twitter:label2\" content=\"Temps estimat de lectura\" \/>\n\t<meta name=\"twitter:data2\" content=\"2 minuts\" \/>\n<script type=\"application\/ld+json\" class=\"yoast-schema-graph\">{\"@context\":\"https:\/\/schema.org\",\"@graph\":[{\"@type\":\"WebPage\",\"@id\":\"https:\/\/www.ub.edu\/imarte\/aesthetics-care-and-ecofeminism-yayo-herrero-care-ecologies-conferencia-publica-online\/\",\"url\":\"https:\/\/www.ub.edu\/imarte\/aesthetics-care-and-ecofeminism-yayo-herrero-care-ecologies-conferencia-publica-online\/\",\"name\":\"Aesthetics, Care, and Ecofeminism Yayo Herrero + Care Ecologies.\u00a0Confer\u00e8ncia p\u00fablica online | Imarte\",\"isPartOf\":{\"@id\":\"https:\/\/www.ub.edu\/imarte\/#website\"},\"primaryImageOfPage\":{\"@id\":\"https:\/\/www.ub.edu\/imarte\/aesthetics-care-and-ecofeminism-yayo-herrero-care-ecologies-conferencia-publica-online\/#primaryimage\"},\"image\":{\"@id\":\"https:\/\/www.ub.edu\/imarte\/aesthetics-care-and-ecofeminism-yayo-herrero-care-ecologies-conferencia-publica-online\/#primaryimage\"},\"thumbnailUrl\":\"https:\/\/www.ub.edu\/imarte\/nouwp4812017\/wp-content\/uploads\/2023\/09\/01_Careecologies_23-1.jpg\",\"datePublished\":\"2023-09-12T09:33:47+00:00\",\"dateModified\":\"2023-10-20T13:15:00+00:00\",\"author\":{\"@id\":\"https:\/\/www.ub.edu\/imarte\/#\/schema\/person\/547dd1f883f84dce36c6f5e94ffeda43\"},\"breadcrumb\":{\"@id\":\"https:\/\/www.ub.edu\/imarte\/aesthetics-care-and-ecofeminism-yayo-herrero-care-ecologies-conferencia-publica-online\/#breadcrumb\"},\"inLanguage\":\"ca\",\"potentialAction\":[{\"@type\":\"ReadAction\",\"target\":[\"https:\/\/www.ub.edu\/imarte\/aesthetics-care-and-ecofeminism-yayo-herrero-care-ecologies-conferencia-publica-online\/\"]}]},{\"@type\":\"ImageObject\",\"inLanguage\":\"ca\",\"@id\":\"https:\/\/www.ub.edu\/imarte\/aesthetics-care-and-ecofeminism-yayo-herrero-care-ecologies-conferencia-publica-online\/#primaryimage\",\"url\":\"https:\/\/www.ub.edu\/imarte\/nouwp4812017\/wp-content\/uploads\/2023\/09\/01_Careecologies_23-1.jpg\",\"contentUrl\":\"https:\/\/www.ub.edu\/imarte\/nouwp4812017\/wp-content\/uploads\/2023\/09\/01_Careecologies_23-1.jpg\",\"width\":1304,\"height\":769},{\"@type\":\"BreadcrumbList\",\"@id\":\"https:\/\/www.ub.edu\/imarte\/aesthetics-care-and-ecofeminism-yayo-herrero-care-ecologies-conferencia-publica-online\/#breadcrumb\",\"itemListElement\":[{\"@type\":\"ListItem\",\"position\":1,\"name\":\"Home\",\"item\":\"https:\/\/www.ub.edu\/imarte\/\"},{\"@type\":\"ListItem\",\"position\":2,\"name\":\"Confer\u00e8ncies\/Debats\",\"item\":\"https:\/\/www.ub.edu\/imarte\/category\/conferencies-debats\/\"},{\"@type\":\"ListItem\",\"position\":3,\"name\":\"Aesthetics, Care, and Ecofeminism Yayo Herrero + Care Ecologies.\u00a0Confer\u00e8ncia p\u00fablica online\"}]},{\"@type\":\"WebSite\",\"@id\":\"https:\/\/www.ub.edu\/imarte\/#website\",\"url\":\"https:\/\/www.ub.edu\/imarte\/\",\"name\":\"Imarte\",\"description\":\"Grup d&#039;investigaci\u00f3, art, ci\u00e8ncia i tecnologia.\",\"potentialAction\":[{\"@type\":\"SearchAction\",\"target\":{\"@type\":\"EntryPoint\",\"urlTemplate\":\"https:\/\/www.ub.edu\/imarte\/?s={search_term_string}\"},\"query-input\":{\"@type\":\"PropertyValueSpecification\",\"valueRequired\":true,\"valueName\":\"search_term_string\"}}],\"inLanguage\":\"ca\"},{\"@type\":\"Person\",\"@id\":\"https:\/\/www.ub.edu\/imarte\/#\/schema\/person\/547dd1f883f84dce36c6f5e94ffeda43\",\"name\":\"imarte\",\"image\":{\"@type\":\"ImageObject\",\"inLanguage\":\"ca\",\"@id\":\"https:\/\/www.ub.edu\/imarte\/#\/schema\/person\/image\/\",\"url\":\"https:\/\/secure.gravatar.com\/avatar\/6c7f9cf77382ea64a2af664e9eb3a668?s=96&d=mm&r=g\",\"contentUrl\":\"https:\/\/secure.gravatar.com\/avatar\/6c7f9cf77382ea64a2af664e9eb3a668?s=96&d=mm&r=g\",\"caption\":\"imarte\"}}]}<\/script>\n<!-- \/ Yoast SEO plugin. -->","yoast_head_json":{"title":"Aesthetics, Care, and Ecofeminism Yayo Herrero + Care Ecologies.\u00a0Confer\u00e8ncia p\u00fablica online | Imarte","robots":{"index":"index","follow":"follow","max-snippet":"max-snippet:-1","max-image-preview":"max-image-preview:large","max-video-preview":"max-video-preview:-1"},"canonical":"https:\/\/www.ub.edu\/imarte\/aesthetics-care-and-ecofeminism-yayo-herrero-care-ecologies-conferencia-publica-online\/","og_locale":"ca_ES","og_type":"article","og_title":"Aesthetics, Care, and Ecofeminism Yayo Herrero + Care Ecologies.\u00a0Confer\u00e8ncia p\u00fablica online | Imarte","og_description":"09\/23. 14 de setembre de 17:00 a 19:00h Organitza Idensitat + Grup d&#8217;Investigaci\u00f3 IMARTE AESTHETICS, CARE, AND ECOFEMINISM What ecologies? How art is building other ecologies? Art of caring or caring from art? Confer\u00e8ncia de\u00a0Yayo Herrero\u00a0que ens introduir\u00e0 en els pensaments i pr\u00e0ctiques de l&#8217;ecofeminisme. A partir dels seus plantejaments s&#8217;obrir\u00e0 un di\u00e0leg en relaci\u00f3 &hellip; Continued","og_url":"https:\/\/www.ub.edu\/imarte\/aesthetics-care-and-ecofeminism-yayo-herrero-care-ecologies-conferencia-publica-online\/","og_site_name":"Imarte","article_published_time":"2023-09-12T09:33:47+00:00","article_modified_time":"2023-10-20T13:15:00+00:00","og_image":[{"width":1304,"height":769,"url":"https:\/\/www.ub.edu\/imarte\/nouwp4812017\/wp-content\/uploads\/2023\/09\/01_Careecologies_23-1.jpg","type":"image\/jpeg"}],"author":"imarte","twitter_card":"summary_large_image","twitter_misc":{"Escrit per":"imarte","Temps estimat de lectura":"2 minuts"},"schema":{"@context":"https:\/\/schema.org","@graph":[{"@type":"WebPage","@id":"https:\/\/www.ub.edu\/imarte\/aesthetics-care-and-ecofeminism-yayo-herrero-care-ecologies-conferencia-publica-online\/","url":"https:\/\/www.ub.edu\/imarte\/aesthetics-care-and-ecofeminism-yayo-herrero-care-ecologies-conferencia-publica-online\/","name":"Aesthetics, Care, and Ecofeminism Yayo Herrero + Care Ecologies.\u00a0Confer\u00e8ncia p\u00fablica online | Imarte","isPartOf":{"@id":"https:\/\/www.ub.edu\/imarte\/#website"},"primaryImageOfPage":{"@id":"https:\/\/www.ub.edu\/imarte\/aesthetics-care-and-ecofeminism-yayo-herrero-care-ecologies-conferencia-publica-online\/#primaryimage"},"image":{"@id":"https:\/\/www.ub.edu\/imarte\/aesthetics-care-and-ecofeminism-yayo-herrero-care-ecologies-conferencia-publica-online\/#primaryimage"},"thumbnailUrl":"https:\/\/www.ub.edu\/imarte\/nouwp4812017\/wp-content\/uploads\/2023\/09\/01_Careecologies_23-1.jpg","datePublished":"2023-09-12T09:33:47+00:00","dateModified":"2023-10-20T13:15:00+00:00","author":{"@id":"https:\/\/www.ub.edu\/imarte\/#\/schema\/person\/547dd1f883f84dce36c6f5e94ffeda43"},"breadcrumb":{"@id":"https:\/\/www.ub.edu\/imarte\/aesthetics-care-and-ecofeminism-yayo-herrero-care-ecologies-conferencia-publica-online\/#breadcrumb"},"inLanguage":"ca","potentialAction":[{"@type":"ReadAction","target":["https:\/\/www.ub.edu\/imarte\/aesthetics-care-and-ecofeminism-yayo-herrero-care-ecologies-conferencia-publica-online\/"]}]},{"@type":"ImageObject","inLanguage":"ca","@id":"https:\/\/www.ub.edu\/imarte\/aesthetics-care-and-ecofeminism-yayo-herrero-care-ecologies-conferencia-publica-online\/#primaryimage","url":"https:\/\/www.ub.edu\/imarte\/nouwp4812017\/wp-content\/uploads\/2023\/09\/01_Careecologies_23-1.jpg","contentUrl":"https:\/\/www.ub.edu\/imarte\/nouwp4812017\/wp-content\/uploads\/2023\/09\/01_Careecologies_23-1.jpg","width":1304,"height":769},{"@type":"BreadcrumbList","@id":"https:\/\/www.ub.edu\/imarte\/aesthetics-care-and-ecofeminism-yayo-herrero-care-ecologies-conferencia-publica-online\/#breadcrumb","itemListElement":[{"@type":"ListItem","position":1,"name":"Home","item":"https:\/\/www.ub.edu\/imarte\/"},{"@type":"ListItem","position":2,"name":"Confer\u00e8ncies\/Debats","item":"https:\/\/www.ub.edu\/imarte\/category\/conferencies-debats\/"},{"@type":"ListItem","position":3,"name":"Aesthetics, Care, and Ecofeminism Yayo Herrero + Care Ecologies.\u00a0Confer\u00e8ncia p\u00fablica online"}]},{"@type":"WebSite","@id":"https:\/\/www.ub.edu\/imarte\/#website","url":"https:\/\/www.ub.edu\/imarte\/","name":"Imarte","description":"Grup d&#039;investigaci\u00f3, art, ci\u00e8ncia i tecnologia.","potentialAction":[{"@type":"SearchAction","target":{"@type":"EntryPoint","urlTemplate":"https:\/\/www.ub.edu\/imarte\/?s={search_term_string}"},"query-input":{"@type":"PropertyValueSpecification","valueRequired":true,"valueName":"search_term_string"}}],"inLanguage":"ca"},{"@type":"Person","@id":"https:\/\/www.ub.edu\/imarte\/#\/schema\/person\/547dd1f883f84dce36c6f5e94ffeda43","name":"imarte","image":{"@type":"ImageObject","inLanguage":"ca","@id":"https:\/\/www.ub.edu\/imarte\/#\/schema\/person\/image\/","url":"https:\/\/secure.gravatar.com\/avatar\/6c7f9cf77382ea64a2af664e9eb3a668?s=96&d=mm&r=g","contentUrl":"https:\/\/secure.gravatar.com\/avatar\/6c7f9cf77382ea64a2af664e9eb3a668?s=96&d=mm&r=g","caption":"imarte"}}]}},"_links":{"self":[{"href":"https:\/\/www.ub.edu\/imarte\/wp-json\/wp\/v2\/posts\/13688"}],"collection":[{"href":"https:\/\/www.ub.edu\/imarte\/wp-json\/wp\/v2\/posts"}],"about":[{"href":"https:\/\/www.ub.edu\/imarte\/wp-json\/wp\/v2\/types\/post"}],"author":[{"embeddable":true,"href":"https:\/\/www.ub.edu\/imarte\/wp-json\/wp\/v2\/users\/2"}],"replies":[{"embeddable":true,"href":"https:\/\/www.ub.edu\/imarte\/wp-json\/wp\/v2\/comments?post=13688"}],"version-history":[{"count":6,"href":"https:\/\/www.ub.edu\/imarte\/wp-json\/wp\/v2\/posts\/13688\/revisions"}],"predecessor-version":[{"id":13714,"href":"https:\/\/www.ub.edu\/imarte\/wp-json\/wp\/v2\/posts\/13688\/revisions\/13714"}],"wp:featuredmedia":[{"embeddable":true,"href":"https:\/\/www.ub.edu\/imarte\/wp-json\/wp\/v2\/media\/13697"}],"wp:attachment":[{"href":"https:\/\/www.ub.edu\/imarte\/wp-json\/wp\/v2\/media?parent=13688"}],"wp:term":[{"taxonomy":"category","embeddable":true,"href":"https:\/\/www.ub.edu\/imarte\/wp-json\/wp\/v2\/categories?post=13688"},{"taxonomy":"post_tag","embeddable":true,"href":"https:\/\/www.ub.edu\/imarte\/wp-json\/wp\/v2\/tags?post=13688"}],"curies":[{"name":"wp","href":"https:\/\/api.w.org\/{rel}","templated":true}]}}