{"id":46613,"date":"2024-03-04T10:44:06","date_gmt":"2024-03-04T09:44:06","guid":{"rendered":"https:\/\/www.ub.edu\/in2ub\/?p=46613"},"modified":"2024-03-04T10:54:23","modified_gmt":"2024-03-04T09:54:23","slug":"open-position-for-a-lab-manager","status":"publish","type":"post","link":"https:\/\/www.ub.edu\/in2ub\/ca\/open-position-for-a-lab-manager\/","title":{"rendered":"OFERTA: T\u00e8cnic de Laboratori"},"content":{"rendered":"<p><strong>OFERTA: T\u00e8cnic de Laboratori<\/strong><\/p>\n<p>Es convoca el proc\u00e9s selectiu per a la cobertura de contracte laboral d\u2019un\/a T\u00e8cnic\/a de laboratori per al suport<br \/>\na la recerca a la <a href=\"https:\/\/www.ub.edu\/in2ub\/ca\/grup-de-recerca\/unitat-de-biofisica-i-bioenginyeria\/\">Biophysics and Bioengineering Unit <\/a> de la Facultat de Medicina i Ci\u00e8ncies de la Salut de la Universitat de Barcelona (Campus Cl\u00ednic).<\/p>\n<p><strong>Requisits dels aspirants<\/strong>: Titulaci\u00f3 i experi\u00e8ncia sol\u00b7licitada.<br \/>\n\u2022 Titulaci\u00f3: FPII\/CFGS T\u00e8cnic Superior de Laboratori o similar<br \/>\n\u2022 Experi\u00e8ncia pr\u00e8via en gesti\u00f3 de laboratoris, cultiu cel\u00b7lular i gesti\u00f3 de comandes<br \/>\n\u2022 Capacitats i aptituds:<br \/>\no Capacitat d\u2019organitzaci\u00f3 i adaptaci\u00f3<br \/>\no Capacitat per al treball en equip<br \/>\no Persona pro activa i emp\u00e0tica<br \/>\n\u2022 Orientaci\u00f3 a resultats<br \/>\n\u2022 Idiomes: Catal\u00e0, Castell\u00e0 i Angl\u00e8s (per comprendre els protocols i software)<br \/>\nFuncions a desenvolupar per la persona contractada:<br \/>\n\u2022 Ser el\/la responsable de la organitzaci\u00f3 general del laboratori (distribuir tasques entre els usuaris,<br \/>\norganitzar neteges peri\u00f2diques del laboratori, etc.)<br \/>\n\u2022 Realitzar les compres del laboratori, rebre-les i guardar el material<br \/>\n\u2022 Actuar com a responsable del equips de laboratori i la sala de cultius<br \/>\n\u2022 Encarregar-se de realitzar les compres del laboratori i mantenir un inventari dels productes i els<br \/>\nequipaments<br \/>\n\u2022 Mantenir una base de dades dels reactius amb la seva localitzaci\u00f3 i SDS.<br \/>\n\u2022 Redacci\u00f3 de manuals d&#8217;usuari i protocols de laboratori<br \/>\n\u2022 Realitzaci\u00f3 de controls de micoplasma de cultius cel\u00b7lulars<br \/>\n\u2022 Preparaci\u00f3 d\u2019al\u00edquotes<\/p>\n<p><strong>Oferim:<\/strong><br \/>\n\u2022 Contracte de mitja jornada<br \/>\n\u2022 Condicions salarials segons conveni col\u00b7lectiu<br \/>\n\u2022 Flexibilitat hor\u00e0ria<br \/>\n\u2022 Incorporaci\u00f3 Maig 2024<\/p>\n<p><strong>Presentaci\u00f3 de Sol\u00b7licituds<\/strong>: Enviar una correu electr\u00f2nic a rsunyer@ub.edu indicant a l\u2019assumpte \u201cLab Manager\u201d acompanyat de<br \/>\nla seg\u00fcent informaci\u00f3:<br \/>\n\u2022 Carta Presentaci\u00f3 fent expl\u00edcita la refer\u00e8ncia de la convocat\u00f2ria i la motivaci\u00f3 personal de la<br \/>\nsol\u00b7licitud.<br \/>\n\u2022 Curr\u00edculum Vitae<br \/>\n\u2022 Documentaci\u00f3 acreditativa dels m\u00e8rits exposats i de la titulaci\u00f3 requerida.<\/p>\n","protected":false},"excerpt":{"rendered":"<p>OFERTA: T\u00e8cnic de Laboratori Es convoca el proc\u00e9s selectiu per a la cobertura de contracte laboral d\u2019un\/a T\u00e8cnic\/a de laboratori per al suport a la recerca a la Biophysics and Bioengineering Unit de la Facultat de Medicina i Ci\u00e8ncies de la Salut de la Universitat de Barcelona (Campus Cl\u00ednic). Requisits dels aspirants: Titulaci\u00f3 i experi\u00e8ncia&#8230;<\/p>\n","protected":false},"author":2,"featured_media":46617,"comment_status":"closed","ping_status":"closed","sticky":false,"template":"","format":"standard","meta":{"footnotes":""},"categories":[35],"tags":[],"yoast_head":"<!-- This site is optimized with the Yoast SEO plugin v23.5 - https:\/\/yoast.com\/wordpress\/plugins\/seo\/ -->\n<title>OFERTA: T\u00e8cnic de Laboratori - IN\u00b2UB<\/title>\n<meta name=\"robots\" content=\"index, follow, max-snippet:-1, max-image-preview:large, max-video-preview:-1\" \/>\n<link rel=\"canonical\" href=\"https:\/\/www.ub.edu\/in2ub\/ca\/open-position-for-a-lab-manager\/\" \/>\n<meta property=\"og:locale\" content=\"ca_ES\" \/>\n<meta property=\"og:type\" content=\"article\" \/>\n<meta property=\"og:title\" content=\"OFERTA: T\u00e8cnic de Laboratori - IN\u00b2UB\" \/>\n<meta property=\"og:description\" content=\"OFERTA: T\u00e8cnic de Laboratori Es convoca el proc\u00e9s selectiu per a la cobertura de contracte laboral d\u2019un\/a T\u00e8cnic\/a de laboratori per al suport a la recerca a la Biophysics and Bioengineering Unit de la Facultat de Medicina i Ci\u00e8ncies de la Salut de la Universitat de Barcelona (Campus Cl\u00ednic). Requisits dels aspirants: Titulaci\u00f3 i experi\u00e8ncia...\" \/>\n<meta property=\"og:url\" content=\"https:\/\/www.ub.edu\/in2ub\/ca\/open-position-for-a-lab-manager\/\" \/>\n<meta property=\"og:site_name\" content=\"IN\u00b2UB\" \/>\n<meta property=\"article:published_time\" content=\"2024-03-04T09:44:06+00:00\" \/>\n<meta property=\"article:modified_time\" content=\"2024-03-04T09:54:23+00:00\" \/>\n<meta property=\"og:image\" content=\"https:\/\/www.ub.edu\/in2ub\/wp-content\/uploads\/2024\/03\/LabManager_Biof_2024.png\" \/>\n\t<meta property=\"og:image:width\" content=\"777\" \/>\n\t<meta property=\"og:image:height\" content=\"1093\" \/>\n\t<meta property=\"og:image:type\" content=\"image\/png\" \/>\n<meta name=\"author\" content=\"IN2UB\" \/>\n<meta name=\"twitter:card\" content=\"summary_large_image\" \/>\n<meta name=\"twitter:label1\" content=\"Escrit per\" \/>\n\t<meta name=\"twitter:data1\" content=\"IN2UB\" \/>\n\t<meta name=\"twitter:label2\" content=\"Temps estimat de lectura\" \/>\n\t<meta name=\"twitter:data2\" content=\"2 minuts\" \/>\n<script type=\"application\/ld+json\" class=\"yoast-schema-graph\">{\"@context\":\"https:\/\/schema.org\",\"@graph\":[{\"@type\":\"WebPage\",\"@id\":\"https:\/\/www.ub.edu\/in2ub\/ca\/open-position-for-a-lab-manager\/\",\"url\":\"https:\/\/www.ub.edu\/in2ub\/ca\/open-position-for-a-lab-manager\/\",\"name\":\"OFERTA: T\u00e8cnic de Laboratori - IN\u00b2UB\",\"isPartOf\":{\"@id\":\"https:\/\/www.ub.edu\/in2ub\/#website\"},\"primaryImageOfPage\":{\"@id\":\"https:\/\/www.ub.edu\/in2ub\/ca\/open-position-for-a-lab-manager\/#primaryimage\"},\"image\":{\"@id\":\"https:\/\/www.ub.edu\/in2ub\/ca\/open-position-for-a-lab-manager\/#primaryimage\"},\"thumbnailUrl\":\"https:\/\/www.ub.edu\/in2ub\/wp-content\/uploads\/2024\/03\/LabManager_Biof_2024.png\",\"datePublished\":\"2024-03-04T09:44:06+00:00\",\"dateModified\":\"2024-03-04T09:54:23+00:00\",\"author\":{\"@id\":\"https:\/\/www.ub.edu\/in2ub\/#\/schema\/person\/fee647be08dbdfdd1486fbe8067be972\"},\"breadcrumb\":{\"@id\":\"https:\/\/www.ub.edu\/in2ub\/ca\/open-position-for-a-lab-manager\/#breadcrumb\"},\"inLanguage\":\"ca\",\"potentialAction\":[{\"@type\":\"ReadAction\",\"target\":[\"https:\/\/www.ub.edu\/in2ub\/ca\/open-position-for-a-lab-manager\/\"]}]},{\"@type\":\"ImageObject\",\"inLanguage\":\"ca\",\"@id\":\"https:\/\/www.ub.edu\/in2ub\/ca\/open-position-for-a-lab-manager\/#primaryimage\",\"url\":\"https:\/\/www.ub.edu\/in2ub\/wp-content\/uploads\/2024\/03\/LabManager_Biof_2024.png\",\"contentUrl\":\"https:\/\/www.ub.edu\/in2ub\/wp-content\/uploads\/2024\/03\/LabManager_Biof_2024.png\",\"width\":777,\"height\":1093},{\"@type\":\"BreadcrumbList\",\"@id\":\"https:\/\/www.ub.edu\/in2ub\/ca\/open-position-for-a-lab-manager\/#breadcrumb\",\"itemListElement\":[{\"@type\":\"ListItem\",\"position\":1,\"name\":\"Inici\",\"item\":\"https:\/\/www.ub.edu\/in2ub\/ca\/\"},{\"@type\":\"ListItem\",\"position\":2,\"name\":\"OFERTA: T\u00e8cnic de Laboratori\"}]},{\"@type\":\"WebSite\",\"@id\":\"https:\/\/www.ub.edu\/in2ub\/#website\",\"url\":\"https:\/\/www.ub.edu\/in2ub\/\",\"name\":\"IN\u00b2UB\",\"description\":\"Institut de Nanoci\u00e8ncia i Nanotecnologia - Universitat de Barcelona\",\"potentialAction\":[{\"@type\":\"SearchAction\",\"target\":{\"@type\":\"EntryPoint\",\"urlTemplate\":\"https:\/\/www.ub.edu\/in2ub\/?s={search_term_string}\"},\"query-input\":{\"@type\":\"PropertyValueSpecification\",\"valueRequired\":true,\"valueName\":\"search_term_string\"}}],\"inLanguage\":\"ca\"},{\"@type\":\"Person\",\"@id\":\"https:\/\/www.ub.edu\/in2ub\/#\/schema\/person\/fee647be08dbdfdd1486fbe8067be972\",\"name\":\"IN2UB\",\"image\":{\"@type\":\"ImageObject\",\"inLanguage\":\"ca\",\"@id\":\"https:\/\/www.ub.edu\/in2ub\/#\/schema\/person\/image\/\",\"url\":\"https:\/\/secure.gravatar.com\/avatar\/15350879e1365c6016231f421f771d35?s=96&d=mm&r=g\",\"contentUrl\":\"https:\/\/secure.gravatar.com\/avatar\/15350879e1365c6016231f421f771d35?s=96&d=mm&r=g\",\"caption\":\"IN2UB\"},\"url\":\"https:\/\/www.ub.edu\/in2ub\/ca\/author\/in2ub_doc\/\"}]}<\/script>\n<!-- \/ Yoast SEO plugin. -->","yoast_head_json":{"title":"OFERTA: T\u00e8cnic de Laboratori - IN\u00b2UB","robots":{"index":"index","follow":"follow","max-snippet":"max-snippet:-1","max-image-preview":"max-image-preview:large","max-video-preview":"max-video-preview:-1"},"canonical":"https:\/\/www.ub.edu\/in2ub\/ca\/open-position-for-a-lab-manager\/","og_locale":"ca_ES","og_type":"article","og_title":"OFERTA: T\u00e8cnic de Laboratori - IN\u00b2UB","og_description":"OFERTA: T\u00e8cnic de Laboratori Es convoca el proc\u00e9s selectiu per a la cobertura de contracte laboral d\u2019un\/a T\u00e8cnic\/a de laboratori per al suport a la recerca a la Biophysics and Bioengineering Unit de la Facultat de Medicina i Ci\u00e8ncies de la Salut de la Universitat de Barcelona (Campus Cl\u00ednic). Requisits dels aspirants: Titulaci\u00f3 i experi\u00e8ncia...","og_url":"https:\/\/www.ub.edu\/in2ub\/ca\/open-position-for-a-lab-manager\/","og_site_name":"IN\u00b2UB","article_published_time":"2024-03-04T09:44:06+00:00","article_modified_time":"2024-03-04T09:54:23+00:00","og_image":[{"width":777,"height":1093,"url":"https:\/\/www.ub.edu\/in2ub\/wp-content\/uploads\/2024\/03\/LabManager_Biof_2024.png","type":"image\/png"}],"author":"IN2UB","twitter_card":"summary_large_image","twitter_misc":{"Escrit per":"IN2UB","Temps estimat de lectura":"2 minuts"},"schema":{"@context":"https:\/\/schema.org","@graph":[{"@type":"WebPage","@id":"https:\/\/www.ub.edu\/in2ub\/ca\/open-position-for-a-lab-manager\/","url":"https:\/\/www.ub.edu\/in2ub\/ca\/open-position-for-a-lab-manager\/","name":"OFERTA: T\u00e8cnic de Laboratori - IN\u00b2UB","isPartOf":{"@id":"https:\/\/www.ub.edu\/in2ub\/#website"},"primaryImageOfPage":{"@id":"https:\/\/www.ub.edu\/in2ub\/ca\/open-position-for-a-lab-manager\/#primaryimage"},"image":{"@id":"https:\/\/www.ub.edu\/in2ub\/ca\/open-position-for-a-lab-manager\/#primaryimage"},"thumbnailUrl":"https:\/\/www.ub.edu\/in2ub\/wp-content\/uploads\/2024\/03\/LabManager_Biof_2024.png","datePublished":"2024-03-04T09:44:06+00:00","dateModified":"2024-03-04T09:54:23+00:00","author":{"@id":"https:\/\/www.ub.edu\/in2ub\/#\/schema\/person\/fee647be08dbdfdd1486fbe8067be972"},"breadcrumb":{"@id":"https:\/\/www.ub.edu\/in2ub\/ca\/open-position-for-a-lab-manager\/#breadcrumb"},"inLanguage":"ca","potentialAction":[{"@type":"ReadAction","target":["https:\/\/www.ub.edu\/in2ub\/ca\/open-position-for-a-lab-manager\/"]}]},{"@type":"ImageObject","inLanguage":"ca","@id":"https:\/\/www.ub.edu\/in2ub\/ca\/open-position-for-a-lab-manager\/#primaryimage","url":"https:\/\/www.ub.edu\/in2ub\/wp-content\/uploads\/2024\/03\/LabManager_Biof_2024.png","contentUrl":"https:\/\/www.ub.edu\/in2ub\/wp-content\/uploads\/2024\/03\/LabManager_Biof_2024.png","width":777,"height":1093},{"@type":"BreadcrumbList","@id":"https:\/\/www.ub.edu\/in2ub\/ca\/open-position-for-a-lab-manager\/#breadcrumb","itemListElement":[{"@type":"ListItem","position":1,"name":"Inici","item":"https:\/\/www.ub.edu\/in2ub\/ca\/"},{"@type":"ListItem","position":2,"name":"OFERTA: T\u00e8cnic de Laboratori"}]},{"@type":"WebSite","@id":"https:\/\/www.ub.edu\/in2ub\/#website","url":"https:\/\/www.ub.edu\/in2ub\/","name":"IN\u00b2UB","description":"Institut de Nanoci\u00e8ncia i Nanotecnologia - Universitat de Barcelona","potentialAction":[{"@type":"SearchAction","target":{"@type":"EntryPoint","urlTemplate":"https:\/\/www.ub.edu\/in2ub\/?s={search_term_string}"},"query-input":{"@type":"PropertyValueSpecification","valueRequired":true,"valueName":"search_term_string"}}],"inLanguage":"ca"},{"@type":"Person","@id":"https:\/\/www.ub.edu\/in2ub\/#\/schema\/person\/fee647be08dbdfdd1486fbe8067be972","name":"IN2UB","image":{"@type":"ImageObject","inLanguage":"ca","@id":"https:\/\/www.ub.edu\/in2ub\/#\/schema\/person\/image\/","url":"https:\/\/secure.gravatar.com\/avatar\/15350879e1365c6016231f421f771d35?s=96&d=mm&r=g","contentUrl":"https:\/\/secure.gravatar.com\/avatar\/15350879e1365c6016231f421f771d35?s=96&d=mm&r=g","caption":"IN2UB"},"url":"https:\/\/www.ub.edu\/in2ub\/ca\/author\/in2ub_doc\/"}]}},"_links":{"self":[{"href":"https:\/\/www.ub.edu\/in2ub\/ca\/wp-json\/wp\/v2\/posts\/46613"}],"collection":[{"href":"https:\/\/www.ub.edu\/in2ub\/ca\/wp-json\/wp\/v2\/posts"}],"about":[{"href":"https:\/\/www.ub.edu\/in2ub\/ca\/wp-json\/wp\/v2\/types\/post"}],"author":[{"embeddable":true,"href":"https:\/\/www.ub.edu\/in2ub\/ca\/wp-json\/wp\/v2\/users\/2"}],"replies":[{"embeddable":true,"href":"https:\/\/www.ub.edu\/in2ub\/ca\/wp-json\/wp\/v2\/comments?post=46613"}],"version-history":[{"count":3,"href":"https:\/\/www.ub.edu\/in2ub\/ca\/wp-json\/wp\/v2\/posts\/46613\/revisions"}],"predecessor-version":[{"id":46616,"href":"https:\/\/www.ub.edu\/in2ub\/ca\/wp-json\/wp\/v2\/posts\/46613\/revisions\/46616"}],"wp:featuredmedia":[{"embeddable":true,"href":"https:\/\/www.ub.edu\/in2ub\/ca\/wp-json\/wp\/v2\/media\/46617"}],"wp:attachment":[{"href":"https:\/\/www.ub.edu\/in2ub\/ca\/wp-json\/wp\/v2\/media?parent=46613"}],"wp:term":[{"taxonomy":"category","embeddable":true,"href":"https:\/\/www.ub.edu\/in2ub\/ca\/wp-json\/wp\/v2\/categories?post=46613"},{"taxonomy":"post_tag","embeddable":true,"href":"https:\/\/www.ub.edu\/in2ub\/ca\/wp-json\/wp\/v2\/tags?post=46613"}],"curies":[{"name":"wp","href":"https:\/\/api.w.org\/{rel}","templated":true}]}}