{"id":32793,"date":"2021-06-28T10:39:52","date_gmt":"2021-06-28T08:39:52","guid":{"rendered":"https:\/\/www.ub.edu\/in2ub\/?p=32793"},"modified":"2021-06-28T10:39:52","modified_gmt":"2021-06-28T08:39:52","slug":"xxxvi-trobades-cientifiques-de-la-mediterrania-josep-miquel-vidal-microscopies-i-espectroscopies-accedint-a-la-nanoescala","status":"publish","type":"post","link":"https:\/\/www.ub.edu\/in2ub\/es\/xxxvi-trobades-cientifiques-de-la-mediterrania-josep-miquel-vidal-microscopies-i-espectroscopies-accedint-a-la-nanoescala\/","title":{"rendered":"XXXVI Trobades cient\u00edfiques de la Mediterr\u00e0nia &#8211; Josep Miquel Vidal \u201cMICROSC\u00d2PIES I ESPECTROSC\u00d2PIES: ACCEDINT A LA NANOESCALA"},"content":{"rendered":"<p>XXXVI Trobades cient\u00edfiques de la Mediterr\u00e0nia &#8211; Josep Miquel Vidal \u201cMICROSC\u00d2PIES I ESPECTROSC\u00d2PIES: ACCEDINT A LA NANOESCALA<\/p>\n<p>Topics:<br \/>\n\u2022 Microscop\u00eda electr\u00f3nica de transmisi\u00f3n<br \/>\n\u2022 Espectroscopia de p\u00e9rdida de energ\u00eda de electrones.<br \/>\n\u2022 Microscopia \u00f3ptica de alta resoluci\u00f3n.<br \/>\n\u2022 Espectroscop\u00eda de rayos X.<br \/>\n\u2022 Luz de sincrotr\u00f3n.<br \/>\n\u2022 Microscop\u00eda de fuerza at\u00f3mica.<\/p>\n<p>Link: <a href=\"https:\/\/tcm2021.wixsite.com\/tcm2021\" target=\"_blank\" rel=\"noopener\">TCM2021<\/a><\/p>\n<p>Venue: Institut Menorqui d\u2019Estudis, Ma\u00f3 \u2013 Menorca, 27-29\/10\/2021, mixt<\/p>\n","protected":false},"excerpt":{"rendered":"<p>XXXVI Trobades cient\u00edfiques de la Mediterr\u00e0nia &#8211; Josep Miquel Vidal \u201cMICROSC\u00d2PIES I ESPECTROSC\u00d2PIES: ACCEDINT A LA NANOESCALA Topics: \u2022 Microscop\u00eda electr\u00f3nica de transmisi\u00f3n \u2022 Espectroscopia de p\u00e9rdida de energ\u00eda de electrones. \u2022 Microscopia \u00f3ptica de alta resoluci\u00f3n. \u2022 Espectroscop\u00eda de rayos X. \u2022 Luz de sincrotr\u00f3n. \u2022 Microscop\u00eda de fuerza at\u00f3mica. Link: TCM2021 Venue: Institut&#8230;<\/p>\n","protected":false},"author":2,"featured_media":26053,"comment_status":"closed","ping_status":"closed","sticky":false,"template":"","format":"standard","meta":{"footnotes":""},"categories":[32],"tags":[],"yoast_head":"<!-- This site is optimized with the Yoast SEO plugin v23.5 - https:\/\/yoast.com\/wordpress\/plugins\/seo\/ -->\n<title>XXXVI Trobades cient\u00edfiques de la Mediterr\u00e0nia - Josep Miquel Vidal \u201cMICROSC\u00d2PIES I ESPECTROSC\u00d2PIES: ACCEDINT A LA NANOESCALA - IN\u00b2UB<\/title>\n<meta name=\"robots\" content=\"index, follow, max-snippet:-1, max-image-preview:large, max-video-preview:-1\" \/>\n<link rel=\"canonical\" href=\"https:\/\/www.ub.edu\/in2ub\/es\/xxxvi-trobades-cientifiques-de-la-mediterrania-josep-miquel-vidal-microscopies-i-espectroscopies-accedint-a-la-nanoescala\/\" \/>\n<meta property=\"og:locale\" content=\"es_ES\" \/>\n<meta property=\"og:type\" content=\"article\" \/>\n<meta property=\"og:title\" content=\"XXXVI Trobades cient\u00edfiques de la Mediterr\u00e0nia - Josep Miquel Vidal \u201cMICROSC\u00d2PIES I ESPECTROSC\u00d2PIES: ACCEDINT A LA NANOESCALA - IN\u00b2UB\" \/>\n<meta property=\"og:description\" content=\"XXXVI Trobades cient\u00edfiques de la Mediterr\u00e0nia &#8211; Josep Miquel Vidal \u201cMICROSC\u00d2PIES I ESPECTROSC\u00d2PIES: ACCEDINT A LA NANOESCALA Topics: \u2022 Microscop\u00eda electr\u00f3nica de transmisi\u00f3n \u2022 Espectroscopia de p\u00e9rdida de energ\u00eda de electrones. \u2022 Microscopia \u00f3ptica de alta resoluci\u00f3n. \u2022 Espectroscop\u00eda de rayos X. \u2022 Luz de sincrotr\u00f3n. \u2022 Microscop\u00eda de fuerza at\u00f3mica. Link: TCM2021 Venue: Institut...\" \/>\n<meta property=\"og:url\" content=\"https:\/\/www.ub.edu\/in2ub\/es\/xxxvi-trobades-cientifiques-de-la-mediterrania-josep-miquel-vidal-microscopies-i-espectroscopies-accedint-a-la-nanoescala\/\" \/>\n<meta property=\"og:site_name\" content=\"IN\u00b2UB\" \/>\n<meta property=\"article:published_time\" content=\"2021-06-28T08:39:52+00:00\" \/>\n<meta property=\"og:image\" content=\"https:\/\/www.ub.edu\/in2ub\/wp-content\/uploads\/2020\/11\/placeholder-entrades.jpg\" \/>\n\t<meta property=\"og:image:width\" content=\"1280\" \/>\n\t<meta property=\"og:image:height\" content=\"720\" \/>\n\t<meta property=\"og:image:type\" content=\"image\/jpeg\" \/>\n<meta name=\"author\" content=\"IN2UB\" \/>\n<meta name=\"twitter:card\" content=\"summary_large_image\" \/>\n<meta name=\"twitter:label1\" content=\"Escrito por\" \/>\n\t<meta name=\"twitter:data1\" content=\"IN2UB\" \/>\n<script type=\"application\/ld+json\" class=\"yoast-schema-graph\">{\"@context\":\"https:\/\/schema.org\",\"@graph\":[{\"@type\":\"WebPage\",\"@id\":\"https:\/\/www.ub.edu\/in2ub\/es\/xxxvi-trobades-cientifiques-de-la-mediterrania-josep-miquel-vidal-microscopies-i-espectroscopies-accedint-a-la-nanoescala\/\",\"url\":\"https:\/\/www.ub.edu\/in2ub\/es\/xxxvi-trobades-cientifiques-de-la-mediterrania-josep-miquel-vidal-microscopies-i-espectroscopies-accedint-a-la-nanoescala\/\",\"name\":\"XXXVI Trobades cient\u00edfiques de la Mediterr\u00e0nia - Josep Miquel Vidal \u201cMICROSC\u00d2PIES I ESPECTROSC\u00d2PIES: ACCEDINT A LA NANOESCALA - IN\u00b2UB\",\"isPartOf\":{\"@id\":\"https:\/\/www.ub.edu\/in2ub\/#website\"},\"primaryImageOfPage\":{\"@id\":\"https:\/\/www.ub.edu\/in2ub\/es\/xxxvi-trobades-cientifiques-de-la-mediterrania-josep-miquel-vidal-microscopies-i-espectroscopies-accedint-a-la-nanoescala\/#primaryimage\"},\"image\":{\"@id\":\"https:\/\/www.ub.edu\/in2ub\/es\/xxxvi-trobades-cientifiques-de-la-mediterrania-josep-miquel-vidal-microscopies-i-espectroscopies-accedint-a-la-nanoescala\/#primaryimage\"},\"thumbnailUrl\":\"https:\/\/www.ub.edu\/in2ub\/wp-content\/uploads\/2020\/11\/placeholder-entrades.jpg\",\"datePublished\":\"2021-06-28T08:39:52+00:00\",\"dateModified\":\"2021-06-28T08:39:52+00:00\",\"author\":{\"@id\":\"https:\/\/www.ub.edu\/in2ub\/#\/schema\/person\/fee647be08dbdfdd1486fbe8067be972\"},\"breadcrumb\":{\"@id\":\"https:\/\/www.ub.edu\/in2ub\/es\/xxxvi-trobades-cientifiques-de-la-mediterrania-josep-miquel-vidal-microscopies-i-espectroscopies-accedint-a-la-nanoescala\/#breadcrumb\"},\"inLanguage\":\"es\",\"potentialAction\":[{\"@type\":\"ReadAction\",\"target\":[\"https:\/\/www.ub.edu\/in2ub\/es\/xxxvi-trobades-cientifiques-de-la-mediterrania-josep-miquel-vidal-microscopies-i-espectroscopies-accedint-a-la-nanoescala\/\"]}]},{\"@type\":\"ImageObject\",\"inLanguage\":\"es\",\"@id\":\"https:\/\/www.ub.edu\/in2ub\/es\/xxxvi-trobades-cientifiques-de-la-mediterrania-josep-miquel-vidal-microscopies-i-espectroscopies-accedint-a-la-nanoescala\/#primaryimage\",\"url\":\"https:\/\/www.ub.edu\/in2ub\/wp-content\/uploads\/2020\/11\/placeholder-entrades.jpg\",\"contentUrl\":\"https:\/\/www.ub.edu\/in2ub\/wp-content\/uploads\/2020\/11\/placeholder-entrades.jpg\",\"width\":1280,\"height\":720},{\"@type\":\"BreadcrumbList\",\"@id\":\"https:\/\/www.ub.edu\/in2ub\/es\/xxxvi-trobades-cientifiques-de-la-mediterrania-josep-miquel-vidal-microscopies-i-espectroscopies-accedint-a-la-nanoescala\/#breadcrumb\",\"itemListElement\":[{\"@type\":\"ListItem\",\"position\":1,\"name\":\"Inici\",\"item\":\"https:\/\/www.ub.edu\/in2ub\/es\/\"},{\"@type\":\"ListItem\",\"position\":2,\"name\":\"XXXVI Trobades cient\u00edfiques de la Mediterr\u00e0nia &#8211; Josep Miquel Vidal \u201cMICROSC\u00d2PIES I ESPECTROSC\u00d2PIES: ACCEDINT A LA NANOESCALA\"}]},{\"@type\":\"WebSite\",\"@id\":\"https:\/\/www.ub.edu\/in2ub\/#website\",\"url\":\"https:\/\/www.ub.edu\/in2ub\/\",\"name\":\"IN\u00b2UB\",\"description\":\"Institut de Nanoci\u00e8ncia i Nanotecnologia - Universitat de Barcelona\",\"potentialAction\":[{\"@type\":\"SearchAction\",\"target\":{\"@type\":\"EntryPoint\",\"urlTemplate\":\"https:\/\/www.ub.edu\/in2ub\/?s={search_term_string}\"},\"query-input\":{\"@type\":\"PropertyValueSpecification\",\"valueRequired\":true,\"valueName\":\"search_term_string\"}}],\"inLanguage\":\"es\"},{\"@type\":\"Person\",\"@id\":\"https:\/\/www.ub.edu\/in2ub\/#\/schema\/person\/fee647be08dbdfdd1486fbe8067be972\",\"name\":\"IN2UB\",\"image\":{\"@type\":\"ImageObject\",\"inLanguage\":\"es\",\"@id\":\"https:\/\/www.ub.edu\/in2ub\/#\/schema\/person\/image\/\",\"url\":\"https:\/\/secure.gravatar.com\/avatar\/15350879e1365c6016231f421f771d35?s=96&d=mm&r=g\",\"contentUrl\":\"https:\/\/secure.gravatar.com\/avatar\/15350879e1365c6016231f421f771d35?s=96&d=mm&r=g\",\"caption\":\"IN2UB\"},\"url\":\"https:\/\/www.ub.edu\/in2ub\/es\/author\/in2ub_doc\/\"}]}<\/script>\n<!-- \/ Yoast SEO plugin. -->","yoast_head_json":{"title":"XXXVI Trobades cient\u00edfiques de la Mediterr\u00e0nia - Josep Miquel Vidal \u201cMICROSC\u00d2PIES I ESPECTROSC\u00d2PIES: ACCEDINT A LA NANOESCALA - IN\u00b2UB","robots":{"index":"index","follow":"follow","max-snippet":"max-snippet:-1","max-image-preview":"max-image-preview:large","max-video-preview":"max-video-preview:-1"},"canonical":"https:\/\/www.ub.edu\/in2ub\/es\/xxxvi-trobades-cientifiques-de-la-mediterrania-josep-miquel-vidal-microscopies-i-espectroscopies-accedint-a-la-nanoescala\/","og_locale":"es_ES","og_type":"article","og_title":"XXXVI Trobades cient\u00edfiques de la Mediterr\u00e0nia - Josep Miquel Vidal \u201cMICROSC\u00d2PIES I ESPECTROSC\u00d2PIES: ACCEDINT A LA NANOESCALA - IN\u00b2UB","og_description":"XXXVI Trobades cient\u00edfiques de la Mediterr\u00e0nia &#8211; Josep Miquel Vidal \u201cMICROSC\u00d2PIES I ESPECTROSC\u00d2PIES: ACCEDINT A LA NANOESCALA Topics: \u2022 Microscop\u00eda electr\u00f3nica de transmisi\u00f3n \u2022 Espectroscopia de p\u00e9rdida de energ\u00eda de electrones. \u2022 Microscopia \u00f3ptica de alta resoluci\u00f3n. \u2022 Espectroscop\u00eda de rayos X. \u2022 Luz de sincrotr\u00f3n. \u2022 Microscop\u00eda de fuerza at\u00f3mica. Link: TCM2021 Venue: Institut...","og_url":"https:\/\/www.ub.edu\/in2ub\/es\/xxxvi-trobades-cientifiques-de-la-mediterrania-josep-miquel-vidal-microscopies-i-espectroscopies-accedint-a-la-nanoescala\/","og_site_name":"IN\u00b2UB","article_published_time":"2021-06-28T08:39:52+00:00","og_image":[{"width":1280,"height":720,"url":"https:\/\/www.ub.edu\/in2ub\/wp-content\/uploads\/2020\/11\/placeholder-entrades.jpg","type":"image\/jpeg"}],"author":"IN2UB","twitter_card":"summary_large_image","twitter_misc":{"Escrito por":"IN2UB"},"schema":{"@context":"https:\/\/schema.org","@graph":[{"@type":"WebPage","@id":"https:\/\/www.ub.edu\/in2ub\/es\/xxxvi-trobades-cientifiques-de-la-mediterrania-josep-miquel-vidal-microscopies-i-espectroscopies-accedint-a-la-nanoescala\/","url":"https:\/\/www.ub.edu\/in2ub\/es\/xxxvi-trobades-cientifiques-de-la-mediterrania-josep-miquel-vidal-microscopies-i-espectroscopies-accedint-a-la-nanoescala\/","name":"XXXVI Trobades cient\u00edfiques de la Mediterr\u00e0nia - Josep Miquel Vidal \u201cMICROSC\u00d2PIES I ESPECTROSC\u00d2PIES: ACCEDINT A LA NANOESCALA - IN\u00b2UB","isPartOf":{"@id":"https:\/\/www.ub.edu\/in2ub\/#website"},"primaryImageOfPage":{"@id":"https:\/\/www.ub.edu\/in2ub\/es\/xxxvi-trobades-cientifiques-de-la-mediterrania-josep-miquel-vidal-microscopies-i-espectroscopies-accedint-a-la-nanoescala\/#primaryimage"},"image":{"@id":"https:\/\/www.ub.edu\/in2ub\/es\/xxxvi-trobades-cientifiques-de-la-mediterrania-josep-miquel-vidal-microscopies-i-espectroscopies-accedint-a-la-nanoescala\/#primaryimage"},"thumbnailUrl":"https:\/\/www.ub.edu\/in2ub\/wp-content\/uploads\/2020\/11\/placeholder-entrades.jpg","datePublished":"2021-06-28T08:39:52+00:00","dateModified":"2021-06-28T08:39:52+00:00","author":{"@id":"https:\/\/www.ub.edu\/in2ub\/#\/schema\/person\/fee647be08dbdfdd1486fbe8067be972"},"breadcrumb":{"@id":"https:\/\/www.ub.edu\/in2ub\/es\/xxxvi-trobades-cientifiques-de-la-mediterrania-josep-miquel-vidal-microscopies-i-espectroscopies-accedint-a-la-nanoescala\/#breadcrumb"},"inLanguage":"es","potentialAction":[{"@type":"ReadAction","target":["https:\/\/www.ub.edu\/in2ub\/es\/xxxvi-trobades-cientifiques-de-la-mediterrania-josep-miquel-vidal-microscopies-i-espectroscopies-accedint-a-la-nanoescala\/"]}]},{"@type":"ImageObject","inLanguage":"es","@id":"https:\/\/www.ub.edu\/in2ub\/es\/xxxvi-trobades-cientifiques-de-la-mediterrania-josep-miquel-vidal-microscopies-i-espectroscopies-accedint-a-la-nanoescala\/#primaryimage","url":"https:\/\/www.ub.edu\/in2ub\/wp-content\/uploads\/2020\/11\/placeholder-entrades.jpg","contentUrl":"https:\/\/www.ub.edu\/in2ub\/wp-content\/uploads\/2020\/11\/placeholder-entrades.jpg","width":1280,"height":720},{"@type":"BreadcrumbList","@id":"https:\/\/www.ub.edu\/in2ub\/es\/xxxvi-trobades-cientifiques-de-la-mediterrania-josep-miquel-vidal-microscopies-i-espectroscopies-accedint-a-la-nanoescala\/#breadcrumb","itemListElement":[{"@type":"ListItem","position":1,"name":"Inici","item":"https:\/\/www.ub.edu\/in2ub\/es\/"},{"@type":"ListItem","position":2,"name":"XXXVI Trobades cient\u00edfiques de la Mediterr\u00e0nia &#8211; Josep Miquel Vidal \u201cMICROSC\u00d2PIES I ESPECTROSC\u00d2PIES: ACCEDINT A LA NANOESCALA"}]},{"@type":"WebSite","@id":"https:\/\/www.ub.edu\/in2ub\/#website","url":"https:\/\/www.ub.edu\/in2ub\/","name":"IN\u00b2UB","description":"Institut de Nanoci\u00e8ncia i Nanotecnologia - Universitat de Barcelona","potentialAction":[{"@type":"SearchAction","target":{"@type":"EntryPoint","urlTemplate":"https:\/\/www.ub.edu\/in2ub\/?s={search_term_string}"},"query-input":{"@type":"PropertyValueSpecification","valueRequired":true,"valueName":"search_term_string"}}],"inLanguage":"es"},{"@type":"Person","@id":"https:\/\/www.ub.edu\/in2ub\/#\/schema\/person\/fee647be08dbdfdd1486fbe8067be972","name":"IN2UB","image":{"@type":"ImageObject","inLanguage":"es","@id":"https:\/\/www.ub.edu\/in2ub\/#\/schema\/person\/image\/","url":"https:\/\/secure.gravatar.com\/avatar\/15350879e1365c6016231f421f771d35?s=96&d=mm&r=g","contentUrl":"https:\/\/secure.gravatar.com\/avatar\/15350879e1365c6016231f421f771d35?s=96&d=mm&r=g","caption":"IN2UB"},"url":"https:\/\/www.ub.edu\/in2ub\/es\/author\/in2ub_doc\/"}]}},"_links":{"self":[{"href":"https:\/\/www.ub.edu\/in2ub\/es\/wp-json\/wp\/v2\/posts\/32793"}],"collection":[{"href":"https:\/\/www.ub.edu\/in2ub\/es\/wp-json\/wp\/v2\/posts"}],"about":[{"href":"https:\/\/www.ub.edu\/in2ub\/es\/wp-json\/wp\/v2\/types\/post"}],"author":[{"embeddable":true,"href":"https:\/\/www.ub.edu\/in2ub\/es\/wp-json\/wp\/v2\/users\/2"}],"replies":[{"embeddable":true,"href":"https:\/\/www.ub.edu\/in2ub\/es\/wp-json\/wp\/v2\/comments?post=32793"}],"version-history":[{"count":2,"href":"https:\/\/www.ub.edu\/in2ub\/es\/wp-json\/wp\/v2\/posts\/32793\/revisions"}],"predecessor-version":[{"id":32795,"href":"https:\/\/www.ub.edu\/in2ub\/es\/wp-json\/wp\/v2\/posts\/32793\/revisions\/32795"}],"wp:featuredmedia":[{"embeddable":true,"href":"https:\/\/www.ub.edu\/in2ub\/es\/wp-json\/wp\/v2\/media\/26053"}],"wp:attachment":[{"href":"https:\/\/www.ub.edu\/in2ub\/es\/wp-json\/wp\/v2\/media?parent=32793"}],"wp:term":[{"taxonomy":"category","embeddable":true,"href":"https:\/\/www.ub.edu\/in2ub\/es\/wp-json\/wp\/v2\/categories?post=32793"},{"taxonomy":"post_tag","embeddable":true,"href":"https:\/\/www.ub.edu\/in2ub\/es\/wp-json\/wp\/v2\/tags?post=32793"}],"curies":[{"name":"wp","href":"https:\/\/api.w.org\/{rel}","templated":true}]}}