{"id":32919,"date":"2021-07-08T18:01:25","date_gmt":"2021-07-08T16:01:25","guid":{"rendered":"https:\/\/www.ub.edu\/in2ub\/?p=32919"},"modified":"2021-07-08T18:04:40","modified_gmt":"2021-07-08T16:04:40","slug":"el-dr-jordi-diaz-rep-el-premi-a-la-divulgacio-de-la-ub","status":"publish","type":"post","link":"https:\/\/www.ub.edu\/in2ub\/es\/el-dr-jordi-diaz-rep-el-premi-a-la-divulgacio-de-la-ub\/","title":{"rendered":"El Dr. Jordi D\u00edaz recibe el premio a la divulgaci\u00f3n de la UB"},"content":{"rendered":"<p>El doctor Jordi D\u00edaz, coordinador de divulgaci\u00f3n del Instituto, ha sido galardonado con el premio de divulgaci\u00f3n de la Universidad de Barcelona por su labor de liderazgo en comunicaci\u00f3n a la nanoescala.<\/p>\n<p>Este premio tiene como objetivo fomentar la difusi\u00f3n del conocimiento cient\u00edfico al conjunto de la sociedad.<\/p>\n<p>Entrega de Premios: <strong>El lunes 12 de julio, a las 18:00,<\/strong> el Aula Magna del Edificio Hist\u00f3rico acoger\u00e1 la entrega de estos galardones y de los correspondientes a 2020.<\/p>\n<p>El acto tendr\u00e1 aforo limitado y se retransmitir\u00e1 en directo por <a href=\"https:\/\/www.ub.edu\/ubtv\/video\/viii-distincio-activitats-divulgacio-cientifica\" target=\"_blank\" rel=\"noopener\">UBtv<\/a>.<\/p>\n<p>Fuente: <a href=\"https:\/\/www.ub.edu\/web\/ub\/ca\/menu_eines\/noticies\/2021\/07\/021.html\" target=\"_blank\" rel=\"noopener\">Noticias UB<\/a><\/p>\n","protected":false},"excerpt":{"rendered":"<p>El doctor Jordi D\u00edaz, coordinador de divulgaci\u00f3n del Instituto, ha sido galardonado con el premio de divulgaci\u00f3n de la Universidad de Barcelona por su labor de liderazgo en comunicaci\u00f3n a la nanoescala. Este premio tiene como objetivo fomentar la difusi\u00f3n del conocimiento cient\u00edfico al conjunto de la sociedad. Entrega de Premios: El lunes 12 de&#8230;<\/p>\n","protected":false},"author":2,"featured_media":26053,"comment_status":"closed","ping_status":"closed","sticky":false,"template":"","format":"standard","meta":{"footnotes":""},"categories":[32,40,19],"tags":[],"yoast_head":"<!-- This site is optimized with the Yoast SEO plugin v23.5 - https:\/\/yoast.com\/wordpress\/plugins\/seo\/ -->\n<title>El Dr. Jordi D\u00edaz recibe el premio a la divulgaci\u00f3n de la UB - IN\u00b2UB<\/title>\n<meta name=\"robots\" content=\"index, follow, max-snippet:-1, max-image-preview:large, max-video-preview:-1\" \/>\n<link rel=\"canonical\" href=\"https:\/\/www.ub.edu\/in2ub\/es\/el-dr-jordi-diaz-rep-el-premi-a-la-divulgacio-de-la-ub\/\" \/>\n<meta property=\"og:locale\" content=\"es_ES\" \/>\n<meta property=\"og:type\" content=\"article\" \/>\n<meta property=\"og:title\" content=\"El Dr. Jordi D\u00edaz recibe el premio a la divulgaci\u00f3n de la UB - IN\u00b2UB\" \/>\n<meta property=\"og:description\" content=\"El doctor Jordi D\u00edaz, coordinador de divulgaci\u00f3n del Instituto, ha sido galardonado con el premio de divulgaci\u00f3n de la Universidad de Barcelona por su labor de liderazgo en comunicaci\u00f3n a la nanoescala. Este premio tiene como objetivo fomentar la difusi\u00f3n del conocimiento cient\u00edfico al conjunto de la sociedad. Entrega de Premios: El lunes 12 de...\" \/>\n<meta property=\"og:url\" content=\"https:\/\/www.ub.edu\/in2ub\/es\/el-dr-jordi-diaz-rep-el-premi-a-la-divulgacio-de-la-ub\/\" \/>\n<meta property=\"og:site_name\" content=\"IN\u00b2UB\" \/>\n<meta property=\"article:published_time\" content=\"2021-07-08T16:01:25+00:00\" \/>\n<meta property=\"article:modified_time\" content=\"2021-07-08T16:04:40+00:00\" \/>\n<meta property=\"og:image\" content=\"https:\/\/www.ub.edu\/in2ub\/wp-content\/uploads\/2020\/11\/placeholder-entrades.jpg\" \/>\n\t<meta property=\"og:image:width\" content=\"1280\" \/>\n\t<meta property=\"og:image:height\" content=\"720\" \/>\n\t<meta property=\"og:image:type\" content=\"image\/jpeg\" \/>\n<meta name=\"author\" content=\"IN2UB\" \/>\n<meta name=\"twitter:card\" content=\"summary_large_image\" \/>\n<meta name=\"twitter:label1\" content=\"Escrito por\" \/>\n\t<meta name=\"twitter:data1\" content=\"IN2UB\" \/>\n\t<meta name=\"twitter:label2\" content=\"Tiempo de lectura\" \/>\n\t<meta name=\"twitter:data2\" content=\"1 minuto\" \/>\n<script type=\"application\/ld+json\" class=\"yoast-schema-graph\">{\"@context\":\"https:\/\/schema.org\",\"@graph\":[{\"@type\":\"WebPage\",\"@id\":\"https:\/\/www.ub.edu\/in2ub\/es\/el-dr-jordi-diaz-rep-el-premi-a-la-divulgacio-de-la-ub\/\",\"url\":\"https:\/\/www.ub.edu\/in2ub\/es\/el-dr-jordi-diaz-rep-el-premi-a-la-divulgacio-de-la-ub\/\",\"name\":\"El Dr. Jordi D\u00edaz recibe el premio a la divulgaci\u00f3n de la UB - IN\u00b2UB\",\"isPartOf\":{\"@id\":\"https:\/\/www.ub.edu\/in2ub\/#website\"},\"primaryImageOfPage\":{\"@id\":\"https:\/\/www.ub.edu\/in2ub\/es\/el-dr-jordi-diaz-rep-el-premi-a-la-divulgacio-de-la-ub\/#primaryimage\"},\"image\":{\"@id\":\"https:\/\/www.ub.edu\/in2ub\/es\/el-dr-jordi-diaz-rep-el-premi-a-la-divulgacio-de-la-ub\/#primaryimage\"},\"thumbnailUrl\":\"https:\/\/www.ub.edu\/in2ub\/wp-content\/uploads\/2020\/11\/placeholder-entrades.jpg\",\"datePublished\":\"2021-07-08T16:01:25+00:00\",\"dateModified\":\"2021-07-08T16:04:40+00:00\",\"author\":{\"@id\":\"https:\/\/www.ub.edu\/in2ub\/#\/schema\/person\/fee647be08dbdfdd1486fbe8067be972\"},\"breadcrumb\":{\"@id\":\"https:\/\/www.ub.edu\/in2ub\/es\/el-dr-jordi-diaz-rep-el-premi-a-la-divulgacio-de-la-ub\/#breadcrumb\"},\"inLanguage\":\"es\",\"potentialAction\":[{\"@type\":\"ReadAction\",\"target\":[\"https:\/\/www.ub.edu\/in2ub\/es\/el-dr-jordi-diaz-rep-el-premi-a-la-divulgacio-de-la-ub\/\"]}]},{\"@type\":\"ImageObject\",\"inLanguage\":\"es\",\"@id\":\"https:\/\/www.ub.edu\/in2ub\/es\/el-dr-jordi-diaz-rep-el-premi-a-la-divulgacio-de-la-ub\/#primaryimage\",\"url\":\"https:\/\/www.ub.edu\/in2ub\/wp-content\/uploads\/2020\/11\/placeholder-entrades.jpg\",\"contentUrl\":\"https:\/\/www.ub.edu\/in2ub\/wp-content\/uploads\/2020\/11\/placeholder-entrades.jpg\",\"width\":1280,\"height\":720},{\"@type\":\"BreadcrumbList\",\"@id\":\"https:\/\/www.ub.edu\/in2ub\/es\/el-dr-jordi-diaz-rep-el-premi-a-la-divulgacio-de-la-ub\/#breadcrumb\",\"itemListElement\":[{\"@type\":\"ListItem\",\"position\":1,\"name\":\"Inici\",\"item\":\"https:\/\/www.ub.edu\/in2ub\/es\/\"},{\"@type\":\"ListItem\",\"position\":2,\"name\":\"El Dr. Jordi D\u00edaz recibe el premio a la divulgaci\u00f3n de la UB\"}]},{\"@type\":\"WebSite\",\"@id\":\"https:\/\/www.ub.edu\/in2ub\/#website\",\"url\":\"https:\/\/www.ub.edu\/in2ub\/\",\"name\":\"IN\u00b2UB\",\"description\":\"Institut de Nanoci\u00e8ncia i Nanotecnologia - Universitat de Barcelona\",\"potentialAction\":[{\"@type\":\"SearchAction\",\"target\":{\"@type\":\"EntryPoint\",\"urlTemplate\":\"https:\/\/www.ub.edu\/in2ub\/?s={search_term_string}\"},\"query-input\":{\"@type\":\"PropertyValueSpecification\",\"valueRequired\":true,\"valueName\":\"search_term_string\"}}],\"inLanguage\":\"es\"},{\"@type\":\"Person\",\"@id\":\"https:\/\/www.ub.edu\/in2ub\/#\/schema\/person\/fee647be08dbdfdd1486fbe8067be972\",\"name\":\"IN2UB\",\"image\":{\"@type\":\"ImageObject\",\"inLanguage\":\"es\",\"@id\":\"https:\/\/www.ub.edu\/in2ub\/#\/schema\/person\/image\/\",\"url\":\"https:\/\/secure.gravatar.com\/avatar\/15350879e1365c6016231f421f771d35?s=96&d=mm&r=g\",\"contentUrl\":\"https:\/\/secure.gravatar.com\/avatar\/15350879e1365c6016231f421f771d35?s=96&d=mm&r=g\",\"caption\":\"IN2UB\"},\"url\":\"https:\/\/www.ub.edu\/in2ub\/es\/author\/in2ub_doc\/\"}]}<\/script>\n<!-- \/ Yoast SEO plugin. -->","yoast_head_json":{"title":"El Dr. Jordi D\u00edaz recibe el premio a la divulgaci\u00f3n de la UB - IN\u00b2UB","robots":{"index":"index","follow":"follow","max-snippet":"max-snippet:-1","max-image-preview":"max-image-preview:large","max-video-preview":"max-video-preview:-1"},"canonical":"https:\/\/www.ub.edu\/in2ub\/es\/el-dr-jordi-diaz-rep-el-premi-a-la-divulgacio-de-la-ub\/","og_locale":"es_ES","og_type":"article","og_title":"El Dr. Jordi D\u00edaz recibe el premio a la divulgaci\u00f3n de la UB - IN\u00b2UB","og_description":"El doctor Jordi D\u00edaz, coordinador de divulgaci\u00f3n del Instituto, ha sido galardonado con el premio de divulgaci\u00f3n de la Universidad de Barcelona por su labor de liderazgo en comunicaci\u00f3n a la nanoescala. Este premio tiene como objetivo fomentar la difusi\u00f3n del conocimiento cient\u00edfico al conjunto de la sociedad. Entrega de Premios: El lunes 12 de...","og_url":"https:\/\/www.ub.edu\/in2ub\/es\/el-dr-jordi-diaz-rep-el-premi-a-la-divulgacio-de-la-ub\/","og_site_name":"IN\u00b2UB","article_published_time":"2021-07-08T16:01:25+00:00","article_modified_time":"2021-07-08T16:04:40+00:00","og_image":[{"width":1280,"height":720,"url":"https:\/\/www.ub.edu\/in2ub\/wp-content\/uploads\/2020\/11\/placeholder-entrades.jpg","type":"image\/jpeg"}],"author":"IN2UB","twitter_card":"summary_large_image","twitter_misc":{"Escrito por":"IN2UB","Tiempo de lectura":"1 minuto"},"schema":{"@context":"https:\/\/schema.org","@graph":[{"@type":"WebPage","@id":"https:\/\/www.ub.edu\/in2ub\/es\/el-dr-jordi-diaz-rep-el-premi-a-la-divulgacio-de-la-ub\/","url":"https:\/\/www.ub.edu\/in2ub\/es\/el-dr-jordi-diaz-rep-el-premi-a-la-divulgacio-de-la-ub\/","name":"El Dr. Jordi D\u00edaz recibe el premio a la divulgaci\u00f3n de la UB - IN\u00b2UB","isPartOf":{"@id":"https:\/\/www.ub.edu\/in2ub\/#website"},"primaryImageOfPage":{"@id":"https:\/\/www.ub.edu\/in2ub\/es\/el-dr-jordi-diaz-rep-el-premi-a-la-divulgacio-de-la-ub\/#primaryimage"},"image":{"@id":"https:\/\/www.ub.edu\/in2ub\/es\/el-dr-jordi-diaz-rep-el-premi-a-la-divulgacio-de-la-ub\/#primaryimage"},"thumbnailUrl":"https:\/\/www.ub.edu\/in2ub\/wp-content\/uploads\/2020\/11\/placeholder-entrades.jpg","datePublished":"2021-07-08T16:01:25+00:00","dateModified":"2021-07-08T16:04:40+00:00","author":{"@id":"https:\/\/www.ub.edu\/in2ub\/#\/schema\/person\/fee647be08dbdfdd1486fbe8067be972"},"breadcrumb":{"@id":"https:\/\/www.ub.edu\/in2ub\/es\/el-dr-jordi-diaz-rep-el-premi-a-la-divulgacio-de-la-ub\/#breadcrumb"},"inLanguage":"es","potentialAction":[{"@type":"ReadAction","target":["https:\/\/www.ub.edu\/in2ub\/es\/el-dr-jordi-diaz-rep-el-premi-a-la-divulgacio-de-la-ub\/"]}]},{"@type":"ImageObject","inLanguage":"es","@id":"https:\/\/www.ub.edu\/in2ub\/es\/el-dr-jordi-diaz-rep-el-premi-a-la-divulgacio-de-la-ub\/#primaryimage","url":"https:\/\/www.ub.edu\/in2ub\/wp-content\/uploads\/2020\/11\/placeholder-entrades.jpg","contentUrl":"https:\/\/www.ub.edu\/in2ub\/wp-content\/uploads\/2020\/11\/placeholder-entrades.jpg","width":1280,"height":720},{"@type":"BreadcrumbList","@id":"https:\/\/www.ub.edu\/in2ub\/es\/el-dr-jordi-diaz-rep-el-premi-a-la-divulgacio-de-la-ub\/#breadcrumb","itemListElement":[{"@type":"ListItem","position":1,"name":"Inici","item":"https:\/\/www.ub.edu\/in2ub\/es\/"},{"@type":"ListItem","position":2,"name":"El Dr. Jordi D\u00edaz recibe el premio a la divulgaci\u00f3n de la UB"}]},{"@type":"WebSite","@id":"https:\/\/www.ub.edu\/in2ub\/#website","url":"https:\/\/www.ub.edu\/in2ub\/","name":"IN\u00b2UB","description":"Institut de Nanoci\u00e8ncia i Nanotecnologia - Universitat de Barcelona","potentialAction":[{"@type":"SearchAction","target":{"@type":"EntryPoint","urlTemplate":"https:\/\/www.ub.edu\/in2ub\/?s={search_term_string}"},"query-input":{"@type":"PropertyValueSpecification","valueRequired":true,"valueName":"search_term_string"}}],"inLanguage":"es"},{"@type":"Person","@id":"https:\/\/www.ub.edu\/in2ub\/#\/schema\/person\/fee647be08dbdfdd1486fbe8067be972","name":"IN2UB","image":{"@type":"ImageObject","inLanguage":"es","@id":"https:\/\/www.ub.edu\/in2ub\/#\/schema\/person\/image\/","url":"https:\/\/secure.gravatar.com\/avatar\/15350879e1365c6016231f421f771d35?s=96&d=mm&r=g","contentUrl":"https:\/\/secure.gravatar.com\/avatar\/15350879e1365c6016231f421f771d35?s=96&d=mm&r=g","caption":"IN2UB"},"url":"https:\/\/www.ub.edu\/in2ub\/es\/author\/in2ub_doc\/"}]}},"_links":{"self":[{"href":"https:\/\/www.ub.edu\/in2ub\/es\/wp-json\/wp\/v2\/posts\/32919"}],"collection":[{"href":"https:\/\/www.ub.edu\/in2ub\/es\/wp-json\/wp\/v2\/posts"}],"about":[{"href":"https:\/\/www.ub.edu\/in2ub\/es\/wp-json\/wp\/v2\/types\/post"}],"author":[{"embeddable":true,"href":"https:\/\/www.ub.edu\/in2ub\/es\/wp-json\/wp\/v2\/users\/2"}],"replies":[{"embeddable":true,"href":"https:\/\/www.ub.edu\/in2ub\/es\/wp-json\/wp\/v2\/comments?post=32919"}],"version-history":[{"count":4,"href":"https:\/\/www.ub.edu\/in2ub\/es\/wp-json\/wp\/v2\/posts\/32919\/revisions"}],"predecessor-version":[{"id":32923,"href":"https:\/\/www.ub.edu\/in2ub\/es\/wp-json\/wp\/v2\/posts\/32919\/revisions\/32923"}],"wp:featuredmedia":[{"embeddable":true,"href":"https:\/\/www.ub.edu\/in2ub\/es\/wp-json\/wp\/v2\/media\/26053"}],"wp:attachment":[{"href":"https:\/\/www.ub.edu\/in2ub\/es\/wp-json\/wp\/v2\/media?parent=32919"}],"wp:term":[{"taxonomy":"category","embeddable":true,"href":"https:\/\/www.ub.edu\/in2ub\/es\/wp-json\/wp\/v2\/categories?post=32919"},{"taxonomy":"post_tag","embeddable":true,"href":"https:\/\/www.ub.edu\/in2ub\/es\/wp-json\/wp\/v2\/tags?post=32919"}],"curies":[{"name":"wp","href":"https:\/\/api.w.org\/{rel}","templated":true}]}}