{"id":43004,"date":"2022-05-02T14:29:49","date_gmt":"2022-05-02T12:29:49","guid":{"rendered":"https:\/\/www.ub.edu\/in2ub\/?p=43004"},"modified":"2022-05-03T11:31:20","modified_gmt":"2022-05-03T09:31:20","slug":"el-in%c2%b2ub-en-la-feria-de-empresas-del-area-de-ciencia-e-ingenieria-de-la-ub-el-4-de-mayo-2022","status":"publish","type":"post","link":"https:\/\/www.ub.edu\/in2ub\/es\/el-in%c2%b2ub-en-la-feria-de-empresas-del-area-de-ciencia-e-ingenieria-de-la-ub-el-4-de-mayo-2022\/","title":{"rendered":"El IN\u00b2UB en la Feria de Empresas del \u00c1rea de Ciencia e Ingenier\u00eda de la UB el 4 de mayo, 2022"},"content":{"rendered":"<p>El IN\u00b2UB estar\u00e1 presente en la XVI Edici\u00f3n de la Feria de Empresas del \u00c1rea de Ciencia e Ingenier\u00eda. En nuestro stand encontrar\u00e1 toda la informaci\u00f3n relacionada con la investigaci\u00f3n, actividades y oportunidades en el \u00e1mbito de la nanociencia y la nanotecnolog\u00eda.<\/p>\n<p>Fecha: 04\/05\/22 de 10.00h a 16.00h &#8211; Atri Solar (Facultades de Qu\u00edmica y F\u00edsica)<\/p>\n<p><a href=\"https:\/\/www.ub.edu\/ubforms\/ca\/fira-empreses\/xvi-fira-dempreses-facultats-de-ciencies-ub-4-de-maig-de-2022\" target=\"_blank\" rel=\"noopener\">FORMULARI D&#8217;INSCRIPCI\u00d3\u00a0<\/a><\/p>\n[<a href=\"https:\/\/www.ub.edu\/portal\/web\/ciencias-ingenierias\" target=\"_blank\" rel=\"noopener\">leer m\u00e1s<\/a>]\n","protected":false},"excerpt":{"rendered":"<p>El IN\u00b2UB estar\u00e1 presente en la XVI Edici\u00f3n de la Feria de Empresas del \u00c1rea de Ciencia e Ingenier\u00eda. En nuestro stand encontrar\u00e1 toda la informaci\u00f3n relacionada con la investigaci\u00f3n, actividades y oportunidades en el \u00e1mbito de la nanociencia y la nanotecnolog\u00eda. Fecha: 04\/05\/22 de 10.00h a 16.00h &#8211; Atri Solar (Facultades de Qu\u00edmica y&#8230;<\/p>\n","protected":false},"author":2,"featured_media":43009,"comment_status":"closed","ping_status":"closed","sticky":false,"template":"","format":"standard","meta":{"footnotes":""},"categories":[32,19],"tags":[],"yoast_head":"<!-- This site is optimized with the Yoast SEO plugin v23.5 - https:\/\/yoast.com\/wordpress\/plugins\/seo\/ -->\n<title>El IN\u00b2UB en la Feria de Empresas del \u00c1rea de Ciencia e Ingenier\u00eda de la UB el 4 de mayo, 2022 - IN\u00b2UB<\/title>\n<meta name=\"robots\" content=\"index, follow, max-snippet:-1, max-image-preview:large, max-video-preview:-1\" \/>\n<link rel=\"canonical\" href=\"https:\/\/www.ub.edu\/in2ub\/es\/el-in\u00b2ub-en-la-feria-de-empresas-del-area-de-ciencia-e-ingenieria-de-la-ub-el-4-de-mayo-2022\/\" \/>\n<meta property=\"og:locale\" content=\"es_ES\" \/>\n<meta property=\"og:type\" content=\"article\" \/>\n<meta property=\"og:title\" content=\"El IN\u00b2UB en la Feria de Empresas del \u00c1rea de Ciencia e Ingenier\u00eda de la UB el 4 de mayo, 2022 - IN\u00b2UB\" \/>\n<meta property=\"og:description\" content=\"El IN\u00b2UB estar\u00e1 presente en la XVI Edici\u00f3n de la Feria de Empresas del \u00c1rea de Ciencia e Ingenier\u00eda. En nuestro stand encontrar\u00e1 toda la informaci\u00f3n relacionada con la investigaci\u00f3n, actividades y oportunidades en el \u00e1mbito de la nanociencia y la nanotecnolog\u00eda. Fecha: 04\/05\/22 de 10.00h a 16.00h &#8211; Atri Solar (Facultades de Qu\u00edmica y...\" \/>\n<meta property=\"og:url\" content=\"https:\/\/www.ub.edu\/in2ub\/es\/el-in\u00b2ub-en-la-feria-de-empresas-del-area-de-ciencia-e-ingenieria-de-la-ub-el-4-de-mayo-2022\/\" \/>\n<meta property=\"og:site_name\" content=\"IN\u00b2UB\" \/>\n<meta property=\"article:published_time\" content=\"2022-05-02T12:29:49+00:00\" \/>\n<meta property=\"article:modified_time\" content=\"2022-05-03T09:31:20+00:00\" \/>\n<meta property=\"og:image\" content=\"https:\/\/www.ub.edu\/in2ub\/wp-content\/uploads\/2022\/05\/area_fira.JPG.png\" \/>\n\t<meta property=\"og:image:width\" content=\"896\" \/>\n\t<meta property=\"og:image:height\" content=\"299\" \/>\n\t<meta property=\"og:image:type\" content=\"image\/png\" \/>\n<meta name=\"author\" content=\"IN2UB\" \/>\n<meta name=\"twitter:card\" content=\"summary_large_image\" \/>\n<meta name=\"twitter:label1\" content=\"Escrito por\" \/>\n\t<meta name=\"twitter:data1\" content=\"IN2UB\" \/>\n<script type=\"application\/ld+json\" class=\"yoast-schema-graph\">{\"@context\":\"https:\/\/schema.org\",\"@graph\":[{\"@type\":\"WebPage\",\"@id\":\"https:\/\/www.ub.edu\/in2ub\/es\/el-in%c2%b2ub-en-la-feria-de-empresas-del-area-de-ciencia-e-ingenieria-de-la-ub-el-4-de-mayo-2022\/\",\"url\":\"https:\/\/www.ub.edu\/in2ub\/es\/el-in%c2%b2ub-en-la-feria-de-empresas-del-area-de-ciencia-e-ingenieria-de-la-ub-el-4-de-mayo-2022\/\",\"name\":\"El IN\u00b2UB en la Feria de Empresas del \u00c1rea de Ciencia e Ingenier\u00eda de la UB el 4 de mayo, 2022 - IN\u00b2UB\",\"isPartOf\":{\"@id\":\"https:\/\/www.ub.edu\/in2ub\/#website\"},\"primaryImageOfPage\":{\"@id\":\"https:\/\/www.ub.edu\/in2ub\/es\/el-in%c2%b2ub-en-la-feria-de-empresas-del-area-de-ciencia-e-ingenieria-de-la-ub-el-4-de-mayo-2022\/#primaryimage\"},\"image\":{\"@id\":\"https:\/\/www.ub.edu\/in2ub\/es\/el-in%c2%b2ub-en-la-feria-de-empresas-del-area-de-ciencia-e-ingenieria-de-la-ub-el-4-de-mayo-2022\/#primaryimage\"},\"thumbnailUrl\":\"https:\/\/www.ub.edu\/in2ub\/wp-content\/uploads\/2022\/05\/area_fira.JPG.png\",\"datePublished\":\"2022-05-02T12:29:49+00:00\",\"dateModified\":\"2022-05-03T09:31:20+00:00\",\"author\":{\"@id\":\"https:\/\/www.ub.edu\/in2ub\/#\/schema\/person\/fee647be08dbdfdd1486fbe8067be972\"},\"breadcrumb\":{\"@id\":\"https:\/\/www.ub.edu\/in2ub\/es\/el-in%c2%b2ub-en-la-feria-de-empresas-del-area-de-ciencia-e-ingenieria-de-la-ub-el-4-de-mayo-2022\/#breadcrumb\"},\"inLanguage\":\"es\",\"potentialAction\":[{\"@type\":\"ReadAction\",\"target\":[\"https:\/\/www.ub.edu\/in2ub\/es\/el-in%c2%b2ub-en-la-feria-de-empresas-del-area-de-ciencia-e-ingenieria-de-la-ub-el-4-de-mayo-2022\/\"]}]},{\"@type\":\"ImageObject\",\"inLanguage\":\"es\",\"@id\":\"https:\/\/www.ub.edu\/in2ub\/es\/el-in%c2%b2ub-en-la-feria-de-empresas-del-area-de-ciencia-e-ingenieria-de-la-ub-el-4-de-mayo-2022\/#primaryimage\",\"url\":\"https:\/\/www.ub.edu\/in2ub\/wp-content\/uploads\/2022\/05\/area_fira.JPG.png\",\"contentUrl\":\"https:\/\/www.ub.edu\/in2ub\/wp-content\/uploads\/2022\/05\/area_fira.JPG.png\",\"width\":896,\"height\":299},{\"@type\":\"BreadcrumbList\",\"@id\":\"https:\/\/www.ub.edu\/in2ub\/es\/el-in%c2%b2ub-en-la-feria-de-empresas-del-area-de-ciencia-e-ingenieria-de-la-ub-el-4-de-mayo-2022\/#breadcrumb\",\"itemListElement\":[{\"@type\":\"ListItem\",\"position\":1,\"name\":\"Inici\",\"item\":\"https:\/\/www.ub.edu\/in2ub\/es\/\"},{\"@type\":\"ListItem\",\"position\":2,\"name\":\"El IN\u00b2UB en la Feria de Empresas del \u00c1rea de Ciencia e Ingenier\u00eda de la UB el 4 de mayo, 2022\"}]},{\"@type\":\"WebSite\",\"@id\":\"https:\/\/www.ub.edu\/in2ub\/#website\",\"url\":\"https:\/\/www.ub.edu\/in2ub\/\",\"name\":\"IN\u00b2UB\",\"description\":\"Institut de Nanoci\u00e8ncia i Nanotecnologia - Universitat de Barcelona\",\"potentialAction\":[{\"@type\":\"SearchAction\",\"target\":{\"@type\":\"EntryPoint\",\"urlTemplate\":\"https:\/\/www.ub.edu\/in2ub\/?s={search_term_string}\"},\"query-input\":{\"@type\":\"PropertyValueSpecification\",\"valueRequired\":true,\"valueName\":\"search_term_string\"}}],\"inLanguage\":\"es\"},{\"@type\":\"Person\",\"@id\":\"https:\/\/www.ub.edu\/in2ub\/#\/schema\/person\/fee647be08dbdfdd1486fbe8067be972\",\"name\":\"IN2UB\",\"image\":{\"@type\":\"ImageObject\",\"inLanguage\":\"es\",\"@id\":\"https:\/\/www.ub.edu\/in2ub\/#\/schema\/person\/image\/\",\"url\":\"https:\/\/secure.gravatar.com\/avatar\/15350879e1365c6016231f421f771d35?s=96&d=mm&r=g\",\"contentUrl\":\"https:\/\/secure.gravatar.com\/avatar\/15350879e1365c6016231f421f771d35?s=96&d=mm&r=g\",\"caption\":\"IN2UB\"},\"url\":\"https:\/\/www.ub.edu\/in2ub\/es\/author\/in2ub_doc\/\"}]}<\/script>\n<!-- \/ Yoast SEO plugin. -->","yoast_head_json":{"title":"El IN\u00b2UB en la Feria de Empresas del \u00c1rea de Ciencia e Ingenier\u00eda de la UB el 4 de mayo, 2022 - IN\u00b2UB","robots":{"index":"index","follow":"follow","max-snippet":"max-snippet:-1","max-image-preview":"max-image-preview:large","max-video-preview":"max-video-preview:-1"},"canonical":"https:\/\/www.ub.edu\/in2ub\/es\/el-in\u00b2ub-en-la-feria-de-empresas-del-area-de-ciencia-e-ingenieria-de-la-ub-el-4-de-mayo-2022\/","og_locale":"es_ES","og_type":"article","og_title":"El IN\u00b2UB en la Feria de Empresas del \u00c1rea de Ciencia e Ingenier\u00eda de la UB el 4 de mayo, 2022 - IN\u00b2UB","og_description":"El IN\u00b2UB estar\u00e1 presente en la XVI Edici\u00f3n de la Feria de Empresas del \u00c1rea de Ciencia e Ingenier\u00eda. En nuestro stand encontrar\u00e1 toda la informaci\u00f3n relacionada con la investigaci\u00f3n, actividades y oportunidades en el \u00e1mbito de la nanociencia y la nanotecnolog\u00eda. Fecha: 04\/05\/22 de 10.00h a 16.00h &#8211; Atri Solar (Facultades de Qu\u00edmica y...","og_url":"https:\/\/www.ub.edu\/in2ub\/es\/el-in\u00b2ub-en-la-feria-de-empresas-del-area-de-ciencia-e-ingenieria-de-la-ub-el-4-de-mayo-2022\/","og_site_name":"IN\u00b2UB","article_published_time":"2022-05-02T12:29:49+00:00","article_modified_time":"2022-05-03T09:31:20+00:00","og_image":[{"width":896,"height":299,"url":"https:\/\/www.ub.edu\/in2ub\/wp-content\/uploads\/2022\/05\/area_fira.JPG.png","type":"image\/png"}],"author":"IN2UB","twitter_card":"summary_large_image","twitter_misc":{"Escrito por":"IN2UB"},"schema":{"@context":"https:\/\/schema.org","@graph":[{"@type":"WebPage","@id":"https:\/\/www.ub.edu\/in2ub\/es\/el-in%c2%b2ub-en-la-feria-de-empresas-del-area-de-ciencia-e-ingenieria-de-la-ub-el-4-de-mayo-2022\/","url":"https:\/\/www.ub.edu\/in2ub\/es\/el-in%c2%b2ub-en-la-feria-de-empresas-del-area-de-ciencia-e-ingenieria-de-la-ub-el-4-de-mayo-2022\/","name":"El IN\u00b2UB en la Feria de Empresas del \u00c1rea de Ciencia e Ingenier\u00eda de la UB el 4 de mayo, 2022 - IN\u00b2UB","isPartOf":{"@id":"https:\/\/www.ub.edu\/in2ub\/#website"},"primaryImageOfPage":{"@id":"https:\/\/www.ub.edu\/in2ub\/es\/el-in%c2%b2ub-en-la-feria-de-empresas-del-area-de-ciencia-e-ingenieria-de-la-ub-el-4-de-mayo-2022\/#primaryimage"},"image":{"@id":"https:\/\/www.ub.edu\/in2ub\/es\/el-in%c2%b2ub-en-la-feria-de-empresas-del-area-de-ciencia-e-ingenieria-de-la-ub-el-4-de-mayo-2022\/#primaryimage"},"thumbnailUrl":"https:\/\/www.ub.edu\/in2ub\/wp-content\/uploads\/2022\/05\/area_fira.JPG.png","datePublished":"2022-05-02T12:29:49+00:00","dateModified":"2022-05-03T09:31:20+00:00","author":{"@id":"https:\/\/www.ub.edu\/in2ub\/#\/schema\/person\/fee647be08dbdfdd1486fbe8067be972"},"breadcrumb":{"@id":"https:\/\/www.ub.edu\/in2ub\/es\/el-in%c2%b2ub-en-la-feria-de-empresas-del-area-de-ciencia-e-ingenieria-de-la-ub-el-4-de-mayo-2022\/#breadcrumb"},"inLanguage":"es","potentialAction":[{"@type":"ReadAction","target":["https:\/\/www.ub.edu\/in2ub\/es\/el-in%c2%b2ub-en-la-feria-de-empresas-del-area-de-ciencia-e-ingenieria-de-la-ub-el-4-de-mayo-2022\/"]}]},{"@type":"ImageObject","inLanguage":"es","@id":"https:\/\/www.ub.edu\/in2ub\/es\/el-in%c2%b2ub-en-la-feria-de-empresas-del-area-de-ciencia-e-ingenieria-de-la-ub-el-4-de-mayo-2022\/#primaryimage","url":"https:\/\/www.ub.edu\/in2ub\/wp-content\/uploads\/2022\/05\/area_fira.JPG.png","contentUrl":"https:\/\/www.ub.edu\/in2ub\/wp-content\/uploads\/2022\/05\/area_fira.JPG.png","width":896,"height":299},{"@type":"BreadcrumbList","@id":"https:\/\/www.ub.edu\/in2ub\/es\/el-in%c2%b2ub-en-la-feria-de-empresas-del-area-de-ciencia-e-ingenieria-de-la-ub-el-4-de-mayo-2022\/#breadcrumb","itemListElement":[{"@type":"ListItem","position":1,"name":"Inici","item":"https:\/\/www.ub.edu\/in2ub\/es\/"},{"@type":"ListItem","position":2,"name":"El IN\u00b2UB en la Feria de Empresas del \u00c1rea de Ciencia e Ingenier\u00eda de la UB el 4 de mayo, 2022"}]},{"@type":"WebSite","@id":"https:\/\/www.ub.edu\/in2ub\/#website","url":"https:\/\/www.ub.edu\/in2ub\/","name":"IN\u00b2UB","description":"Institut de Nanoci\u00e8ncia i Nanotecnologia - Universitat de Barcelona","potentialAction":[{"@type":"SearchAction","target":{"@type":"EntryPoint","urlTemplate":"https:\/\/www.ub.edu\/in2ub\/?s={search_term_string}"},"query-input":{"@type":"PropertyValueSpecification","valueRequired":true,"valueName":"search_term_string"}}],"inLanguage":"es"},{"@type":"Person","@id":"https:\/\/www.ub.edu\/in2ub\/#\/schema\/person\/fee647be08dbdfdd1486fbe8067be972","name":"IN2UB","image":{"@type":"ImageObject","inLanguage":"es","@id":"https:\/\/www.ub.edu\/in2ub\/#\/schema\/person\/image\/","url":"https:\/\/secure.gravatar.com\/avatar\/15350879e1365c6016231f421f771d35?s=96&d=mm&r=g","contentUrl":"https:\/\/secure.gravatar.com\/avatar\/15350879e1365c6016231f421f771d35?s=96&d=mm&r=g","caption":"IN2UB"},"url":"https:\/\/www.ub.edu\/in2ub\/es\/author\/in2ub_doc\/"}]}},"_links":{"self":[{"href":"https:\/\/www.ub.edu\/in2ub\/es\/wp-json\/wp\/v2\/posts\/43004"}],"collection":[{"href":"https:\/\/www.ub.edu\/in2ub\/es\/wp-json\/wp\/v2\/posts"}],"about":[{"href":"https:\/\/www.ub.edu\/in2ub\/es\/wp-json\/wp\/v2\/types\/post"}],"author":[{"embeddable":true,"href":"https:\/\/www.ub.edu\/in2ub\/es\/wp-json\/wp\/v2\/users\/2"}],"replies":[{"embeddable":true,"href":"https:\/\/www.ub.edu\/in2ub\/es\/wp-json\/wp\/v2\/comments?post=43004"}],"version-history":[{"count":3,"href":"https:\/\/www.ub.edu\/in2ub\/es\/wp-json\/wp\/v2\/posts\/43004\/revisions"}],"predecessor-version":[{"id":43013,"href":"https:\/\/www.ub.edu\/in2ub\/es\/wp-json\/wp\/v2\/posts\/43004\/revisions\/43013"}],"wp:featuredmedia":[{"embeddable":true,"href":"https:\/\/www.ub.edu\/in2ub\/es\/wp-json\/wp\/v2\/media\/43009"}],"wp:attachment":[{"href":"https:\/\/www.ub.edu\/in2ub\/es\/wp-json\/wp\/v2\/media?parent=43004"}],"wp:term":[{"taxonomy":"category","embeddable":true,"href":"https:\/\/www.ub.edu\/in2ub\/es\/wp-json\/wp\/v2\/categories?post=43004"},{"taxonomy":"post_tag","embeddable":true,"href":"https:\/\/www.ub.edu\/in2ub\/es\/wp-json\/wp\/v2\/tags?post=43004"}],"curies":[{"name":"wp","href":"https:\/\/api.w.org\/{rel}","templated":true}]}}