{"id":43286,"date":"2022-05-17T13:15:37","date_gmt":"2022-05-17T11:15:37","guid":{"rendered":"https:\/\/www.ub.edu\/in2ub\/?p=43286"},"modified":"2022-05-17T13:15:37","modified_gmt":"2022-05-17T11:15:37","slug":"lin%c2%b2ub-al-concurs-de-nanorelats-10alamenys9","status":"publish","type":"post","link":"https:\/\/www.ub.edu\/in2ub\/es\/lin%c2%b2ub-al-concurs-de-nanorelats-10alamenys9\/","title":{"rendered":"L&#8217;IN\u00b2UB al Concurs de Nanorelats 10alamenys9"},"content":{"rendered":"<p>L&#8217;IN\u00b2UB participa en l&#8217;organitzaci\u00f3 de la tercera edici\u00f3 del <strong>Concurs de Nanorelats, <\/strong>una activitat de literatura i ci\u00e8ncia\u00a0 en forma de concurs dirigit a alumnes de 3er i 4rt d&#8217;ESO i de 1er i 2on de Batxillerat<\/p>\n[<a href=\"https:\/\/www.enciclopedia.cat\/divulcat\/Literatura-i-nanociencia-Concurs-de-nanorelats-10alamenys9\" target=\"_blank\" rel=\"noopener\">llegir m\u00e9s<\/a>]\n","protected":false},"excerpt":{"rendered":"<p>L&#8217;IN\u00b2UB participa en l&#8217;organitzaci\u00f3 de la tercera edici\u00f3 del Concurs de Nanorelats, una activitat de literatura i ci\u00e8ncia\u00a0 en forma de concurs dirigit a alumnes de 3er i 4rt d&#8217;ESO i de 1er i 2on de Batxillerat [llegir m\u00e9s]<\/p>\n","protected":false},"author":2,"featured_media":43281,"comment_status":"closed","ping_status":"closed","sticky":false,"template":"","format":"standard","meta":{"footnotes":""},"categories":[32,40,19],"tags":[],"yoast_head":"<!-- This site is optimized with the Yoast SEO plugin v23.5 - https:\/\/yoast.com\/wordpress\/plugins\/seo\/ -->\n<title>L&#039;IN\u00b2UB al Concurs de Nanorelats 10alamenys9 - IN\u00b2UB<\/title>\n<meta name=\"robots\" content=\"index, follow, max-snippet:-1, max-image-preview:large, max-video-preview:-1\" \/>\n<link rel=\"canonical\" href=\"https:\/\/www.ub.edu\/in2ub\/es\/lin\u00b2ub-al-concurs-de-nanorelats-10alamenys9\/\" \/>\n<meta property=\"og:locale\" content=\"es_ES\" \/>\n<meta property=\"og:type\" content=\"article\" \/>\n<meta property=\"og:title\" content=\"L&#039;IN\u00b2UB al Concurs de Nanorelats 10alamenys9 - IN\u00b2UB\" \/>\n<meta property=\"og:description\" content=\"L&#8217;IN\u00b2UB participa en l&#8217;organitzaci\u00f3 de la tercera edici\u00f3 del Concurs de Nanorelats, una activitat de literatura i ci\u00e8ncia\u00a0 en forma de concurs dirigit a alumnes de 3er i 4rt d&#8217;ESO i de 1er i 2on de Batxillerat [llegir m\u00e9s]\" \/>\n<meta property=\"og:url\" content=\"https:\/\/www.ub.edu\/in2ub\/es\/lin\u00b2ub-al-concurs-de-nanorelats-10alamenys9\/\" \/>\n<meta property=\"og:site_name\" content=\"IN\u00b2UB\" \/>\n<meta property=\"article:published_time\" content=\"2022-05-17T11:15:37+00:00\" \/>\n<meta property=\"og:image\" content=\"https:\/\/www.ub.edu\/in2ub\/wp-content\/uploads\/2022\/05\/Concurs_Nanorelats.png\" \/>\n\t<meta property=\"og:image:width\" content=\"658\" \/>\n\t<meta property=\"og:image:height\" content=\"370\" \/>\n\t<meta property=\"og:image:type\" content=\"image\/png\" \/>\n<meta name=\"author\" content=\"IN2UB\" \/>\n<meta name=\"twitter:card\" content=\"summary_large_image\" \/>\n<meta name=\"twitter:label1\" content=\"Escrito por\" \/>\n\t<meta name=\"twitter:data1\" content=\"IN2UB\" \/>\n<script type=\"application\/ld+json\" class=\"yoast-schema-graph\">{\"@context\":\"https:\/\/schema.org\",\"@graph\":[{\"@type\":\"WebPage\",\"@id\":\"https:\/\/www.ub.edu\/in2ub\/es\/lin%c2%b2ub-al-concurs-de-nanorelats-10alamenys9\/\",\"url\":\"https:\/\/www.ub.edu\/in2ub\/es\/lin%c2%b2ub-al-concurs-de-nanorelats-10alamenys9\/\",\"name\":\"L'IN\u00b2UB al Concurs de Nanorelats 10alamenys9 - IN\u00b2UB\",\"isPartOf\":{\"@id\":\"https:\/\/www.ub.edu\/in2ub\/#website\"},\"primaryImageOfPage\":{\"@id\":\"https:\/\/www.ub.edu\/in2ub\/es\/lin%c2%b2ub-al-concurs-de-nanorelats-10alamenys9\/#primaryimage\"},\"image\":{\"@id\":\"https:\/\/www.ub.edu\/in2ub\/es\/lin%c2%b2ub-al-concurs-de-nanorelats-10alamenys9\/#primaryimage\"},\"thumbnailUrl\":\"https:\/\/www.ub.edu\/in2ub\/wp-content\/uploads\/2022\/05\/Concurs_Nanorelats.png\",\"datePublished\":\"2022-05-17T11:15:37+00:00\",\"dateModified\":\"2022-05-17T11:15:37+00:00\",\"author\":{\"@id\":\"https:\/\/www.ub.edu\/in2ub\/#\/schema\/person\/fee647be08dbdfdd1486fbe8067be972\"},\"breadcrumb\":{\"@id\":\"https:\/\/www.ub.edu\/in2ub\/es\/lin%c2%b2ub-al-concurs-de-nanorelats-10alamenys9\/#breadcrumb\"},\"inLanguage\":\"es\",\"potentialAction\":[{\"@type\":\"ReadAction\",\"target\":[\"https:\/\/www.ub.edu\/in2ub\/es\/lin%c2%b2ub-al-concurs-de-nanorelats-10alamenys9\/\"]}]},{\"@type\":\"ImageObject\",\"inLanguage\":\"es\",\"@id\":\"https:\/\/www.ub.edu\/in2ub\/es\/lin%c2%b2ub-al-concurs-de-nanorelats-10alamenys9\/#primaryimage\",\"url\":\"https:\/\/www.ub.edu\/in2ub\/wp-content\/uploads\/2022\/05\/Concurs_Nanorelats.png\",\"contentUrl\":\"https:\/\/www.ub.edu\/in2ub\/wp-content\/uploads\/2022\/05\/Concurs_Nanorelats.png\",\"width\":658,\"height\":370},{\"@type\":\"BreadcrumbList\",\"@id\":\"https:\/\/www.ub.edu\/in2ub\/es\/lin%c2%b2ub-al-concurs-de-nanorelats-10alamenys9\/#breadcrumb\",\"itemListElement\":[{\"@type\":\"ListItem\",\"position\":1,\"name\":\"Inici\",\"item\":\"https:\/\/www.ub.edu\/in2ub\/es\/\"},{\"@type\":\"ListItem\",\"position\":2,\"name\":\"L&#8217;IN\u00b2UB al Concurs de Nanorelats 10alamenys9\"}]},{\"@type\":\"WebSite\",\"@id\":\"https:\/\/www.ub.edu\/in2ub\/#website\",\"url\":\"https:\/\/www.ub.edu\/in2ub\/\",\"name\":\"IN\u00b2UB\",\"description\":\"Institut de Nanoci\u00e8ncia i Nanotecnologia - Universitat de Barcelona\",\"potentialAction\":[{\"@type\":\"SearchAction\",\"target\":{\"@type\":\"EntryPoint\",\"urlTemplate\":\"https:\/\/www.ub.edu\/in2ub\/?s={search_term_string}\"},\"query-input\":{\"@type\":\"PropertyValueSpecification\",\"valueRequired\":true,\"valueName\":\"search_term_string\"}}],\"inLanguage\":\"es\"},{\"@type\":\"Person\",\"@id\":\"https:\/\/www.ub.edu\/in2ub\/#\/schema\/person\/fee647be08dbdfdd1486fbe8067be972\",\"name\":\"IN2UB\",\"image\":{\"@type\":\"ImageObject\",\"inLanguage\":\"es\",\"@id\":\"https:\/\/www.ub.edu\/in2ub\/#\/schema\/person\/image\/\",\"url\":\"https:\/\/secure.gravatar.com\/avatar\/15350879e1365c6016231f421f771d35?s=96&d=mm&r=g\",\"contentUrl\":\"https:\/\/secure.gravatar.com\/avatar\/15350879e1365c6016231f421f771d35?s=96&d=mm&r=g\",\"caption\":\"IN2UB\"},\"url\":\"https:\/\/www.ub.edu\/in2ub\/es\/author\/in2ub_doc\/\"}]}<\/script>\n<!-- \/ Yoast SEO plugin. -->","yoast_head_json":{"title":"L'IN\u00b2UB al Concurs de Nanorelats 10alamenys9 - IN\u00b2UB","robots":{"index":"index","follow":"follow","max-snippet":"max-snippet:-1","max-image-preview":"max-image-preview:large","max-video-preview":"max-video-preview:-1"},"canonical":"https:\/\/www.ub.edu\/in2ub\/es\/lin\u00b2ub-al-concurs-de-nanorelats-10alamenys9\/","og_locale":"es_ES","og_type":"article","og_title":"L'IN\u00b2UB al Concurs de Nanorelats 10alamenys9 - IN\u00b2UB","og_description":"L&#8217;IN\u00b2UB participa en l&#8217;organitzaci\u00f3 de la tercera edici\u00f3 del Concurs de Nanorelats, una activitat de literatura i ci\u00e8ncia\u00a0 en forma de concurs dirigit a alumnes de 3er i 4rt d&#8217;ESO i de 1er i 2on de Batxillerat [llegir m\u00e9s]","og_url":"https:\/\/www.ub.edu\/in2ub\/es\/lin\u00b2ub-al-concurs-de-nanorelats-10alamenys9\/","og_site_name":"IN\u00b2UB","article_published_time":"2022-05-17T11:15:37+00:00","og_image":[{"width":658,"height":370,"url":"https:\/\/www.ub.edu\/in2ub\/wp-content\/uploads\/2022\/05\/Concurs_Nanorelats.png","type":"image\/png"}],"author":"IN2UB","twitter_card":"summary_large_image","twitter_misc":{"Escrito por":"IN2UB"},"schema":{"@context":"https:\/\/schema.org","@graph":[{"@type":"WebPage","@id":"https:\/\/www.ub.edu\/in2ub\/es\/lin%c2%b2ub-al-concurs-de-nanorelats-10alamenys9\/","url":"https:\/\/www.ub.edu\/in2ub\/es\/lin%c2%b2ub-al-concurs-de-nanorelats-10alamenys9\/","name":"L'IN\u00b2UB al Concurs de Nanorelats 10alamenys9 - IN\u00b2UB","isPartOf":{"@id":"https:\/\/www.ub.edu\/in2ub\/#website"},"primaryImageOfPage":{"@id":"https:\/\/www.ub.edu\/in2ub\/es\/lin%c2%b2ub-al-concurs-de-nanorelats-10alamenys9\/#primaryimage"},"image":{"@id":"https:\/\/www.ub.edu\/in2ub\/es\/lin%c2%b2ub-al-concurs-de-nanorelats-10alamenys9\/#primaryimage"},"thumbnailUrl":"https:\/\/www.ub.edu\/in2ub\/wp-content\/uploads\/2022\/05\/Concurs_Nanorelats.png","datePublished":"2022-05-17T11:15:37+00:00","dateModified":"2022-05-17T11:15:37+00:00","author":{"@id":"https:\/\/www.ub.edu\/in2ub\/#\/schema\/person\/fee647be08dbdfdd1486fbe8067be972"},"breadcrumb":{"@id":"https:\/\/www.ub.edu\/in2ub\/es\/lin%c2%b2ub-al-concurs-de-nanorelats-10alamenys9\/#breadcrumb"},"inLanguage":"es","potentialAction":[{"@type":"ReadAction","target":["https:\/\/www.ub.edu\/in2ub\/es\/lin%c2%b2ub-al-concurs-de-nanorelats-10alamenys9\/"]}]},{"@type":"ImageObject","inLanguage":"es","@id":"https:\/\/www.ub.edu\/in2ub\/es\/lin%c2%b2ub-al-concurs-de-nanorelats-10alamenys9\/#primaryimage","url":"https:\/\/www.ub.edu\/in2ub\/wp-content\/uploads\/2022\/05\/Concurs_Nanorelats.png","contentUrl":"https:\/\/www.ub.edu\/in2ub\/wp-content\/uploads\/2022\/05\/Concurs_Nanorelats.png","width":658,"height":370},{"@type":"BreadcrumbList","@id":"https:\/\/www.ub.edu\/in2ub\/es\/lin%c2%b2ub-al-concurs-de-nanorelats-10alamenys9\/#breadcrumb","itemListElement":[{"@type":"ListItem","position":1,"name":"Inici","item":"https:\/\/www.ub.edu\/in2ub\/es\/"},{"@type":"ListItem","position":2,"name":"L&#8217;IN\u00b2UB al Concurs de Nanorelats 10alamenys9"}]},{"@type":"WebSite","@id":"https:\/\/www.ub.edu\/in2ub\/#website","url":"https:\/\/www.ub.edu\/in2ub\/","name":"IN\u00b2UB","description":"Institut de Nanoci\u00e8ncia i Nanotecnologia - Universitat de Barcelona","potentialAction":[{"@type":"SearchAction","target":{"@type":"EntryPoint","urlTemplate":"https:\/\/www.ub.edu\/in2ub\/?s={search_term_string}"},"query-input":{"@type":"PropertyValueSpecification","valueRequired":true,"valueName":"search_term_string"}}],"inLanguage":"es"},{"@type":"Person","@id":"https:\/\/www.ub.edu\/in2ub\/#\/schema\/person\/fee647be08dbdfdd1486fbe8067be972","name":"IN2UB","image":{"@type":"ImageObject","inLanguage":"es","@id":"https:\/\/www.ub.edu\/in2ub\/#\/schema\/person\/image\/","url":"https:\/\/secure.gravatar.com\/avatar\/15350879e1365c6016231f421f771d35?s=96&d=mm&r=g","contentUrl":"https:\/\/secure.gravatar.com\/avatar\/15350879e1365c6016231f421f771d35?s=96&d=mm&r=g","caption":"IN2UB"},"url":"https:\/\/www.ub.edu\/in2ub\/es\/author\/in2ub_doc\/"}]}},"_links":{"self":[{"href":"https:\/\/www.ub.edu\/in2ub\/es\/wp-json\/wp\/v2\/posts\/43286"}],"collection":[{"href":"https:\/\/www.ub.edu\/in2ub\/es\/wp-json\/wp\/v2\/posts"}],"about":[{"href":"https:\/\/www.ub.edu\/in2ub\/es\/wp-json\/wp\/v2\/types\/post"}],"author":[{"embeddable":true,"href":"https:\/\/www.ub.edu\/in2ub\/es\/wp-json\/wp\/v2\/users\/2"}],"replies":[{"embeddable":true,"href":"https:\/\/www.ub.edu\/in2ub\/es\/wp-json\/wp\/v2\/comments?post=43286"}],"version-history":[{"count":2,"href":"https:\/\/www.ub.edu\/in2ub\/es\/wp-json\/wp\/v2\/posts\/43286\/revisions"}],"predecessor-version":[{"id":43288,"href":"https:\/\/www.ub.edu\/in2ub\/es\/wp-json\/wp\/v2\/posts\/43286\/revisions\/43288"}],"wp:featuredmedia":[{"embeddable":true,"href":"https:\/\/www.ub.edu\/in2ub\/es\/wp-json\/wp\/v2\/media\/43281"}],"wp:attachment":[{"href":"https:\/\/www.ub.edu\/in2ub\/es\/wp-json\/wp\/v2\/media?parent=43286"}],"wp:term":[{"taxonomy":"category","embeddable":true,"href":"https:\/\/www.ub.edu\/in2ub\/es\/wp-json\/wp\/v2\/categories?post=43286"},{"taxonomy":"post_tag","embeddable":true,"href":"https:\/\/www.ub.edu\/in2ub\/es\/wp-json\/wp\/v2\/tags?post=43286"}],"curies":[{"name":"wp","href":"https:\/\/api.w.org\/{rel}","templated":true}]}}