{"id":43626,"date":"2022-09-07T11:13:06","date_gmt":"2022-09-07T09:13:06","guid":{"rendered":"https:\/\/www.ub.edu\/in2ub\/1era-reunio-de-quimica-inorganica-i-organometal%c2%b7lica-de-la-scq\/"},"modified":"2022-10-14T12:06:19","modified_gmt":"2022-10-14T10:06:19","slug":"1era-reunio-de-quimica-inorganica-i-organometal%c2%b7lica-de-la-scq","status":"publish","type":"post","link":"https:\/\/www.ub.edu\/in2ub\/es\/1era-reunio-de-quimica-inorganica-i-organometal%c2%b7lica-de-la-scq\/","title":{"rendered":"1era REUNI\u00d3 DE QU\u00cdMICA INORG\u00c0NICA I ORGANOMET\u00c0L\u00b7LICA de la SCQ"},"content":{"rendered":"<p><strong>1era REUNI\u00d3 DE QU\u00cdMICA INORG\u00c0NICA<\/strong><br \/>\n<strong>I ORGANOMET\u00c0L\u00b7LICA de la SCQ &#8211; RQIO 2023<\/strong><\/p>\n<p>La Societat Catalana de Qu\u00edmica us convida a la seva primera trobada sobre qu\u00edmica inorg\u00e0nica i organomet\u00e0l\u00b7lica per tal de ressaltar i potenciar la riquesa al nostre \u00e0mbit en aquests camps cient\u00edfics.<\/p>\n<p>2-3 Febrer de 2023- La Casa de la Convalesc\u00e8ncia, seu de l\u2019Institut d\u2019Estudis Catalans i situada al barri del Raval de Barcelona, ser\u00e0 el lloc d\u2019aquesta reuni\u00f3. Us hi esperem!<\/p>\n<p><strong>Ponents Plenaris<\/strong><\/p>\n<p>Prof. Corine Mathoni\u00e8re, CNRS, Univ. de Bordeus, (Fran\u00e7a)<br \/>\nProf. Ruben Martin, ICIQ, Tarragona<br \/>\nProf. Eva Hevia, Univ. de Berna, (Su\u00efssa)<br \/>\nProf. Guillermo M\u00ednguez, Univ. de Val\u00e8ncia, ICMol, Val\u00e8ncia<\/p>\n<p><a href=\"https:\/\/rqio-scq.iec.cat\/\" target=\"_blank\" rel=\"noopener\"><strong>PROGRAMA I\u00a0INSCRIPCIONS<\/strong><\/a><\/p>\n<p><em>Aquest esdeveniment ha rebut suport per part de l&#8217;IN2UB a trav\u00e9s de l&#8217;Ajut a l&#8217;Organitzaci\u00f3 de congressos i activitats cient\u00edfiques.<\/em><\/p>\n","protected":false},"excerpt":{"rendered":"<p>1era REUNI\u00d3 DE QU\u00cdMICA INORG\u00c0NICA I ORGANOMET\u00c0L\u00b7LICA de la SCQ &#8211; RQIO 2023 La Societat Catalana de Qu\u00edmica us convida a la seva primera trobada sobre qu\u00edmica inorg\u00e0nica i organomet\u00e0l\u00b7lica per tal de ressaltar i potenciar la riquesa al nostre \u00e0mbit en aquests camps cient\u00edfics. 2-3 Febrer de 2023- La Casa de la Convalesc\u00e8ncia, seu&#8230;<\/p>\n","protected":false},"author":2,"featured_media":43612,"comment_status":"closed","ping_status":"closed","sticky":false,"template":"","format":"standard","meta":{"footnotes":""},"categories":[32,19],"tags":[],"yoast_head":"<!-- This site is optimized with the Yoast SEO plugin v23.5 - https:\/\/yoast.com\/wordpress\/plugins\/seo\/ -->\n<title>1era REUNI\u00d3 DE QU\u00cdMICA INORG\u00c0NICA I ORGANOMET\u00c0L\u00b7LICA de la SCQ - IN\u00b2UB<\/title>\n<meta name=\"robots\" content=\"index, follow, max-snippet:-1, max-image-preview:large, max-video-preview:-1\" \/>\n<link rel=\"canonical\" href=\"https:\/\/www.ub.edu\/in2ub\/es\/1era-reunio-de-quimica-inorganica-i-organometal\u00b7lica-de-la-scq\/\" \/>\n<meta property=\"og:locale\" content=\"es_ES\" \/>\n<meta property=\"og:type\" content=\"article\" \/>\n<meta property=\"og:title\" content=\"1era REUNI\u00d3 DE QU\u00cdMICA INORG\u00c0NICA I ORGANOMET\u00c0L\u00b7LICA de la SCQ - IN\u00b2UB\" \/>\n<meta property=\"og:description\" content=\"1era REUNI\u00d3 DE QU\u00cdMICA INORG\u00c0NICA I ORGANOMET\u00c0L\u00b7LICA de la SCQ &#8211; RQIO 2023 La Societat Catalana de Qu\u00edmica us convida a la seva primera trobada sobre qu\u00edmica inorg\u00e0nica i organomet\u00e0l\u00b7lica per tal de ressaltar i potenciar la riquesa al nostre \u00e0mbit en aquests camps cient\u00edfics. 2-3 Febrer de 2023- La Casa de la Convalesc\u00e8ncia, seu...\" \/>\n<meta property=\"og:url\" content=\"https:\/\/www.ub.edu\/in2ub\/es\/1era-reunio-de-quimica-inorganica-i-organometal\u00b7lica-de-la-scq\/\" \/>\n<meta property=\"og:site_name\" content=\"IN\u00b2UB\" \/>\n<meta property=\"article:published_time\" content=\"2022-09-07T09:13:06+00:00\" \/>\n<meta property=\"article:modified_time\" content=\"2022-10-14T10:06:19+00:00\" \/>\n<meta property=\"og:image\" content=\"https:\/\/www.ub.edu\/in2ub\/wp-content\/uploads\/2022\/09\/RQIO-2023.jpg\" \/>\n\t<meta property=\"og:image:width\" content=\"784\" \/>\n\t<meta property=\"og:image:height\" content=\"245\" \/>\n\t<meta property=\"og:image:type\" content=\"image\/jpeg\" \/>\n<meta name=\"author\" content=\"IN2UB\" \/>\n<meta name=\"twitter:card\" content=\"summary_large_image\" \/>\n<meta name=\"twitter:label1\" content=\"Escrito por\" \/>\n\t<meta name=\"twitter:data1\" content=\"IN2UB\" \/>\n\t<meta name=\"twitter:label2\" content=\"Tiempo de lectura\" \/>\n\t<meta name=\"twitter:data2\" content=\"1 minuto\" \/>\n<script type=\"application\/ld+json\" class=\"yoast-schema-graph\">{\"@context\":\"https:\/\/schema.org\",\"@graph\":[{\"@type\":\"WebPage\",\"@id\":\"https:\/\/www.ub.edu\/in2ub\/es\/1era-reunio-de-quimica-inorganica-i-organometal%c2%b7lica-de-la-scq\/\",\"url\":\"https:\/\/www.ub.edu\/in2ub\/es\/1era-reunio-de-quimica-inorganica-i-organometal%c2%b7lica-de-la-scq\/\",\"name\":\"1era REUNI\u00d3 DE QU\u00cdMICA INORG\u00c0NICA I ORGANOMET\u00c0L\u00b7LICA de la SCQ - IN\u00b2UB\",\"isPartOf\":{\"@id\":\"https:\/\/www.ub.edu\/in2ub\/#website\"},\"primaryImageOfPage\":{\"@id\":\"https:\/\/www.ub.edu\/in2ub\/es\/1era-reunio-de-quimica-inorganica-i-organometal%c2%b7lica-de-la-scq\/#primaryimage\"},\"image\":{\"@id\":\"https:\/\/www.ub.edu\/in2ub\/es\/1era-reunio-de-quimica-inorganica-i-organometal%c2%b7lica-de-la-scq\/#primaryimage\"},\"thumbnailUrl\":\"https:\/\/www.ub.edu\/in2ub\/wp-content\/uploads\/2022\/09\/RQIO-2023.jpg\",\"datePublished\":\"2022-09-07T09:13:06+00:00\",\"dateModified\":\"2022-10-14T10:06:19+00:00\",\"author\":{\"@id\":\"https:\/\/www.ub.edu\/in2ub\/#\/schema\/person\/fee647be08dbdfdd1486fbe8067be972\"},\"breadcrumb\":{\"@id\":\"https:\/\/www.ub.edu\/in2ub\/es\/1era-reunio-de-quimica-inorganica-i-organometal%c2%b7lica-de-la-scq\/#breadcrumb\"},\"inLanguage\":\"es\",\"potentialAction\":[{\"@type\":\"ReadAction\",\"target\":[\"https:\/\/www.ub.edu\/in2ub\/es\/1era-reunio-de-quimica-inorganica-i-organometal%c2%b7lica-de-la-scq\/\"]}]},{\"@type\":\"ImageObject\",\"inLanguage\":\"es\",\"@id\":\"https:\/\/www.ub.edu\/in2ub\/es\/1era-reunio-de-quimica-inorganica-i-organometal%c2%b7lica-de-la-scq\/#primaryimage\",\"url\":\"https:\/\/www.ub.edu\/in2ub\/wp-content\/uploads\/2022\/09\/RQIO-2023.jpg\",\"contentUrl\":\"https:\/\/www.ub.edu\/in2ub\/wp-content\/uploads\/2022\/09\/RQIO-2023.jpg\",\"width\":784,\"height\":245},{\"@type\":\"BreadcrumbList\",\"@id\":\"https:\/\/www.ub.edu\/in2ub\/es\/1era-reunio-de-quimica-inorganica-i-organometal%c2%b7lica-de-la-scq\/#breadcrumb\",\"itemListElement\":[{\"@type\":\"ListItem\",\"position\":1,\"name\":\"Inici\",\"item\":\"https:\/\/www.ub.edu\/in2ub\/es\/\"},{\"@type\":\"ListItem\",\"position\":2,\"name\":\"1era REUNI\u00d3 DE QU\u00cdMICA INORG\u00c0NICA I ORGANOMET\u00c0L\u00b7LICA de la SCQ\"}]},{\"@type\":\"WebSite\",\"@id\":\"https:\/\/www.ub.edu\/in2ub\/#website\",\"url\":\"https:\/\/www.ub.edu\/in2ub\/\",\"name\":\"IN\u00b2UB\",\"description\":\"Institut de Nanoci\u00e8ncia i Nanotecnologia - Universitat de Barcelona\",\"potentialAction\":[{\"@type\":\"SearchAction\",\"target\":{\"@type\":\"EntryPoint\",\"urlTemplate\":\"https:\/\/www.ub.edu\/in2ub\/?s={search_term_string}\"},\"query-input\":{\"@type\":\"PropertyValueSpecification\",\"valueRequired\":true,\"valueName\":\"search_term_string\"}}],\"inLanguage\":\"es\"},{\"@type\":\"Person\",\"@id\":\"https:\/\/www.ub.edu\/in2ub\/#\/schema\/person\/fee647be08dbdfdd1486fbe8067be972\",\"name\":\"IN2UB\",\"image\":{\"@type\":\"ImageObject\",\"inLanguage\":\"es\",\"@id\":\"https:\/\/www.ub.edu\/in2ub\/#\/schema\/person\/image\/\",\"url\":\"https:\/\/secure.gravatar.com\/avatar\/15350879e1365c6016231f421f771d35?s=96&d=mm&r=g\",\"contentUrl\":\"https:\/\/secure.gravatar.com\/avatar\/15350879e1365c6016231f421f771d35?s=96&d=mm&r=g\",\"caption\":\"IN2UB\"},\"url\":\"https:\/\/www.ub.edu\/in2ub\/es\/author\/in2ub_doc\/\"}]}<\/script>\n<!-- \/ Yoast SEO plugin. -->","yoast_head_json":{"title":"1era REUNI\u00d3 DE QU\u00cdMICA INORG\u00c0NICA I ORGANOMET\u00c0L\u00b7LICA de la SCQ - IN\u00b2UB","robots":{"index":"index","follow":"follow","max-snippet":"max-snippet:-1","max-image-preview":"max-image-preview:large","max-video-preview":"max-video-preview:-1"},"canonical":"https:\/\/www.ub.edu\/in2ub\/es\/1era-reunio-de-quimica-inorganica-i-organometal\u00b7lica-de-la-scq\/","og_locale":"es_ES","og_type":"article","og_title":"1era REUNI\u00d3 DE QU\u00cdMICA INORG\u00c0NICA I ORGANOMET\u00c0L\u00b7LICA de la SCQ - IN\u00b2UB","og_description":"1era REUNI\u00d3 DE QU\u00cdMICA INORG\u00c0NICA I ORGANOMET\u00c0L\u00b7LICA de la SCQ &#8211; RQIO 2023 La Societat Catalana de Qu\u00edmica us convida a la seva primera trobada sobre qu\u00edmica inorg\u00e0nica i organomet\u00e0l\u00b7lica per tal de ressaltar i potenciar la riquesa al nostre \u00e0mbit en aquests camps cient\u00edfics. 2-3 Febrer de 2023- La Casa de la Convalesc\u00e8ncia, seu...","og_url":"https:\/\/www.ub.edu\/in2ub\/es\/1era-reunio-de-quimica-inorganica-i-organometal\u00b7lica-de-la-scq\/","og_site_name":"IN\u00b2UB","article_published_time":"2022-09-07T09:13:06+00:00","article_modified_time":"2022-10-14T10:06:19+00:00","og_image":[{"width":784,"height":245,"url":"https:\/\/www.ub.edu\/in2ub\/wp-content\/uploads\/2022\/09\/RQIO-2023.jpg","type":"image\/jpeg"}],"author":"IN2UB","twitter_card":"summary_large_image","twitter_misc":{"Escrito por":"IN2UB","Tiempo de lectura":"1 minuto"},"schema":{"@context":"https:\/\/schema.org","@graph":[{"@type":"WebPage","@id":"https:\/\/www.ub.edu\/in2ub\/es\/1era-reunio-de-quimica-inorganica-i-organometal%c2%b7lica-de-la-scq\/","url":"https:\/\/www.ub.edu\/in2ub\/es\/1era-reunio-de-quimica-inorganica-i-organometal%c2%b7lica-de-la-scq\/","name":"1era REUNI\u00d3 DE QU\u00cdMICA INORG\u00c0NICA I ORGANOMET\u00c0L\u00b7LICA de la SCQ - IN\u00b2UB","isPartOf":{"@id":"https:\/\/www.ub.edu\/in2ub\/#website"},"primaryImageOfPage":{"@id":"https:\/\/www.ub.edu\/in2ub\/es\/1era-reunio-de-quimica-inorganica-i-organometal%c2%b7lica-de-la-scq\/#primaryimage"},"image":{"@id":"https:\/\/www.ub.edu\/in2ub\/es\/1era-reunio-de-quimica-inorganica-i-organometal%c2%b7lica-de-la-scq\/#primaryimage"},"thumbnailUrl":"https:\/\/www.ub.edu\/in2ub\/wp-content\/uploads\/2022\/09\/RQIO-2023.jpg","datePublished":"2022-09-07T09:13:06+00:00","dateModified":"2022-10-14T10:06:19+00:00","author":{"@id":"https:\/\/www.ub.edu\/in2ub\/#\/schema\/person\/fee647be08dbdfdd1486fbe8067be972"},"breadcrumb":{"@id":"https:\/\/www.ub.edu\/in2ub\/es\/1era-reunio-de-quimica-inorganica-i-organometal%c2%b7lica-de-la-scq\/#breadcrumb"},"inLanguage":"es","potentialAction":[{"@type":"ReadAction","target":["https:\/\/www.ub.edu\/in2ub\/es\/1era-reunio-de-quimica-inorganica-i-organometal%c2%b7lica-de-la-scq\/"]}]},{"@type":"ImageObject","inLanguage":"es","@id":"https:\/\/www.ub.edu\/in2ub\/es\/1era-reunio-de-quimica-inorganica-i-organometal%c2%b7lica-de-la-scq\/#primaryimage","url":"https:\/\/www.ub.edu\/in2ub\/wp-content\/uploads\/2022\/09\/RQIO-2023.jpg","contentUrl":"https:\/\/www.ub.edu\/in2ub\/wp-content\/uploads\/2022\/09\/RQIO-2023.jpg","width":784,"height":245},{"@type":"BreadcrumbList","@id":"https:\/\/www.ub.edu\/in2ub\/es\/1era-reunio-de-quimica-inorganica-i-organometal%c2%b7lica-de-la-scq\/#breadcrumb","itemListElement":[{"@type":"ListItem","position":1,"name":"Inici","item":"https:\/\/www.ub.edu\/in2ub\/es\/"},{"@type":"ListItem","position":2,"name":"1era REUNI\u00d3 DE QU\u00cdMICA INORG\u00c0NICA I ORGANOMET\u00c0L\u00b7LICA de la SCQ"}]},{"@type":"WebSite","@id":"https:\/\/www.ub.edu\/in2ub\/#website","url":"https:\/\/www.ub.edu\/in2ub\/","name":"IN\u00b2UB","description":"Institut de Nanoci\u00e8ncia i Nanotecnologia - Universitat de Barcelona","potentialAction":[{"@type":"SearchAction","target":{"@type":"EntryPoint","urlTemplate":"https:\/\/www.ub.edu\/in2ub\/?s={search_term_string}"},"query-input":{"@type":"PropertyValueSpecification","valueRequired":true,"valueName":"search_term_string"}}],"inLanguage":"es"},{"@type":"Person","@id":"https:\/\/www.ub.edu\/in2ub\/#\/schema\/person\/fee647be08dbdfdd1486fbe8067be972","name":"IN2UB","image":{"@type":"ImageObject","inLanguage":"es","@id":"https:\/\/www.ub.edu\/in2ub\/#\/schema\/person\/image\/","url":"https:\/\/secure.gravatar.com\/avatar\/15350879e1365c6016231f421f771d35?s=96&d=mm&r=g","contentUrl":"https:\/\/secure.gravatar.com\/avatar\/15350879e1365c6016231f421f771d35?s=96&d=mm&r=g","caption":"IN2UB"},"url":"https:\/\/www.ub.edu\/in2ub\/es\/author\/in2ub_doc\/"}]}},"_links":{"self":[{"href":"https:\/\/www.ub.edu\/in2ub\/es\/wp-json\/wp\/v2\/posts\/43626"}],"collection":[{"href":"https:\/\/www.ub.edu\/in2ub\/es\/wp-json\/wp\/v2\/posts"}],"about":[{"href":"https:\/\/www.ub.edu\/in2ub\/es\/wp-json\/wp\/v2\/types\/post"}],"author":[{"embeddable":true,"href":"https:\/\/www.ub.edu\/in2ub\/es\/wp-json\/wp\/v2\/users\/2"}],"replies":[{"embeddable":true,"href":"https:\/\/www.ub.edu\/in2ub\/es\/wp-json\/wp\/v2\/comments?post=43626"}],"version-history":[{"count":2,"href":"https:\/\/www.ub.edu\/in2ub\/es\/wp-json\/wp\/v2\/posts\/43626\/revisions"}],"predecessor-version":[{"id":43751,"href":"https:\/\/www.ub.edu\/in2ub\/es\/wp-json\/wp\/v2\/posts\/43626\/revisions\/43751"}],"wp:featuredmedia":[{"embeddable":true,"href":"https:\/\/www.ub.edu\/in2ub\/es\/wp-json\/wp\/v2\/media\/43612"}],"wp:attachment":[{"href":"https:\/\/www.ub.edu\/in2ub\/es\/wp-json\/wp\/v2\/media?parent=43626"}],"wp:term":[{"taxonomy":"category","embeddable":true,"href":"https:\/\/www.ub.edu\/in2ub\/es\/wp-json\/wp\/v2\/categories?post=43626"},{"taxonomy":"post_tag","embeddable":true,"href":"https:\/\/www.ub.edu\/in2ub\/es\/wp-json\/wp\/v2\/tags?post=43626"}],"curies":[{"name":"wp","href":"https:\/\/api.w.org\/{rel}","templated":true}]}}