{"id":50976,"date":"2024-10-07T12:01:09","date_gmt":"2024-10-07T10:01:09","guid":{"rendered":"https:\/\/www.ub.edu\/in2ub\/?p=50976"},"modified":"2024-10-07T13:20:17","modified_gmt":"2024-10-07T11:20:17","slug":"2a-reunio-de-quimica-inorganica-i-organometal%c2%b7lica-de-la-societat-catalana-de-quimica-2rqio-scq-5-7-febrer-2025","status":"publish","type":"post","link":"https:\/\/www.ub.edu\/in2ub\/2a-reunio-de-quimica-inorganica-i-organometal%c2%b7lica-de-la-societat-catalana-de-quimica-2rqio-scq-5-7-febrer-2025\/","title":{"rendered":"2a REUNI\u00d3 DE QU\u00cdMICA INORG\u00c0NICA I ORGANOMET\u00c0L\u00b7LICA DE LA SOCIETAT CATALANA DE QU\u00cdMICA (2RQIO-SCQ) 5-7 Febrer 2025"},"content":{"rendered":"<div class=\"et_pb_slides\">\n<div class=\"et_pb_slide et_pb_slide_4 et_pb_bg_layout_dark et_pb_media_alignment_center et_pb_slider_with_text_overlay et-pb-active-slide\" data-slide-id=\"et_pb_slide_4\">\n<div class=\"et_pb_container clearfix\">\n<div class=\"et_pb_slider_container_inner\">\n<div class=\"et_pb_slide_description\">\n<div class=\"et_pb_text_overlay_wrapper\">\n<p class=\"et_pb_slide_title\"><strong>2a REUNI\u00d3 DE QU\u00cdMICA INORG\u00c0NICA I ORGANOMET\u00c0L\u00b7LICA DE LA SOCIETAT CATALANA DE QU\u00cdMICA (2RQIO-SCQ)<\/strong><\/p>\n<\/div>\n<p>Seva segona trobada sobre <strong>qu\u00edmica inorg\u00e0nica i organomet\u00e0l\u00b7lica<\/strong>\u00a0per tal de ressaltar i potenciar la riquesa al nostre \u00e0mbit en aquests camps cient\u00edfics.<\/p>\n<div class=\"et_pb_text_overlay_wrapper\">\n<p>Date and Venue: 5-7 Febrer 2025 &#8211; Sala Paranimf a l\u2019antic escorxador de Tarragona, seu del Rectorat de la Universitat Rovira i Virgili (Tarragona)<\/p>\n<p><strong>Registration<\/strong>: Until 10\/01\/2025<\/p>\n<p><strong>Poster Abstract Submission Deadline<\/strong>: 02\/12\/2024<\/p>\n<\/div>\n<h6 class=\"et_pb_button_wrapper\"><a class=\"et_pb_button et_pb_more_button\" href=\"https:\/\/rqio-scq.iec.cat\/#\" target=\"_blank\" rel=\"noopener\">Read more<\/a><\/h6>\n<\/div>\n<\/div>\n<\/div>\n<\/div>\n<\/div>\n<p class=\"et-pb-slider-arrows\">\n<div><\/div>\n<div><em><strong>Sponsored by IN\u00b2UB (2024 Call for Organization of Congresses)<\/strong><\/em><\/div>\n","protected":false},"excerpt":{"rendered":"<p>2a REUNI\u00d3 DE QU\u00cdMICA INORG\u00c0NICA I ORGANOMET\u00c0L\u00b7LICA DE LA SOCIETAT CATALANA DE QU\u00cdMICA (2RQIO-SCQ) Seva segona trobada sobre qu\u00edmica inorg\u00e0nica i organomet\u00e0l\u00b7lica\u00a0per tal de ressaltar i potenciar la riquesa al nostre \u00e0mbit en aquests camps cient\u00edfics. Date and Venue: 5-7 Febrer 2025 &#8211; Sala Paranimf a l\u2019antic escorxador de Tarragona, seu del Rectorat de la&#8230;<\/p>\n","protected":false},"author":2,"featured_media":50972,"comment_status":"closed","ping_status":"closed","sticky":false,"template":"","format":"standard","meta":{"footnotes":""},"categories":[11,1],"tags":[],"yoast_head":"<!-- This site is optimized with the Yoast SEO plugin v23.5 - https:\/\/yoast.com\/wordpress\/plugins\/seo\/ -->\n<title>2a REUNI\u00d3 DE QU\u00cdMICA INORG\u00c0NICA I ORGANOMET\u00c0L\u00b7LICA DE LA SOCIETAT CATALANA DE QU\u00cdMICA (2RQIO-SCQ) 5-7 Febrer 2025 - IN\u00b2UB<\/title>\n<meta name=\"robots\" content=\"index, follow, max-snippet:-1, max-image-preview:large, max-video-preview:-1\" \/>\n<link rel=\"canonical\" href=\"https:\/\/www.ub.edu\/in2ub\/2a-reunio-de-quimica-inorganica-i-organometal\u00b7lica-de-la-societat-catalana-de-quimica-2rqio-scq-5-7-febrer-2025\/\" \/>\n<meta property=\"og:locale\" content=\"en_US\" \/>\n<meta property=\"og:type\" content=\"article\" \/>\n<meta property=\"og:title\" content=\"2a REUNI\u00d3 DE QU\u00cdMICA INORG\u00c0NICA I ORGANOMET\u00c0L\u00b7LICA DE LA SOCIETAT CATALANA DE QU\u00cdMICA (2RQIO-SCQ) 5-7 Febrer 2025 - IN\u00b2UB\" \/>\n<meta property=\"og:description\" content=\"2a REUNI\u00d3 DE QU\u00cdMICA INORG\u00c0NICA I ORGANOMET\u00c0L\u00b7LICA DE LA SOCIETAT CATALANA DE QU\u00cdMICA (2RQIO-SCQ) Seva segona trobada sobre qu\u00edmica inorg\u00e0nica i organomet\u00e0l\u00b7lica\u00a0per tal de ressaltar i potenciar la riquesa al nostre \u00e0mbit en aquests camps cient\u00edfics. Date and Venue: 5-7 Febrer 2025 &#8211; Sala Paranimf a l\u2019antic escorxador de Tarragona, seu del Rectorat de la...\" \/>\n<meta property=\"og:url\" content=\"https:\/\/www.ub.edu\/in2ub\/2a-reunio-de-quimica-inorganica-i-organometal\u00b7lica-de-la-societat-catalana-de-quimica-2rqio-scq-5-7-febrer-2025\/\" \/>\n<meta property=\"og:site_name\" content=\"IN\u00b2UB\" \/>\n<meta property=\"article:published_time\" content=\"2024-10-07T10:01:09+00:00\" \/>\n<meta property=\"article:modified_time\" content=\"2024-10-07T11:20:17+00:00\" \/>\n<meta property=\"og:image\" content=\"https:\/\/www.ub.edu\/in2ub\/wp-content\/uploads\/2024\/10\/Events_in2ub.png\" \/>\n\t<meta property=\"og:image:width\" content=\"321\" \/>\n\t<meta property=\"og:image:height\" content=\"195\" \/>\n\t<meta property=\"og:image:type\" content=\"image\/png\" \/>\n<meta name=\"author\" content=\"IN2UB\" \/>\n<meta name=\"twitter:card\" content=\"summary_large_image\" \/>\n<meta name=\"twitter:label1\" content=\"Written by\" \/>\n\t<meta name=\"twitter:data1\" content=\"IN2UB\" \/>\n\t<meta name=\"twitter:label2\" content=\"Est. reading time\" \/>\n\t<meta name=\"twitter:data2\" content=\"1 minute\" \/>\n<script type=\"application\/ld+json\" class=\"yoast-schema-graph\">{\"@context\":\"https:\/\/schema.org\",\"@graph\":[{\"@type\":\"WebPage\",\"@id\":\"https:\/\/www.ub.edu\/in2ub\/2a-reunio-de-quimica-inorganica-i-organometal%c2%b7lica-de-la-societat-catalana-de-quimica-2rqio-scq-5-7-febrer-2025\/\",\"url\":\"https:\/\/www.ub.edu\/in2ub\/2a-reunio-de-quimica-inorganica-i-organometal%c2%b7lica-de-la-societat-catalana-de-quimica-2rqio-scq-5-7-febrer-2025\/\",\"name\":\"2a REUNI\u00d3 DE QU\u00cdMICA INORG\u00c0NICA I ORGANOMET\u00c0L\u00b7LICA DE LA SOCIETAT CATALANA DE QU\u00cdMICA (2RQIO-SCQ) 5-7 Febrer 2025 - IN\u00b2UB\",\"isPartOf\":{\"@id\":\"https:\/\/www.ub.edu\/in2ub\/#website\"},\"primaryImageOfPage\":{\"@id\":\"https:\/\/www.ub.edu\/in2ub\/2a-reunio-de-quimica-inorganica-i-organometal%c2%b7lica-de-la-societat-catalana-de-quimica-2rqio-scq-5-7-febrer-2025\/#primaryimage\"},\"image\":{\"@id\":\"https:\/\/www.ub.edu\/in2ub\/2a-reunio-de-quimica-inorganica-i-organometal%c2%b7lica-de-la-societat-catalana-de-quimica-2rqio-scq-5-7-febrer-2025\/#primaryimage\"},\"thumbnailUrl\":\"https:\/\/www.ub.edu\/in2ub\/wp-content\/uploads\/2024\/10\/Events_in2ub.png\",\"datePublished\":\"2024-10-07T10:01:09+00:00\",\"dateModified\":\"2024-10-07T11:20:17+00:00\",\"author\":{\"@id\":\"https:\/\/www.ub.edu\/in2ub\/#\/schema\/person\/fee647be08dbdfdd1486fbe8067be972\"},\"breadcrumb\":{\"@id\":\"https:\/\/www.ub.edu\/in2ub\/2a-reunio-de-quimica-inorganica-i-organometal%c2%b7lica-de-la-societat-catalana-de-quimica-2rqio-scq-5-7-febrer-2025\/#breadcrumb\"},\"inLanguage\":\"en-US\",\"potentialAction\":[{\"@type\":\"ReadAction\",\"target\":[\"https:\/\/www.ub.edu\/in2ub\/2a-reunio-de-quimica-inorganica-i-organometal%c2%b7lica-de-la-societat-catalana-de-quimica-2rqio-scq-5-7-febrer-2025\/\"]}]},{\"@type\":\"ImageObject\",\"inLanguage\":\"en-US\",\"@id\":\"https:\/\/www.ub.edu\/in2ub\/2a-reunio-de-quimica-inorganica-i-organometal%c2%b7lica-de-la-societat-catalana-de-quimica-2rqio-scq-5-7-febrer-2025\/#primaryimage\",\"url\":\"https:\/\/www.ub.edu\/in2ub\/wp-content\/uploads\/2024\/10\/Events_in2ub.png\",\"contentUrl\":\"https:\/\/www.ub.edu\/in2ub\/wp-content\/uploads\/2024\/10\/Events_in2ub.png\",\"width\":321,\"height\":195},{\"@type\":\"BreadcrumbList\",\"@id\":\"https:\/\/www.ub.edu\/in2ub\/2a-reunio-de-quimica-inorganica-i-organometal%c2%b7lica-de-la-societat-catalana-de-quimica-2rqio-scq-5-7-febrer-2025\/#breadcrumb\",\"itemListElement\":[{\"@type\":\"ListItem\",\"position\":1,\"name\":\"Inici\",\"item\":\"https:\/\/www.ub.edu\/in2ub\/\"},{\"@type\":\"ListItem\",\"position\":2,\"name\":\"2a REUNI\u00d3 DE QU\u00cdMICA INORG\u00c0NICA I ORGANOMET\u00c0L\u00b7LICA DE LA SOCIETAT CATALANA DE QU\u00cdMICA (2RQIO-SCQ) 5-7 Febrer 2025\"}]},{\"@type\":\"WebSite\",\"@id\":\"https:\/\/www.ub.edu\/in2ub\/#website\",\"url\":\"https:\/\/www.ub.edu\/in2ub\/\",\"name\":\"IN\u00b2UB\",\"description\":\"Institut de Nanoci\u00e8ncia i Nanotecnologia - Universitat de Barcelona\",\"potentialAction\":[{\"@type\":\"SearchAction\",\"target\":{\"@type\":\"EntryPoint\",\"urlTemplate\":\"https:\/\/www.ub.edu\/in2ub\/?s={search_term_string}\"},\"query-input\":{\"@type\":\"PropertyValueSpecification\",\"valueRequired\":true,\"valueName\":\"search_term_string\"}}],\"inLanguage\":\"en-US\"},{\"@type\":\"Person\",\"@id\":\"https:\/\/www.ub.edu\/in2ub\/#\/schema\/person\/fee647be08dbdfdd1486fbe8067be972\",\"name\":\"IN2UB\",\"image\":{\"@type\":\"ImageObject\",\"inLanguage\":\"en-US\",\"@id\":\"https:\/\/www.ub.edu\/in2ub\/#\/schema\/person\/image\/\",\"url\":\"https:\/\/secure.gravatar.com\/avatar\/15350879e1365c6016231f421f771d35?s=96&d=mm&r=g\",\"contentUrl\":\"https:\/\/secure.gravatar.com\/avatar\/15350879e1365c6016231f421f771d35?s=96&d=mm&r=g\",\"caption\":\"IN2UB\"},\"url\":\"https:\/\/www.ub.edu\/in2ub\/author\/in2ub_doc\/\"}]}<\/script>\n<!-- \/ Yoast SEO plugin. -->","yoast_head_json":{"title":"2a REUNI\u00d3 DE QU\u00cdMICA INORG\u00c0NICA I ORGANOMET\u00c0L\u00b7LICA DE LA SOCIETAT CATALANA DE QU\u00cdMICA (2RQIO-SCQ) 5-7 Febrer 2025 - IN\u00b2UB","robots":{"index":"index","follow":"follow","max-snippet":"max-snippet:-1","max-image-preview":"max-image-preview:large","max-video-preview":"max-video-preview:-1"},"canonical":"https:\/\/www.ub.edu\/in2ub\/2a-reunio-de-quimica-inorganica-i-organometal\u00b7lica-de-la-societat-catalana-de-quimica-2rqio-scq-5-7-febrer-2025\/","og_locale":"en_US","og_type":"article","og_title":"2a REUNI\u00d3 DE QU\u00cdMICA INORG\u00c0NICA I ORGANOMET\u00c0L\u00b7LICA DE LA SOCIETAT CATALANA DE QU\u00cdMICA (2RQIO-SCQ) 5-7 Febrer 2025 - IN\u00b2UB","og_description":"2a REUNI\u00d3 DE QU\u00cdMICA INORG\u00c0NICA I ORGANOMET\u00c0L\u00b7LICA DE LA SOCIETAT CATALANA DE QU\u00cdMICA (2RQIO-SCQ) Seva segona trobada sobre qu\u00edmica inorg\u00e0nica i organomet\u00e0l\u00b7lica\u00a0per tal de ressaltar i potenciar la riquesa al nostre \u00e0mbit en aquests camps cient\u00edfics. Date and Venue: 5-7 Febrer 2025 &#8211; Sala Paranimf a l\u2019antic escorxador de Tarragona, seu del Rectorat de la...","og_url":"https:\/\/www.ub.edu\/in2ub\/2a-reunio-de-quimica-inorganica-i-organometal\u00b7lica-de-la-societat-catalana-de-quimica-2rqio-scq-5-7-febrer-2025\/","og_site_name":"IN\u00b2UB","article_published_time":"2024-10-07T10:01:09+00:00","article_modified_time":"2024-10-07T11:20:17+00:00","og_image":[{"width":321,"height":195,"url":"https:\/\/www.ub.edu\/in2ub\/wp-content\/uploads\/2024\/10\/Events_in2ub.png","type":"image\/png"}],"author":"IN2UB","twitter_card":"summary_large_image","twitter_misc":{"Written by":"IN2UB","Est. reading time":"1 minute"},"schema":{"@context":"https:\/\/schema.org","@graph":[{"@type":"WebPage","@id":"https:\/\/www.ub.edu\/in2ub\/2a-reunio-de-quimica-inorganica-i-organometal%c2%b7lica-de-la-societat-catalana-de-quimica-2rqio-scq-5-7-febrer-2025\/","url":"https:\/\/www.ub.edu\/in2ub\/2a-reunio-de-quimica-inorganica-i-organometal%c2%b7lica-de-la-societat-catalana-de-quimica-2rqio-scq-5-7-febrer-2025\/","name":"2a REUNI\u00d3 DE QU\u00cdMICA INORG\u00c0NICA I ORGANOMET\u00c0L\u00b7LICA DE LA SOCIETAT CATALANA DE QU\u00cdMICA (2RQIO-SCQ) 5-7 Febrer 2025 - IN\u00b2UB","isPartOf":{"@id":"https:\/\/www.ub.edu\/in2ub\/#website"},"primaryImageOfPage":{"@id":"https:\/\/www.ub.edu\/in2ub\/2a-reunio-de-quimica-inorganica-i-organometal%c2%b7lica-de-la-societat-catalana-de-quimica-2rqio-scq-5-7-febrer-2025\/#primaryimage"},"image":{"@id":"https:\/\/www.ub.edu\/in2ub\/2a-reunio-de-quimica-inorganica-i-organometal%c2%b7lica-de-la-societat-catalana-de-quimica-2rqio-scq-5-7-febrer-2025\/#primaryimage"},"thumbnailUrl":"https:\/\/www.ub.edu\/in2ub\/wp-content\/uploads\/2024\/10\/Events_in2ub.png","datePublished":"2024-10-07T10:01:09+00:00","dateModified":"2024-10-07T11:20:17+00:00","author":{"@id":"https:\/\/www.ub.edu\/in2ub\/#\/schema\/person\/fee647be08dbdfdd1486fbe8067be972"},"breadcrumb":{"@id":"https:\/\/www.ub.edu\/in2ub\/2a-reunio-de-quimica-inorganica-i-organometal%c2%b7lica-de-la-societat-catalana-de-quimica-2rqio-scq-5-7-febrer-2025\/#breadcrumb"},"inLanguage":"en-US","potentialAction":[{"@type":"ReadAction","target":["https:\/\/www.ub.edu\/in2ub\/2a-reunio-de-quimica-inorganica-i-organometal%c2%b7lica-de-la-societat-catalana-de-quimica-2rqio-scq-5-7-febrer-2025\/"]}]},{"@type":"ImageObject","inLanguage":"en-US","@id":"https:\/\/www.ub.edu\/in2ub\/2a-reunio-de-quimica-inorganica-i-organometal%c2%b7lica-de-la-societat-catalana-de-quimica-2rqio-scq-5-7-febrer-2025\/#primaryimage","url":"https:\/\/www.ub.edu\/in2ub\/wp-content\/uploads\/2024\/10\/Events_in2ub.png","contentUrl":"https:\/\/www.ub.edu\/in2ub\/wp-content\/uploads\/2024\/10\/Events_in2ub.png","width":321,"height":195},{"@type":"BreadcrumbList","@id":"https:\/\/www.ub.edu\/in2ub\/2a-reunio-de-quimica-inorganica-i-organometal%c2%b7lica-de-la-societat-catalana-de-quimica-2rqio-scq-5-7-febrer-2025\/#breadcrumb","itemListElement":[{"@type":"ListItem","position":1,"name":"Inici","item":"https:\/\/www.ub.edu\/in2ub\/"},{"@type":"ListItem","position":2,"name":"2a REUNI\u00d3 DE QU\u00cdMICA INORG\u00c0NICA I ORGANOMET\u00c0L\u00b7LICA DE LA SOCIETAT CATALANA DE QU\u00cdMICA (2RQIO-SCQ) 5-7 Febrer 2025"}]},{"@type":"WebSite","@id":"https:\/\/www.ub.edu\/in2ub\/#website","url":"https:\/\/www.ub.edu\/in2ub\/","name":"IN\u00b2UB","description":"Institut de Nanoci\u00e8ncia i Nanotecnologia - Universitat de Barcelona","potentialAction":[{"@type":"SearchAction","target":{"@type":"EntryPoint","urlTemplate":"https:\/\/www.ub.edu\/in2ub\/?s={search_term_string}"},"query-input":{"@type":"PropertyValueSpecification","valueRequired":true,"valueName":"search_term_string"}}],"inLanguage":"en-US"},{"@type":"Person","@id":"https:\/\/www.ub.edu\/in2ub\/#\/schema\/person\/fee647be08dbdfdd1486fbe8067be972","name":"IN2UB","image":{"@type":"ImageObject","inLanguage":"en-US","@id":"https:\/\/www.ub.edu\/in2ub\/#\/schema\/person\/image\/","url":"https:\/\/secure.gravatar.com\/avatar\/15350879e1365c6016231f421f771d35?s=96&d=mm&r=g","contentUrl":"https:\/\/secure.gravatar.com\/avatar\/15350879e1365c6016231f421f771d35?s=96&d=mm&r=g","caption":"IN2UB"},"url":"https:\/\/www.ub.edu\/in2ub\/author\/in2ub_doc\/"}]}},"_links":{"self":[{"href":"https:\/\/www.ub.edu\/in2ub\/wp-json\/wp\/v2\/posts\/50976"}],"collection":[{"href":"https:\/\/www.ub.edu\/in2ub\/wp-json\/wp\/v2\/posts"}],"about":[{"href":"https:\/\/www.ub.edu\/in2ub\/wp-json\/wp\/v2\/types\/post"}],"author":[{"embeddable":true,"href":"https:\/\/www.ub.edu\/in2ub\/wp-json\/wp\/v2\/users\/2"}],"replies":[{"embeddable":true,"href":"https:\/\/www.ub.edu\/in2ub\/wp-json\/wp\/v2\/comments?post=50976"}],"version-history":[{"count":5,"href":"https:\/\/www.ub.edu\/in2ub\/wp-json\/wp\/v2\/posts\/50976\/revisions"}],"predecessor-version":[{"id":51002,"href":"https:\/\/www.ub.edu\/in2ub\/wp-json\/wp\/v2\/posts\/50976\/revisions\/51002"}],"wp:featuredmedia":[{"embeddable":true,"href":"https:\/\/www.ub.edu\/in2ub\/wp-json\/wp\/v2\/media\/50972"}],"wp:attachment":[{"href":"https:\/\/www.ub.edu\/in2ub\/wp-json\/wp\/v2\/media?parent=50976"}],"wp:term":[{"taxonomy":"category","embeddable":true,"href":"https:\/\/www.ub.edu\/in2ub\/wp-json\/wp\/v2\/categories?post=50976"},{"taxonomy":"post_tag","embeddable":true,"href":"https:\/\/www.ub.edu\/in2ub\/wp-json\/wp\/v2\/tags?post=50976"}],"curies":[{"name":"wp","href":"https:\/\/api.w.org\/{rel}","templated":true}]}}