{"id":6847,"date":"2022-07-13T08:40:37","date_gmt":"2022-07-13T08:40:37","guid":{"rendered":"https:\/\/www.ub.edu\/masterae\/?p=6847"},"modified":"2022-07-13T08:40:37","modified_gmt":"2022-07-13T08:40:37","slug":"masiva-asistencia-la-jornada-tecnica-gestion-de-cubiertas-vegetales-con-roller-crimper-en-horticultura-ecologica","status":"publish","type":"post","link":"https:\/\/www.ub.edu\/masterae\/masiva-asistencia-la-jornada-tecnica-gestion-de-cubiertas-vegetales-con-roller-crimper-en-horticultura-ecologica\/","title":{"rendered":"Masiva asistencia a la jornada t\u00e9cnica \u201cGesti\u00f3n de cubiertas vegetales con roller crimper en horticultura ecol\u00f3gica\u201d"},"content":{"rendered":"<p style=\"text-align: justify;\"><strong>La masiva asistencia a la jornada t\u00e9cnica \u201cGesti\u00f3 de cobertes vegetals amb roller en horticultura ecol\u00f2gica\u201d refleja el enorme inter\u00e9s del sector agr\u00edcola por innovaciones t\u00e9cnicas que mejoren la sustentabilidad agron\u00f3mica-econ\u00f3mica, ecol\u00f3gica y ambiental de los sistemas agr\u00edcolas<\/strong><\/p>\n<p style=\"text-align: justify;\">La gesti\u00f3n de las especies arvenses es el principal problema t\u00e9cnico al que tienen que hacer frente los agricultores ecol\u00f3gicos en los cultivos hort\u00edcolas. La deficiente gesti\u00f3n de las poblaciones de las especies arvenses puede comportar la reducci\u00f3n del rendimiento y\/o costes adicionales asociados a la gesti\u00f3n mec\u00e1nica y manual. La introducci\u00f3n de los cultivos de cobertura y el establecimiento una densa capa de residuos vegetales sujetos al suelo por las ra\u00edces que progresivamente se van desecando mediante el roller-crimper, y la selecci\u00f3n de las especies m\u00e1s apropiadas parecen adecuados para reducir el impacto de la flora arvense, pero los rendimientos pueden ser inferiores a causa de la menor mineralizaci\u00f3n de la materia org\u00e1nica. Por estos motivos, la optimizaci\u00f3n del control de la flora arvense y del rendimiento de los cultivos requiere la incorporaci\u00f3n de innovaciones tecnol\u00f3gicas. Adem\u00e1s de la supresi\u00f3n de la flora arvense, las diferentes soluciones t\u00e9cnicas tienen que ser evaluadas en relaci\u00f3n con los rendimientos y a la calidad de los productos hort\u00edcolas y a los gastos energ\u00e9ticos para que los agricultores dispongan de un s\u00f3lido conocimiento cient\u00edfico sobre las implicaciones agron\u00f3micas, econ\u00f3micas y ambientales.<\/p>\n<p style=\"text-align: justify;\">En este contexto, m\u00e1s de 40 personas procedentes de Catalu\u00f1a, Arag\u00f3n y Navarra asistieron a la jornada t\u00e9cnica \u201cGesti\u00f3 de cobertes vegetals amb roller en horticultura ecol\u00f2gica\u201d. De la mano de Ernest Mas, director t\u00e9cnico de I+D de Verdcamp Fruits (<a href=\"https:\/\/verdcampfruits.com\/es\/\">Verd Camp Fruits<\/a>) i de F. Xavier Sans Serra, director del grupo de investigaci\u00f3n de Agroecologia (<a href=\"http:\/\/www.ub.edu\/agroecologia\/inici\">Agroecology \u2013 Grup de recerca en agroecologia (ub.edu)<\/a> y director del m\u00e1ster de Agricultura Ecol\u00f3gica de la Universidad de Barcelona, los asistentes pudieron observar el desarrollo de diversos cultivos hort\u00edcolas en parcelas experimentales con acolchados de facelia (<i>Phacelia tanacetifolia<\/i> Benth.), mostaza blanca (<i>Sinapis alba<\/i> L.) y mostaza casta\u00f1a (<i>Brassica juncea<\/i> (L.) Cernz.) gestionados mediante el roller-crimper y enterrados en el suelo como abonos verdes. Los resultados de los experimentos en curso se presentar\u00e1n en una jornada t\u00e9cnica el pr\u00f3ximo oto\u00f1o. Aspectos como la instalaci\u00f3n de las cubiertas vegetales, el momento de la terminaci\u00f3n con el roller-crimper, la combinaci\u00f3n con pl\u00e1sticos biodegradables, la interacci\u00f3n del acolchado con el crecimiento del cultivo y la producci\u00f3n fueron, entre otros, aspectos objeto de discusi\u00f3n.<\/p>\n","protected":false},"excerpt":{"rendered":"<p>La masiva asistencia a la jornada t\u00e9cnica \u201cGesti\u00f3 de cobertes vegetals amb roller en horticultura ecol\u00f2gica\u201d refleja el enorme inter\u00e9s del sector agr\u00edcola por innovaciones t\u00e9cnicas que mejoren la sustentabilidad agron\u00f3mica-econ\u00f3mica, ecol\u00f3gica y ambiental de los sistemas agr\u00edcolas La gesti\u00f3n de las especies arvenses es el principal problema t\u00e9cnico al que tienen que hacer frente los agricultores ecol\u00f3gicos en los cultivos hort\u00edcolas. La deficiente gesti\u00f3n<br \/><a class=\"moretag\" href=\"https:\/\/www.ub.edu\/masterae\/masiva-asistencia-la-jornada-tecnica-gestion-de-cubiertas-vegetales-con-roller-crimper-en-horticultura-ecologica\/\"> Seguir leyendo&#8230;<\/a><\/p>\n","protected":false},"author":1,"featured_media":6849,"comment_status":"open","ping_status":"open","sticky":false,"template":"","format":"standard","meta":[],"categories":[1],"tags":[],"_links":{"self":[{"href":"https:\/\/www.ub.edu\/masterae\/wp-json\/wp\/v2\/posts\/6847"}],"collection":[{"href":"https:\/\/www.ub.edu\/masterae\/wp-json\/wp\/v2\/posts"}],"about":[{"href":"https:\/\/www.ub.edu\/masterae\/wp-json\/wp\/v2\/types\/post"}],"author":[{"embeddable":true,"href":"https:\/\/www.ub.edu\/masterae\/wp-json\/wp\/v2\/users\/1"}],"replies":[{"embeddable":true,"href":"https:\/\/www.ub.edu\/masterae\/wp-json\/wp\/v2\/comments?post=6847"}],"version-history":[{"count":3,"href":"https:\/\/www.ub.edu\/masterae\/wp-json\/wp\/v2\/posts\/6847\/revisions"}],"predecessor-version":[{"id":6855,"href":"https:\/\/www.ub.edu\/masterae\/wp-json\/wp\/v2\/posts\/6847\/revisions\/6855"}],"wp:featuredmedia":[{"embeddable":true,"href":"https:\/\/www.ub.edu\/masterae\/wp-json\/wp\/v2\/media\/6849"}],"wp:attachment":[{"href":"https:\/\/www.ub.edu\/masterae\/wp-json\/wp\/v2\/media?parent=6847"}],"wp:term":[{"taxonomy":"category","embeddable":true,"href":"https:\/\/www.ub.edu\/masterae\/wp-json\/wp\/v2\/categories?post=6847"},{"taxonomy":"post_tag","embeddable":true,"href":"https:\/\/www.ub.edu\/masterae\/wp-json\/wp\/v2\/tags?post=6847"}],"curies":[{"name":"wp","href":"https:\/\/api.w.org\/{rel}","templated":true}]}}