{"id":3227,"date":"2022-04-29T11:23:46","date_gmt":"2022-04-29T09:23:46","guid":{"rendered":"http:\/\/www.ub.edu\/mastergeed\/?p=3227"},"modified":"2022-04-29T11:24:15","modified_gmt":"2022-04-29T09:24:15","slug":"elementor-3227","status":"publish","type":"post","link":"https:\/\/www.ub.edu\/mastergeed\/elementor-3227\/","title":{"rendered":"Reconeixement del m\u00f3n de l\u2019esport a dos professors del m\u00e0ster"},"content":{"rendered":"\t\t<div data-elementor-type=\"wp-post\" data-elementor-id=\"3227\" class=\"elementor elementor-3227\">\n\t\t\t\t\t\t<section class=\"elementor-section elementor-top-section elementor-element elementor-element-e63efb9 elementor-section-boxed elementor-section-height-default elementor-section-height-default\" data-id=\"e63efb9\" data-element_type=\"section\" data-e-type=\"section\">\n\t\t\t\t\t\t<div class=\"elementor-container elementor-column-gap-default\">\n\t\t\t\t\t<div class=\"elementor-column elementor-col-100 elementor-top-column elementor-element elementor-element-e52976e\" data-id=\"e52976e\" data-element_type=\"column\" data-e-type=\"column\">\n\t\t\t<div class=\"elementor-widget-wrap elementor-element-populated\">\n\t\t\t\t\t\t<div class=\"elementor-element elementor-element-9d75bb8 elementor-widget elementor-widget-text-editor\" data-id=\"9d75bb8\" data-element_type=\"widget\" data-e-type=\"widget\" data-widget_type=\"text-editor.default\">\n\t\t\t\t<div class=\"elementor-widget-container\">\n\t\t\t\t\t\t\t\t\t<p>Aquesta setmana compartim amb vosaltres dues distincions rebudes per dos professors del M\u00e0ster recentment.<\/p>\t\t\t\t\t\t\t\t<\/div>\n\t\t\t\t<\/div>\n\t\t\t\t\t<\/div>\n\t\t<\/div>\n\t\t\t\t\t<\/div>\n\t\t<\/section>\n\t\t\t\t<section class=\"elementor-section elementor-top-section elementor-element elementor-element-9abd65e elementor-section-boxed elementor-section-height-default elementor-section-height-default\" data-id=\"9abd65e\" data-element_type=\"section\" data-e-type=\"section\">\n\t\t\t\t\t\t<div class=\"elementor-container elementor-column-gap-default\">\n\t\t\t\t\t<div class=\"elementor-column elementor-col-100 elementor-top-column elementor-element elementor-element-aafb0da\" data-id=\"aafb0da\" data-element_type=\"column\" data-e-type=\"column\">\n\t\t\t<div class=\"elementor-widget-wrap elementor-element-populated\">\n\t\t\t\t\t\t<div class=\"elementor-element elementor-element-21e0ceb elementor-widget elementor-widget-heading\" data-id=\"21e0ceb\" data-element_type=\"widget\" data-e-type=\"widget\" data-widget_type=\"heading.default\">\n\t\t\t\t<div class=\"elementor-widget-container\">\n\t\t\t\t\t<h2 class=\"elementor-heading-title elementor-size-default\">Nit del Dirigent de l\u2019Esport<\/h2>\t\t\t\t<\/div>\n\t\t\t\t<\/div>\n\t\t\t\t\t<\/div>\n\t\t<\/div>\n\t\t\t\t\t<\/div>\n\t\t<\/section>\n\t\t\t\t<section class=\"elementor-section elementor-top-section elementor-element elementor-element-68f5b03 elementor-section-boxed elementor-section-height-default elementor-section-height-default\" data-id=\"68f5b03\" data-element_type=\"section\" data-e-type=\"section\">\n\t\t\t\t\t\t<div class=\"elementor-container elementor-column-gap-default\">\n\t\t\t\t\t<div class=\"elementor-column elementor-col-100 elementor-top-column elementor-element elementor-element-6a19fed\" data-id=\"6a19fed\" data-element_type=\"column\" data-e-type=\"column\">\n\t\t\t<div class=\"elementor-widget-wrap elementor-element-populated\">\n\t\t\t\t\t\t<div class=\"elementor-element elementor-element-fbf159a elementor-widget elementor-widget-text-editor\" data-id=\"fbf159a\" data-element_type=\"widget\" data-e-type=\"widget\" data-widget_type=\"text-editor.default\">\n\t\t\t\t<div class=\"elementor-widget-container\">\n\t\t\t\t\t\t\t\t\t<p>El passat 1 d\u2019abril, l\u2019<a href=\"http:\/\/www.acde.cat\/inici\/\" target=\"_blank\" rel=\"noopener\">Associaci\u00f3 Catalana de Dirigents de l\u2019Esport (ACDE)<\/a> va celebrar la Nit del Dirigent de l\u2019Esport. L\u2019acte va tenir lloc al Reial Club de Polo de Barcelona, on es van recon\u00e8ixer diferents personalitats, dirigents de federacions i clubs, i professionals amb un \u00e0mplia traject\u00f2ria en el sector.<\/p>\t\t\t\t\t\t\t\t<\/div>\n\t\t\t\t<\/div>\n\t\t\t\t\t<\/div>\n\t\t<\/div>\n\t\t\t\t\t<\/div>\n\t\t<\/section>\n\t\t\t\t<section class=\"elementor-section elementor-top-section elementor-element elementor-element-07a956d elementor-section-boxed elementor-section-height-default elementor-section-height-default\" data-id=\"07a956d\" data-element_type=\"section\" data-e-type=\"section\">\n\t\t\t\t\t\t<div class=\"elementor-container elementor-column-gap-default\">\n\t\t\t\t\t<div class=\"elementor-column elementor-col-100 elementor-top-column elementor-element elementor-element-a6164ff\" data-id=\"a6164ff\" data-element_type=\"column\" data-e-type=\"column\">\n\t\t\t<div class=\"elementor-widget-wrap elementor-element-populated\">\n\t\t\t\t\t\t<div class=\"elementor-element elementor-element-1c08352 elementor-widget elementor-widget-text-editor\" data-id=\"1c08352\" data-element_type=\"widget\" data-e-type=\"widget\" data-widget_type=\"text-editor.default\">\n\t\t\t\t<div class=\"elementor-widget-container\">\n\t\t\t\t\t\t\t\t\t<p>L\u2019ACDE va concedir un premi especial al Director del M\u00e0ster, el Dr. Xavier M\u00aa Triad\u00f3, per la seva aportaci\u00f3 com a dirigent al M\u00f3n de l\u2019Esport i a la seva traject\u00f2ria impulsant la formaci\u00f3 de qualitat universit\u00e0ria en el mon de la gesti\u00f3 esportiva.<\/p>\t\t\t\t\t\t\t\t<\/div>\n\t\t\t\t<\/div>\n\t\t\t\t<div class=\"elementor-element elementor-element-498f3b3 elementor-widget elementor-widget-image\" data-id=\"498f3b3\" data-element_type=\"widget\" data-e-type=\"widget\" data-widget_type=\"image.default\">\n\t\t\t\t<div class=\"elementor-widget-container\">\n\t\t\t\t\t\t\t\t\t\t\t\t\t\t\t<img fetchpriority=\"high\" decoding=\"async\" data-attachment-id=\"3238\" data-permalink=\"https:\/\/www.ub.edu\/mastergeed\/elementor-3227\/image0-2\/\" data-orig-file=\"https:\/\/i0.wp.com\/www.ub.edu\/mastergeed\/wp-content\/uploads\/2022\/04\/image0-1-e1651223717192.jpeg?fit=591%2C671&amp;ssl=1\" data-orig-size=\"591,671\" data-comments-opened=\"1\" data-image-meta=\"{&quot;aperture&quot;:&quot;0&quot;,&quot;credit&quot;:&quot;&quot;,&quot;camera&quot;:&quot;&quot;,&quot;caption&quot;:&quot;&quot;,&quot;created_timestamp&quot;:&quot;0&quot;,&quot;copyright&quot;:&quot;&quot;,&quot;focal_length&quot;:&quot;0&quot;,&quot;iso&quot;:&quot;0&quot;,&quot;shutter_speed&quot;:&quot;0&quot;,&quot;title&quot;:&quot;&quot;,&quot;orientation&quot;:&quot;1&quot;}\" data-image-title=\"image0\" data-image-description=\"\" data-image-caption=\"\" data-large-file=\"https:\/\/i0.wp.com\/www.ub.edu\/mastergeed\/wp-content\/uploads\/2022\/04\/image0-1-e1651223717192.jpeg?fit=750%2C563&amp;ssl=1\" width=\"750\" height=\"563\" src=\"https:\/\/i0.wp.com\/www.ub.edu\/mastergeed\/wp-content\/uploads\/2022\/04\/image0-1-e1651223717192.jpeg?fit=750%2C563&amp;ssl=1\" class=\"attachment-medium_large size-medium_large wp-image-3238\" alt=\"\" data-attachment-id=\"3238\" data-permalink=\"https:\/\/www.ub.edu\/mastergeed\/elementor-3227\/image0-2\/\" data-orig-file=\"https:\/\/i0.wp.com\/www.ub.edu\/mastergeed\/wp-content\/uploads\/2022\/04\/image0-1-e1651223717192.jpeg?fit=591%2C671&amp;ssl=1\" data-orig-size=\"591,671\" data-comments-opened=\"1\" data-image-meta=\"{&quot;aperture&quot;:&quot;0&quot;,&quot;credit&quot;:&quot;&quot;,&quot;camera&quot;:&quot;&quot;,&quot;caption&quot;:&quot;&quot;,&quot;created_timestamp&quot;:&quot;0&quot;,&quot;copyright&quot;:&quot;&quot;,&quot;focal_length&quot;:&quot;0&quot;,&quot;iso&quot;:&quot;0&quot;,&quot;shutter_speed&quot;:&quot;0&quot;,&quot;title&quot;:&quot;&quot;,&quot;orientation&quot;:&quot;1&quot;}\" data-image-title=\"image0\" data-image-description=\"\" data-image-caption=\"\" data-large-file=\"https:\/\/i0.wp.com\/www.ub.edu\/mastergeed\/wp-content\/uploads\/2022\/04\/image0-1-e1651223717192.jpeg?fit=750%2C563&amp;ssl=1\" \/>\t\t\t\t\t\t\t\t\t\t\t\t\t\t\t<\/div>\n\t\t\t\t<\/div>\n\t\t\t\t\t<\/div>\n\t\t<\/div>\n\t\t\t\t\t<\/div>\n\t\t<\/section>\n\t\t\t\t<section class=\"elementor-section elementor-top-section elementor-element elementor-element-000d3a7 elementor-section-boxed elementor-section-height-default elementor-section-height-default\" data-id=\"000d3a7\" data-element_type=\"section\" data-e-type=\"section\">\n\t\t\t\t\t\t<div class=\"elementor-container elementor-column-gap-default\">\n\t\t\t\t\t<div class=\"elementor-column elementor-col-100 elementor-top-column elementor-element elementor-element-e393780\" data-id=\"e393780\" data-element_type=\"column\" data-e-type=\"column\">\n\t\t\t<div class=\"elementor-widget-wrap elementor-element-populated\">\n\t\t\t\t\t\t<div class=\"elementor-element elementor-element-f5b02ef elementor-widget elementor-widget-text-editor\" data-id=\"f5b02ef\" data-element_type=\"widget\" data-e-type=\"widget\" data-widget_type=\"text-editor.default\">\n\t\t\t\t<div class=\"elementor-widget-container\">\n\t\t\t\t\t\t\t\t\t<p>A la conclusi\u00f3 de l&#8217;acte, el president de l\u2019Associaci\u00f3, el Sr. Pere Sust va remarcar la tasca duta a terme per Federacions i Clubs durant aquesta \u00e8poca marcada per la pand\u00e8mia. La Secretaria General de l\u2019Esport, la Sra. Anna Caula, va fer menci\u00f3 a l\u2019esport femen\u00ed, el seu creixement i els reptes del futur.<\/p>\t\t\t\t\t\t\t\t<\/div>\n\t\t\t\t<\/div>\n\t\t\t\t\t<\/div>\n\t\t<\/div>\n\t\t\t\t\t<\/div>\n\t\t<\/section>\n\t\t\t\t<section class=\"elementor-section elementor-top-section elementor-element elementor-element-59457b0 elementor-section-boxed elementor-section-height-default elementor-section-height-default\" data-id=\"59457b0\" data-element_type=\"section\" data-e-type=\"section\">\n\t\t\t\t\t\t<div class=\"elementor-container elementor-column-gap-default\">\n\t\t\t\t\t<div class=\"elementor-column elementor-col-100 elementor-top-column elementor-element elementor-element-d4d5eaf\" data-id=\"d4d5eaf\" data-element_type=\"column\" data-e-type=\"column\">\n\t\t\t<div class=\"elementor-widget-wrap elementor-element-populated\">\n\t\t\t\t\t\t<div class=\"elementor-element elementor-element-5bd4910 elementor-widget elementor-widget-heading\" data-id=\"5bd4910\" data-element_type=\"widget\" data-e-type=\"widget\" data-widget_type=\"heading.default\">\n\t\t\t\t<div class=\"elementor-widget-container\">\n\t\t\t\t\t<h2 class=\"elementor-heading-title elementor-size-default\">Festa de la Vela Catalana<\/h2>\t\t\t\t<\/div>\n\t\t\t\t<\/div>\n\t\t\t\t\t<\/div>\n\t\t<\/div>\n\t\t\t\t\t<\/div>\n\t\t<\/section>\n\t\t\t\t<section class=\"elementor-section elementor-top-section elementor-element elementor-element-507d1fe elementor-section-boxed elementor-section-height-default elementor-section-height-default\" data-id=\"507d1fe\" data-element_type=\"section\" data-e-type=\"section\">\n\t\t\t\t\t\t<div class=\"elementor-container elementor-column-gap-default\">\n\t\t\t\t\t<div class=\"elementor-column elementor-col-100 elementor-top-column elementor-element elementor-element-c78f59a\" data-id=\"c78f59a\" data-element_type=\"column\" data-e-type=\"column\">\n\t\t\t<div class=\"elementor-widget-wrap elementor-element-populated\">\n\t\t\t\t\t\t<div class=\"elementor-element elementor-element-076f72e elementor-widget elementor-widget-text-editor\" data-id=\"076f72e\" data-element_type=\"widget\" data-e-type=\"widget\" data-widget_type=\"text-editor.default\">\n\t\t\t\t<div class=\"elementor-widget-container\">\n\t\t\t\t\t\t\t\t\t<p>D\u2019altra banda, el 25 d\u2019abril la <a href=\"https:\/\/vela.cat\" target=\"_blank\" rel=\"noopener\">Federaci\u00f3 Catalana de Vela<\/a> va celebrar la Festa de la Vela Catalana 2021\/2022, durant la qual es van entregar les Distincions Especials. Aquests guardons reconeixen a aquelles persones que varen realitzar una gran tasca en benefici de l\u2019esport de la vela la temporada passada.<\/p>\t\t\t\t\t\t\t\t<\/div>\n\t\t\t\t<\/div>\n\t\t\t\t\t<\/div>\n\t\t<\/div>\n\t\t\t\t\t<\/div>\n\t\t<\/section>\n\t\t\t\t<section class=\"elementor-section elementor-top-section elementor-element elementor-element-7811142 elementor-section-boxed elementor-section-height-default elementor-section-height-default\" data-id=\"7811142\" data-element_type=\"section\" data-e-type=\"section\">\n\t\t\t\t\t\t<div class=\"elementor-container elementor-column-gap-default\">\n\t\t\t\t\t<div class=\"elementor-column elementor-col-100 elementor-top-column elementor-element elementor-element-e31dd89\" data-id=\"e31dd89\" data-element_type=\"column\" data-e-type=\"column\">\n\t\t\t<div class=\"elementor-widget-wrap elementor-element-populated\">\n\t\t\t\t\t\t<div class=\"elementor-element elementor-element-d48ebc2 elementor-widget elementor-widget-text-editor\" data-id=\"d48ebc2\" data-element_type=\"widget\" data-e-type=\"widget\" data-widget_type=\"text-editor.default\">\n\t\t\t\t<div class=\"elementor-widget-container\">\n\t\t\t\t\t\t\t\t\t<p>Com a part d\u2019aquests premis, el professor Joan Anton Camu\u00f1as, expresident de la Federaci\u00f3, va rebre la distinci\u00f3 d\u2019honor.<\/p>\t\t\t\t\t\t\t\t<\/div>\n\t\t\t\t<\/div>\n\t\t\t\t\t<\/div>\n\t\t<\/div>\n\t\t\t\t\t<\/div>\n\t\t<\/section>\n\t\t\t\t<section class=\"elementor-section elementor-top-section elementor-element elementor-element-708e9ee elementor-section-boxed elementor-section-height-default elementor-section-height-default\" data-id=\"708e9ee\" data-element_type=\"section\" data-e-type=\"section\">\n\t\t\t\t\t\t<div class=\"elementor-container elementor-column-gap-default\">\n\t\t\t\t\t<div class=\"elementor-column elementor-col-100 elementor-top-column elementor-element elementor-element-a4a1571\" data-id=\"a4a1571\" data-element_type=\"column\" data-e-type=\"column\">\n\t\t\t<div class=\"elementor-widget-wrap elementor-element-populated\">\n\t\t\t\t\t\t<div class=\"elementor-element elementor-element-8c68d74 elementor-widget elementor-widget-image\" data-id=\"8c68d74\" data-element_type=\"widget\" data-e-type=\"widget\" data-widget_type=\"image.default\">\n\t\t\t\t<div class=\"elementor-widget-container\">\n\t\t\t\t\t\t\t\t\t\t\t\t\t\t\t<img decoding=\"async\" data-attachment-id=\"3237\" data-permalink=\"https:\/\/www.ub.edu\/mastergeed\/elementor-3227\/photo-2022-04-27-11-07-39\/\" data-orig-file=\"https:\/\/i0.wp.com\/www.ub.edu\/mastergeed\/wp-content\/uploads\/2022\/04\/PHOTO-2022-04-27-11-07-39-e1651223928616.jpg?fit=1061%2C1117&amp;ssl=1\" data-orig-size=\"1061,1117\" data-comments-opened=\"1\" data-image-meta=\"{&quot;aperture&quot;:&quot;0&quot;,&quot;credit&quot;:&quot;&quot;,&quot;camera&quot;:&quot;&quot;,&quot;caption&quot;:&quot;&quot;,&quot;created_timestamp&quot;:&quot;0&quot;,&quot;copyright&quot;:&quot;&quot;,&quot;focal_length&quot;:&quot;0&quot;,&quot;iso&quot;:&quot;0&quot;,&quot;shutter_speed&quot;:&quot;0&quot;,&quot;title&quot;:&quot;&quot;,&quot;orientation&quot;:&quot;1&quot;}\" data-image-title=\"PHOTO-2022-04-27-11-07-39\" data-image-description=\"\" data-image-caption=\"\" data-large-file=\"https:\/\/i0.wp.com\/www.ub.edu\/mastergeed\/wp-content\/uploads\/2022\/04\/PHOTO-2022-04-27-11-07-39-e1651223928616.jpg?fit=750%2C789&amp;ssl=1\" width=\"750\" height=\"789\" src=\"https:\/\/i0.wp.com\/www.ub.edu\/mastergeed\/wp-content\/uploads\/2022\/04\/PHOTO-2022-04-27-11-07-39-e1651223928616.jpg?fit=750%2C789&amp;ssl=1\" class=\"attachment-large size-large wp-image-3237\" alt=\"\" srcset=\"https:\/\/i0.wp.com\/www.ub.edu\/mastergeed\/wp-content\/uploads\/2022\/04\/PHOTO-2022-04-27-11-07-39-e1651223928616.jpg?w=1061&amp;ssl=1 1061w, https:\/\/i0.wp.com\/www.ub.edu\/mastergeed\/wp-content\/uploads\/2022\/04\/PHOTO-2022-04-27-11-07-39-e1651223928616.jpg?resize=285%2C300&amp;ssl=1 285w, https:\/\/i0.wp.com\/www.ub.edu\/mastergeed\/wp-content\/uploads\/2022\/04\/PHOTO-2022-04-27-11-07-39-e1651223928616.jpg?resize=973%2C1024&amp;ssl=1 973w, https:\/\/i0.wp.com\/www.ub.edu\/mastergeed\/wp-content\/uploads\/2022\/04\/PHOTO-2022-04-27-11-07-39-e1651223928616.jpg?resize=768%2C809&amp;ssl=1 768w\" sizes=\"(max-width: 750px) 100vw, 750px\" data-attachment-id=\"3237\" data-permalink=\"https:\/\/www.ub.edu\/mastergeed\/elementor-3227\/photo-2022-04-27-11-07-39\/\" data-orig-file=\"https:\/\/i0.wp.com\/www.ub.edu\/mastergeed\/wp-content\/uploads\/2022\/04\/PHOTO-2022-04-27-11-07-39-e1651223928616.jpg?fit=1061%2C1117&amp;ssl=1\" data-orig-size=\"1061,1117\" data-comments-opened=\"1\" data-image-meta=\"{&quot;aperture&quot;:&quot;0&quot;,&quot;credit&quot;:&quot;&quot;,&quot;camera&quot;:&quot;&quot;,&quot;caption&quot;:&quot;&quot;,&quot;created_timestamp&quot;:&quot;0&quot;,&quot;copyright&quot;:&quot;&quot;,&quot;focal_length&quot;:&quot;0&quot;,&quot;iso&quot;:&quot;0&quot;,&quot;shutter_speed&quot;:&quot;0&quot;,&quot;title&quot;:&quot;&quot;,&quot;orientation&quot;:&quot;1&quot;}\" data-image-title=\"PHOTO-2022-04-27-11-07-39\" data-image-description=\"\" data-image-caption=\"\" data-large-file=\"https:\/\/i0.wp.com\/www.ub.edu\/mastergeed\/wp-content\/uploads\/2022\/04\/PHOTO-2022-04-27-11-07-39-e1651223928616.jpg?fit=750%2C789&amp;ssl=1\" \/>\t\t\t\t\t\t\t\t\t\t\t\t\t\t\t<\/div>\n\t\t\t\t<\/div>\n\t\t\t\t<div class=\"elementor-element elementor-element-c1deac0 elementor-widget elementor-widget-text-editor\" data-id=\"c1deac0\" data-element_type=\"widget\" data-e-type=\"widget\" data-widget_type=\"text-editor.default\">\n\t\t\t\t<div class=\"elementor-widget-container\">\n\t\t\t\t\t\t\t\t\t<p>Durant l\u2019acte, el president actual, el Sr. Xavier Torres, va destacar la passi\u00f3, professionalitat, traject\u00f2ria i dedicaci\u00f3 dels guardonats.<\/p>\t\t\t\t\t\t\t\t<\/div>\n\t\t\t\t<\/div>\n\t\t\t\t\t<\/div>\n\t\t<\/div>\n\t\t\t\t\t<\/div>\n\t\t<\/section>\n\t\t\t\t<section class=\"elementor-section elementor-top-section elementor-element elementor-element-c66247a elementor-section-boxed elementor-section-height-default elementor-section-height-default\" data-id=\"c66247a\" data-element_type=\"section\" data-e-type=\"section\">\n\t\t\t\t\t\t<div class=\"elementor-container elementor-column-gap-default\">\n\t\t\t\t\t<div class=\"elementor-column elementor-col-100 elementor-top-column elementor-element elementor-element-8027ed4\" data-id=\"8027ed4\" data-element_type=\"column\" data-e-type=\"column\">\n\t\t\t<div class=\"elementor-widget-wrap elementor-element-populated\">\n\t\t\t\t\t\t<div class=\"elementor-element elementor-element-01a66a7 elementor-widget elementor-widget-animated-headline\" data-id=\"01a66a7\" data-element_type=\"widget\" data-e-type=\"widget\" data-widget_type=\"animated-headline.default\">\n\t\t\t\t<div class=\"elementor-widget-container\">\n\t\t\t\t\t \t\t\t\t<\/div>\n\t\t\t\t<\/div>\n\t\t\t\t\t<\/div>\n\t\t<\/div>\n\t\t\t\t\t<\/div>\n\t\t<\/section>\n\t\t\t\t<\/div>\n\t\t","protected":false},"excerpt":{"rendered":"<p>Aquesta setmana compartim amb vosaltres dues distincions rebudes per dos professors del M\u00e0ster recentment. Nit del Dirigent de l\u2019Esport El &hellip; <\/p>\n","protected":false},"author":1,"featured_media":3239,"comment_status":"open","ping_status":"open","sticky":false,"template":"","format":"standard","meta":{"_monsterinsights_skip_tracking":false,"_monsterinsights_sitenote_active":false,"_monsterinsights_sitenote_note":"","_monsterinsights_sitenote_category":0,"_uf_show_specific_survey":0,"_uf_disable_surveys":false,"_jetpack_memberships_contains_paid_content":false,"footnotes":"","jetpack_publicize_message":"","jetpack_publicize_feature_enabled":true,"jetpack_social_post_already_shared":true,"jetpack_social_options":{"image_generator_settings":{"template":"highway","default_image_id":0,"font":"","enabled":false},"version":2}},"categories":[3],"tags":[],"class_list":["post-3227","post","type-post","status-publish","format-standard","has-post-thumbnail","hentry","category-news","latest_post"],"aioseo_notices":[],"jetpack_publicize_connections":[],"jetpack_featured_media_url":"https:\/\/i0.wp.com\/www.ub.edu\/mastergeed\/wp-content\/uploads\/2022\/04\/image2-e1651223568872.jpeg?fit=1061%2C602&ssl=1","jetpack_sharing_enabled":true,"jetpack_shortlink":"https:\/\/wp.me\/p9MnWz-Q3","jetpack-related-posts":[{"id":3743,"url":"https:\/\/www.ub.edu\/mastergeed\/orgullosos-dels-professionals-que-confien-en-la-formacio-del-master\/","url_meta":{"origin":3227,"position":0},"title":"Orgullosos dels professionals que confien en la formaci\u00f3 del M\u00e0ster","author":"xtriado","date":"20th maig 2023","format":false,"excerpt":"M\u00e9s de trenta anys formant professionals Una de les coses meravelloses de veure passar el temps \u00e9s veure els progressos de les persones. Aix\u00f2 ens passa en el m\u00e0ster quan coincidim amb els antics alumnes per motius diversos. Estan pertot arreu. Gaudint amb el seu treball. Gaudint amb l'esport, encara\u2026","rel":"","context":"A &quot;Not\u00edcies&quot;","block_context":{"text":"Not\u00edcies","link":"https:\/\/www.ub.edu\/mastergeed\/category\/news\/"},"img":{"alt_text":"","src":"https:\/\/i0.wp.com\/www.ub.edu\/mastergeed\/wp-content\/uploads\/2023\/05\/IMG_0836-e1684596112780.jpeg?fit=450%2C670&ssl=1&resize=350%2C200","width":350,"height":200},"classes":[]},{"id":2067,"url":"https:\/\/www.ub.edu\/mastergeed\/cal-preparar-se-per-dirigir-una-empresa-esportiva\/","url_meta":{"origin":3227,"position":1},"title":"Cal preparar-se per dirigir una empresa esportiva?","author":"xtriado","date":"13th desembre 2019","format":false,"excerpt":"Entrevista sobre formaci\u00f3 en direcci\u00f3 de l'esport a R\u00e0dio 4-TVE amb el director del M\u00e0ster El programa \"El Mat\u00ed\" de R\u00e0dio 4 - Radio Televisi\u00f3 Espanyola, dirigit per Ramon Castell\u00f3 el 12 de desembre de 2019, va entrevista al director del m\u00e0ster per debatre el valor de programes de m\u00e0ster\u2026","rel":"","context":"A &quot;Not\u00edcies&quot;","block_context":{"text":"Not\u00edcies","link":"https:\/\/www.ub.edu\/mastergeed\/category\/news\/"},"img":{"alt_text":"","src":"https:\/\/i0.wp.com\/www.ub.edu\/mastergeed\/wp-content\/uploads\/2019\/12\/i.jpeg?fit=980%2C449&ssl=1&resize=350%2C200","width":350,"height":200,"srcset":"https:\/\/i0.wp.com\/www.ub.edu\/mastergeed\/wp-content\/uploads\/2019\/12\/i.jpeg?fit=980%2C449&ssl=1&resize=350%2C200 1x, https:\/\/i0.wp.com\/www.ub.edu\/mastergeed\/wp-content\/uploads\/2019\/12\/i.jpeg?fit=980%2C449&ssl=1&resize=525%2C300 1.5x, https:\/\/i0.wp.com\/www.ub.edu\/mastergeed\/wp-content\/uploads\/2019\/12\/i.jpeg?fit=980%2C449&ssl=1&resize=700%2C400 2x"},"classes":[]},{"id":3345,"url":"https:\/\/www.ub.edu\/mastergeed\/dirigir-persones-reflexions-amb-victor-kuppers\/","url_meta":{"origin":3227,"position":2},"title":"Dirigir persones, reflexions amb V\u00edctor K\u00fcppers","author":"xtriado","date":"9th juliol 2022","format":false,"excerpt":"Dirigir persones La direcci\u00f3 no \u00e9s un proc\u00e9s senzill. Hi ha molts elements que hem de tenir en compte, i sempre hi ha un que acaba sent la clau. En molts casos, tant per a b\u00e9 com per a mal, passa per la direcci\u00f3 de les persones que integrem l'organitzaci\u00f3.\u2026","rel":"","context":"A &quot;Not\u00edcies&quot;","block_context":{"text":"Not\u00edcies","link":"https:\/\/www.ub.edu\/mastergeed\/category\/news\/"},"img":{"alt_text":"","src":"https:\/\/i0.wp.com\/www.ub.edu\/mastergeed\/wp-content\/uploads\/2022\/07\/campaign-creators-e6n7uoEnYbA-unsplash.jpg?fit=1080%2C720&ssl=1&resize=350%2C200","width":350,"height":200,"srcset":"https:\/\/i0.wp.com\/www.ub.edu\/mastergeed\/wp-content\/uploads\/2022\/07\/campaign-creators-e6n7uoEnYbA-unsplash.jpg?fit=1080%2C720&ssl=1&resize=350%2C200 1x, https:\/\/i0.wp.com\/www.ub.edu\/mastergeed\/wp-content\/uploads\/2022\/07\/campaign-creators-e6n7uoEnYbA-unsplash.jpg?fit=1080%2C720&ssl=1&resize=525%2C300 1.5x, https:\/\/i0.wp.com\/www.ub.edu\/mastergeed\/wp-content\/uploads\/2022\/07\/campaign-creators-e6n7uoEnYbA-unsplash.jpg?fit=1080%2C720&ssl=1&resize=700%2C400 2x, https:\/\/i0.wp.com\/www.ub.edu\/mastergeed\/wp-content\/uploads\/2022\/07\/campaign-creators-e6n7uoEnYbA-unsplash.jpg?fit=1080%2C720&ssl=1&resize=1050%2C600 3x"},"classes":[]},{"id":2382,"url":"https:\/\/www.ub.edu\/mastergeed\/nova-societat-paper-de-lesport-pere-miro-cafe-colet-transformacions\/","url_meta":{"origin":3227,"position":3},"title":"Quin ser\u00e0 el paper que haur\u00e0 de jugar el m\u00f3n de l\u2019esport en la nova societat?","author":"Pilar Aparicio","date":"18th gener 2021","format":false,"excerpt":"El rol de l\u2019esport en la \"nova\" societat El rol que haur\u00e0 de jugar l\u2019esport en la nova societat \u00e9s un tema que paga la pena reflexionar. Volem conversar-hi amb el Sr. Pere Mir\u00f3, en el marc d'una sessi\u00f3 organitzada per l'Associaci\u00f3 Catalana de Dirigents de l\u2019Esport (ACDE). Us volem\u2026","rel":"","context":"A &quot;Not\u00edcies&quot;","block_context":{"text":"Not\u00edcies","link":"https:\/\/www.ub.edu\/mastergeed\/category\/news\/"},"img":{"alt_text":"","src":"https:\/\/i0.wp.com\/www.ub.edu\/mastergeed\/wp-content\/uploads\/2021\/01\/chris-montgomery-smgTvepind4-unsplash-1.jpg?fit=1080%2C810&ssl=1&resize=350%2C200","width":350,"height":200,"srcset":"https:\/\/i0.wp.com\/www.ub.edu\/mastergeed\/wp-content\/uploads\/2021\/01\/chris-montgomery-smgTvepind4-unsplash-1.jpg?fit=1080%2C810&ssl=1&resize=350%2C200 1x, https:\/\/i0.wp.com\/www.ub.edu\/mastergeed\/wp-content\/uploads\/2021\/01\/chris-montgomery-smgTvepind4-unsplash-1.jpg?fit=1080%2C810&ssl=1&resize=525%2C300 1.5x, https:\/\/i0.wp.com\/www.ub.edu\/mastergeed\/wp-content\/uploads\/2021\/01\/chris-montgomery-smgTvepind4-unsplash-1.jpg?fit=1080%2C810&ssl=1&resize=700%2C400 2x, https:\/\/i0.wp.com\/www.ub.edu\/mastergeed\/wp-content\/uploads\/2021\/01\/chris-montgomery-smgTvepind4-unsplash-1.jpg?fit=1080%2C810&ssl=1&resize=1050%2C600 3x"},"classes":[]},{"id":3297,"url":"https:\/\/www.ub.edu\/mastergeed\/aprofitar-idees-elaborar-estrategies-de-millora-en-institucions-esportives\/","url_meta":{"origin":3227,"position":4},"title":"Aprofitar idees per elaborar estrat\u00e8gies de millora, en institucions esportives","author":"xtriado","date":"23rd maig 2022","format":false,"excerpt":"La import\u00e0ncia de les idees i la innovaci\u00f3 Saber aprofitar les idees, vengen d'on vengen, \u00e9s un dels reptes dels directius que vol impulses les seves empreses. Idees que arriben des de qualsevol part de l'organitzaci\u00f3. Les empreses dedicades a l'esport, i les persones que les dirigeixen, necessiten d'aquestes idees,\u2026","rel":"","context":"A &quot;Informes i articles&quot;","block_context":{"text":"Informes i articles","link":"https:\/\/www.ub.edu\/mastergeed\/category\/informes-i-articles\/"},"img":{"alt_text":"","src":"https:\/\/i0.wp.com\/www.ub.edu\/mastergeed\/wp-content\/uploads\/2022\/05\/charlesdeluvio-Lks7vei-eAg-unsplash.jpg?fit=1080%2C720&ssl=1&resize=350%2C200","width":350,"height":200,"srcset":"https:\/\/i0.wp.com\/www.ub.edu\/mastergeed\/wp-content\/uploads\/2022\/05\/charlesdeluvio-Lks7vei-eAg-unsplash.jpg?fit=1080%2C720&ssl=1&resize=350%2C200 1x, https:\/\/i0.wp.com\/www.ub.edu\/mastergeed\/wp-content\/uploads\/2022\/05\/charlesdeluvio-Lks7vei-eAg-unsplash.jpg?fit=1080%2C720&ssl=1&resize=525%2C300 1.5x, https:\/\/i0.wp.com\/www.ub.edu\/mastergeed\/wp-content\/uploads\/2022\/05\/charlesdeluvio-Lks7vei-eAg-unsplash.jpg?fit=1080%2C720&ssl=1&resize=700%2C400 2x, https:\/\/i0.wp.com\/www.ub.edu\/mastergeed\/wp-content\/uploads\/2022\/05\/charlesdeluvio-Lks7vei-eAg-unsplash.jpg?fit=1080%2C720&ssl=1&resize=1050%2C600 3x"},"classes":[]},{"id":2344,"url":"https:\/\/www.ub.edu\/mastergeed\/el-lideratge-en-moments-de-crisis-una-entrevista-amb-victor-kuppers\/","url_meta":{"origin":3227,"position":5},"title":"El lideratge en moments de crisis: una entrevista amb V\u00edctor K\u00fcppers","author":"xtriado","date":"23rd novembre 2020","format":false,"excerpt":"Presentem el nou episodi de podcast del m\u00e0ster, en el qual entrevistem a Victor K\u00fcppers per a parlar de lideratge en moments de crisis. Parlem del que suposa dirigir a persones en les empreses. En concret en les empreses esportives en aquests moments gens f\u00e0cils que estem travessant. Com dirigir\u2026","rel":"","context":"A &quot;Not\u00edcies&quot;","block_context":{"text":"Not\u00edcies","link":"https:\/\/www.ub.edu\/mastergeed\/category\/news\/"},"img":{"alt_text":"","src":"https:\/\/i0.wp.com\/www.ub.edu\/mastergeed\/wp-content\/uploads\/2020\/11\/jonathan-farber-wUl6KBqdj2E-unsplash.jpg?fit=1080%2C720&ssl=1&resize=350%2C200","width":350,"height":200,"srcset":"https:\/\/i0.wp.com\/www.ub.edu\/mastergeed\/wp-content\/uploads\/2020\/11\/jonathan-farber-wUl6KBqdj2E-unsplash.jpg?fit=1080%2C720&ssl=1&resize=350%2C200 1x, https:\/\/i0.wp.com\/www.ub.edu\/mastergeed\/wp-content\/uploads\/2020\/11\/jonathan-farber-wUl6KBqdj2E-unsplash.jpg?fit=1080%2C720&ssl=1&resize=525%2C300 1.5x, https:\/\/i0.wp.com\/www.ub.edu\/mastergeed\/wp-content\/uploads\/2020\/11\/jonathan-farber-wUl6KBqdj2E-unsplash.jpg?fit=1080%2C720&ssl=1&resize=700%2C400 2x, https:\/\/i0.wp.com\/www.ub.edu\/mastergeed\/wp-content\/uploads\/2020\/11\/jonathan-farber-wUl6KBqdj2E-unsplash.jpg?fit=1080%2C720&ssl=1&resize=1050%2C600 3x"},"classes":[]}],"jetpack_likes_enabled":true,"_links":{"self":[{"href":"https:\/\/www.ub.edu\/mastergeed\/wp-json\/wp\/v2\/posts\/3227","targetHints":{"allow":["GET"]}}],"collection":[{"href":"https:\/\/www.ub.edu\/mastergeed\/wp-json\/wp\/v2\/posts"}],"about":[{"href":"https:\/\/www.ub.edu\/mastergeed\/wp-json\/wp\/v2\/types\/post"}],"author":[{"embeddable":true,"href":"https:\/\/www.ub.edu\/mastergeed\/wp-json\/wp\/v2\/users\/1"}],"replies":[{"embeddable":true,"href":"https:\/\/www.ub.edu\/mastergeed\/wp-json\/wp\/v2\/comments?post=3227"}],"version-history":[{"count":26,"href":"https:\/\/www.ub.edu\/mastergeed\/wp-json\/wp\/v2\/posts\/3227\/revisions"}],"predecessor-version":[{"id":3257,"href":"https:\/\/www.ub.edu\/mastergeed\/wp-json\/wp\/v2\/posts\/3227\/revisions\/3257"}],"wp:featuredmedia":[{"embeddable":true,"href":"https:\/\/www.ub.edu\/mastergeed\/wp-json\/wp\/v2\/media\/3239"}],"wp:attachment":[{"href":"https:\/\/www.ub.edu\/mastergeed\/wp-json\/wp\/v2\/media?parent=3227"}],"wp:term":[{"taxonomy":"category","embeddable":true,"href":"https:\/\/www.ub.edu\/mastergeed\/wp-json\/wp\/v2\/categories?post=3227"},{"taxonomy":"post_tag","embeddable":true,"href":"https:\/\/www.ub.edu\/mastergeed\/wp-json\/wp\/v2\/tags?post=3227"}],"curies":[{"name":"wp","href":"https:\/\/api.w.org\/{rel}","templated":true}]}}