{"id":3662,"date":"2023-04-30T10:18:05","date_gmt":"2023-04-30T08:18:05","guid":{"rendered":"http:\/\/www.ub.edu\/mastergeed\/?p=3662"},"modified":"2023-04-30T10:37:18","modified_gmt":"2023-04-30T08:37:18","slug":"elementor-3662","status":"publish","type":"post","link":"https:\/\/www.ub.edu\/mastergeed\/elementor-3662\/","title":{"rendered":"Concedeixen el guard\u00f3 per l&#8217;impuls a la formaci\u00f3 permanent al M\u00e0ster"},"content":{"rendered":"\t\t<div data-elementor-type=\"wp-post\" data-elementor-id=\"3662\" class=\"elementor elementor-3662\">\n\t\t\t\t\t\t<section class=\"elementor-section elementor-top-section elementor-element elementor-element-5b1ad1b elementor-section-boxed elementor-section-height-default elementor-section-height-default\" data-id=\"5b1ad1b\" data-element_type=\"section\" data-e-type=\"section\">\n\t\t\t\t\t\t<div class=\"elementor-container elementor-column-gap-default\">\n\t\t\t\t\t<div class=\"elementor-column elementor-col-100 elementor-top-column elementor-element elementor-element-7cede73\" data-id=\"7cede73\" data-element_type=\"column\" data-e-type=\"column\">\n\t\t\t<div class=\"elementor-widget-wrap elementor-element-populated\">\n\t\t\t\t\t\t<div class=\"elementor-element elementor-element-a355b1a elementor-widget elementor-widget-heading\" data-id=\"a355b1a\" data-element_type=\"widget\" data-e-type=\"widget\" data-widget_type=\"heading.default\">\n\t\t\t\t<div class=\"elementor-widget-container\">\n\t\t\t\t\t<h2 class=\"elementor-heading-title elementor-size-default\"><span style=\"margin-top: 0px;margin-right: 0px;margin-left: 0px;clear: both;display: var(--page-title-display);white-space: normal\">guard\u00f3 per molts anys formant professionals de l'esport<span style=\"white-space: pre-wrap\"><\/span><\/span><\/h2>\t\t\t\t<\/div>\n\t\t\t\t<\/div>\n\t\t\t\t<div class=\"elementor-element elementor-element-238ebf0 elementor-drop-cap-yes elementor-drop-cap-view-default elementor-widget elementor-widget-text-editor\" data-id=\"238ebf0\" data-element_type=\"widget\" data-e-type=\"widget\" data-settings=\"{&quot;drop_cap&quot;:&quot;yes&quot;}\" data-widget_type=\"text-editor.default\">\n\t\t\t\t<div class=\"elementor-widget-container\">\n\t\t\t\t\t\t\t\t\t<p>El proper dijous, 4 de maig de 2023 al Paranimf \u00a0de l\u2019Edifici Hist\u00f2ric de la Universitat de Barcelona ens concedeixen un guard\u00f3 com a m\u00e0ster. Volem compartir amb vosaltres la not\u00edcia. Tamb\u00e9 les felicitacions per a tots els que s\u00f3n part del projecte tant com a professors del m\u00e0ster com antics estudiants.<\/p>\t\t\t\t\t\t\t\t<\/div>\n\t\t\t\t<\/div>\n\t\t\t\t<div class=\"elementor-element elementor-element-f1cc24a elementor-widget elementor-widget-text-editor\" data-id=\"f1cc24a\" data-element_type=\"widget\" data-e-type=\"widget\" data-widget_type=\"text-editor.default\">\n\t\t\t\t<div class=\"elementor-widget-container\">\n\t\t\t\t\t\t\t\t\t<h3><em><strong>Un reconeixement que vol distingir la contribuci\u00f3 \nacad\u00e8mica dels programes amb una traject\u00f2ria de 25 anys dins de la \nformaci\u00f3 permanent.<\/strong><\/em><\/h3><p><\/p>\t\t\t\t\t\t\t\t<\/div>\n\t\t\t\t<\/div>\n\t\t\t\t\t<\/div>\n\t\t<\/div>\n\t\t\t\t\t<\/div>\n\t\t<\/section>\n\t\t\t\t<section class=\"elementor-section elementor-top-section elementor-element elementor-element-5718a3e elementor-section-boxed elementor-section-height-default elementor-section-height-default\" data-id=\"5718a3e\" data-element_type=\"section\" data-e-type=\"section\">\n\t\t\t\t\t\t<div class=\"elementor-container elementor-column-gap-default\">\n\t\t\t\t\t<div class=\"elementor-column elementor-col-100 elementor-top-column elementor-element elementor-element-2ce93aa\" data-id=\"2ce93aa\" data-element_type=\"column\" data-e-type=\"column\">\n\t\t\t<div class=\"elementor-widget-wrap elementor-element-populated\">\n\t\t\t\t\t\t<div class=\"elementor-element elementor-element-3597428 elementor-widget elementor-widget-text-editor\" data-id=\"3597428\" data-element_type=\"widget\" data-e-type=\"widget\" data-widget_type=\"text-editor.default\">\n\t\t\t\t<div class=\"elementor-widget-container\">\n\t\t\t\t\t\t\t\t\t<p>El motiu d\u2019aquest guard\u00f3 \u00e9s recon\u00e8ixer la qualitat dels equips que han liderat aquest tipus d\u2019estudis. Es un premi al seu esperit emprenedor, en un moment en qu\u00e8 arrencava la formaci\u00f3 continuada, aix\u00ed com els relleus que s\u2019han produ\u00eft&#8221;. Es posa de manifest amb la const\u00e0ncia i el necessari proc\u00e9s de millora continua que els ha perm\u00e8s adaptar-se i mantenir-se a l&#8217;avantguarda en un entorn cont\u00ednuament canviant.<\/p>\t\t\t\t\t\t\t\t<\/div>\n\t\t\t\t<\/div>\n\t\t\t\t\t<\/div>\n\t\t<\/div>\n\t\t\t\t\t<\/div>\n\t\t<\/section>\n\t\t\t\t<section class=\"elementor-section elementor-top-section elementor-element elementor-element-b0b48ff elementor-section-boxed elementor-section-height-default elementor-section-height-default\" data-id=\"b0b48ff\" data-element_type=\"section\" data-e-type=\"section\">\n\t\t\t\t\t\t<div class=\"elementor-container elementor-column-gap-default\">\n\t\t\t\t\t<div class=\"elementor-column elementor-col-100 elementor-top-column elementor-element elementor-element-ee3b2c5\" data-id=\"ee3b2c5\" data-element_type=\"column\" data-e-type=\"column\">\n\t\t\t<div class=\"elementor-widget-wrap elementor-element-populated\">\n\t\t\t\t\t\t<div class=\"elementor-element elementor-element-a52b546 elementor-widget elementor-widget-heading\" data-id=\"a52b546\" data-element_type=\"widget\" data-e-type=\"widget\" data-widget_type=\"heading.default\">\n\t\t\t\t<div class=\"elementor-widget-container\">\n\t\t\t\t\t<h2 class=\"elementor-heading-title elementor-size-default\">Reconeixement de l'ag\u00e8ncia de postgraus<\/h2>\t\t\t\t<\/div>\n\t\t\t\t<\/div>\n\t\t\t\t<div class=\"elementor-element elementor-element-6573237 elementor-widget elementor-widget-text-editor\" data-id=\"6573237\" data-element_type=\"widget\" data-e-type=\"widget\" data-widget_type=\"text-editor.default\">\n\t\t\t\t<div class=\"elementor-widget-container\">\n\t\t\t\t\t\t\t\t\t<p>L&#8217;Ag\u00e8ncia de Postgrau ha creat el &#8220;Guard\u00f3 Impuls a la Formaci\u00f3 Permanent&#8221;. Vol recon\u00e8ixer la contribuci\u00f3 acad\u00e8mica dels programes amb una traject\u00f2ria de m\u00e9s de 25 anys dins de la formaci\u00f3 permanent. Aquesta \u00e9s la primera edici\u00f3.<\/p><p>Ens han concedit aquesta distinci\u00f3 per la nostra traject\u00f2ria. La Universitat de Barcelona t\u00e9 m\u00e9s de 700 programes de postgrau i nom\u00e9s han estat concedit aquest reconeixement a 29 programes\u2026 <strong>podem d&#8217;estar orgullosos de la feina feta!!!!!<\/strong><\/p>\t\t\t\t\t\t\t\t<\/div>\n\t\t\t\t<\/div>\n\t\t\t\t\t<\/div>\n\t\t<\/div>\n\t\t\t\t\t<\/div>\n\t\t<\/section>\n\t\t\t\t<section class=\"elementor-section elementor-top-section elementor-element elementor-element-bce126c elementor-section-boxed elementor-section-height-default elementor-section-height-default\" data-id=\"bce126c\" data-element_type=\"section\" data-e-type=\"section\">\n\t\t\t\t\t\t<div class=\"elementor-container elementor-column-gap-default\">\n\t\t\t\t\t<div class=\"elementor-column elementor-col-100 elementor-top-column elementor-element elementor-element-62d0b0a\" data-id=\"62d0b0a\" data-element_type=\"column\" data-e-type=\"column\">\n\t\t\t<div class=\"elementor-widget-wrap elementor-element-populated\">\n\t\t\t\t\t\t<div class=\"elementor-element elementor-element-6f586f3 elementor-widget elementor-widget-text-editor\" data-id=\"6f586f3\" data-element_type=\"widget\" data-e-type=\"widget\" data-widget_type=\"text-editor.default\">\n\t\t\t\t<div class=\"elementor-widget-container\">\n\t\t\t\t\t\t\t\t\t<p>Per tot aix\u00f2 us volem agrair la feina que heu fet o continueu fent.<\/p><p>Gr\u00e0cies a vosaltres, a la vostre const\u00e0ncia, esfor\u00e7 i dedicaci\u00f3, el M\u00e0ster pot recollir aquest guard\u00f3.<\/p>\t\t\t\t\t\t\t\t<\/div>\n\t\t\t\t<\/div>\n\t\t\t\t\t<\/div>\n\t\t<\/div>\n\t\t\t\t\t<\/div>\n\t\t<\/section>\n\t\t\t\t<section class=\"elementor-section elementor-top-section elementor-element elementor-element-17e99ac elementor-section-boxed elementor-section-height-default elementor-section-height-default\" data-id=\"17e99ac\" data-element_type=\"section\" data-e-type=\"section\">\n\t\t\t\t\t\t<div class=\"elementor-container elementor-column-gap-default\">\n\t\t\t\t\t<div class=\"elementor-column elementor-col-100 elementor-top-column elementor-element elementor-element-4793201\" data-id=\"4793201\" data-element_type=\"column\" data-e-type=\"column\">\n\t\t\t<div class=\"elementor-widget-wrap elementor-element-populated\">\n\t\t\t\t\t\t<div class=\"elementor-element elementor-element-1f1c921 elementor-widget elementor-widget-text-editor\" data-id=\"1f1c921\" data-element_type=\"widget\" data-e-type=\"widget\" data-widget_type=\"text-editor.default\">\n\t\t\t\t<div class=\"elementor-widget-container\">\n\t\t\t\t\t\t\t\t\t<h4>Felicitats a tots!!! Es un premi de tots!!!<\/h4>\t\t\t\t\t\t\t\t<\/div>\n\t\t\t\t<\/div>\n\t\t\t\t\t<\/div>\n\t\t<\/div>\n\t\t\t\t\t<\/div>\n\t\t<\/section>\n\t\t\t\t<\/div>\n\t\t","protected":false},"excerpt":{"rendered":"<p>guard\u00f3 per molts anys formant professionals de l&#8217;esport El proper dijous, 4 de maig de 2023 al Paranimf &nbsp;de l\u2019Edifici &hellip; <\/p>\n","protected":false},"author":3,"featured_media":2656,"comment_status":"open","ping_status":"open","sticky":false,"template":"","format":"standard","meta":{"_monsterinsights_skip_tracking":false,"_monsterinsights_sitenote_active":false,"_monsterinsights_sitenote_note":"","_monsterinsights_sitenote_category":0,"_uf_show_specific_survey":0,"_uf_disable_surveys":false,"_jetpack_memberships_contains_paid_content":false,"footnotes":"","jetpack_publicize_message":"","jetpack_publicize_feature_enabled":true,"jetpack_social_post_already_shared":true,"jetpack_social_options":{"image_generator_settings":{"template":"highway","default_image_id":0,"font":"","enabled":false},"version":2}},"categories":[3],"tags":[],"class_list":["post-3662","post","type-post","status-publish","format-standard","has-post-thumbnail","hentry","category-news","latest_post"],"aioseo_notices":[],"jetpack_publicize_connections":[],"jetpack_featured_media_url":"https:\/\/i0.wp.com\/www.ub.edu\/mastergeed\/wp-content\/uploads\/2021\/06\/krakenimages-376KN_ISplE-unsplash.jpg?fit=1080%2C720&ssl=1","jetpack_sharing_enabled":true,"jetpack_shortlink":"https:\/\/wp.me\/p9MnWz-X4","jetpack-related-posts":[{"id":3743,"url":"https:\/\/www.ub.edu\/mastergeed\/orgullosos-dels-professionals-que-confien-en-la-formacio-del-master\/","url_meta":{"origin":3662,"position":0},"title":"Orgullosos dels professionals que confien en la formaci\u00f3 del M\u00e0ster","author":"xtriado","date":"20th maig 2023","format":false,"excerpt":"M\u00e9s de trenta anys formant professionals Una de les coses meravelloses de veure passar el temps \u00e9s veure els progressos de les persones. Aix\u00f2 ens passa en el m\u00e0ster quan coincidim amb els antics alumnes per motius diversos. Estan pertot arreu. Gaudint amb el seu treball. Gaudint amb l'esport, encara\u2026","rel":"","context":"A &quot;Not\u00edcies&quot;","block_context":{"text":"Not\u00edcies","link":"https:\/\/www.ub.edu\/mastergeed\/category\/news\/"},"img":{"alt_text":"","src":"https:\/\/i0.wp.com\/www.ub.edu\/mastergeed\/wp-content\/uploads\/2023\/05\/IMG_0836-e1684596112780.jpeg?fit=450%2C670&ssl=1&resize=350%2C200","width":350,"height":200},"classes":[]},{"id":2513,"url":"https:\/\/www.ub.edu\/mastergeed\/preinscripcio-curs-2021-22\/","url_meta":{"origin":3662,"position":1},"title":"Preinscripci\u00f3 curs 2021-22","author":"xtriado","date":"3rd maig 2021","format":false,"excerpt":"Dijous que ve dia 6 de maig obrim la preinscripci\u00f3 per a la XXXI Edici\u00f3 del M\u00e0ster en Gesti\u00f3 Econ\u00f2mica d'Entitats Esportives. S\u00ed, has llegit b\u00e9... trenta-un anys oferint aquesta formaci\u00f3 per a professionals del sector. La veritat \u00e9s que no \u00e9s una tasca f\u00e0cil mantenir tants anys en actiu\u2026","rel":"","context":"A &quot;Not\u00edcies&quot;","block_context":{"text":"Not\u00edcies","link":"https:\/\/www.ub.edu\/mastergeed\/category\/news\/"},"img":{"alt_text":"","src":"https:\/\/i0.wp.com\/www.ub.edu\/mastergeed\/wp-content\/uploads\/2021\/05\/langston-btptQ5aVY1M-unsplash.jpg?fit=1080%2C608&ssl=1&resize=350%2C200","width":350,"height":200,"srcset":"https:\/\/i0.wp.com\/www.ub.edu\/mastergeed\/wp-content\/uploads\/2021\/05\/langston-btptQ5aVY1M-unsplash.jpg?fit=1080%2C608&ssl=1&resize=350%2C200 1x, https:\/\/i0.wp.com\/www.ub.edu\/mastergeed\/wp-content\/uploads\/2021\/05\/langston-btptQ5aVY1M-unsplash.jpg?fit=1080%2C608&ssl=1&resize=525%2C300 1.5x, https:\/\/i0.wp.com\/www.ub.edu\/mastergeed\/wp-content\/uploads\/2021\/05\/langston-btptQ5aVY1M-unsplash.jpg?fit=1080%2C608&ssl=1&resize=700%2C400 2x, https:\/\/i0.wp.com\/www.ub.edu\/mastergeed\/wp-content\/uploads\/2021\/05\/langston-btptQ5aVY1M-unsplash.jpg?fit=1080%2C608&ssl=1&resize=1050%2C600 3x"},"classes":[]},{"id":3785,"url":"https:\/\/www.ub.edu\/mastergeed\/arranquem-de-nou-amb-energia-i-entusiasme-un-any-mes-com-triar-el-teu-master-i-encertar-lo\/","url_meta":{"origin":3662,"position":2},"title":"Arranquem de nou, amb energia i entusiasme, un any m\u00e9s. Com triar el teu m\u00e0ster i encertar-lo?","author":"Pilar Aparicio","date":"19th octubre 2023","format":false,"excerpt":"Iniciem la XXXIV Edici\u00f3 del m\u00e0ster: Benvinguts i benvingudes a tots. Dimarts passat 17 d'octubre vam iniciar la nova promoci\u00f3 del m\u00e0ster. Tenim la sort de rebre bons professionals que volen fer aquesta formaci\u00f3 que els ajuda. Aquest any tenim estudiants de set nacionalitats diferents. Ja s\u00f3n m\u00e9s de \u00a0700\u2026","rel":"","context":"A &quot;Not\u00edcies&quot;","block_context":{"text":"Not\u00edcies","link":"https:\/\/www.ub.edu\/mastergeed\/category\/news\/"},"img":{"alt_text":"","src":"https:\/\/i0.wp.com\/www.ub.edu\/mastergeed\/wp-content\/uploads\/2023\/10\/nadir-syzygy-wc3jFFQxo8k-unsplash.jpg?fit=1080%2C720&ssl=1&resize=350%2C200","width":350,"height":200,"srcset":"https:\/\/i0.wp.com\/www.ub.edu\/mastergeed\/wp-content\/uploads\/2023\/10\/nadir-syzygy-wc3jFFQxo8k-unsplash.jpg?fit=1080%2C720&ssl=1&resize=350%2C200 1x, https:\/\/i0.wp.com\/www.ub.edu\/mastergeed\/wp-content\/uploads\/2023\/10\/nadir-syzygy-wc3jFFQxo8k-unsplash.jpg?fit=1080%2C720&ssl=1&resize=525%2C300 1.5x, https:\/\/i0.wp.com\/www.ub.edu\/mastergeed\/wp-content\/uploads\/2023\/10\/nadir-syzygy-wc3jFFQxo8k-unsplash.jpg?fit=1080%2C720&ssl=1&resize=700%2C400 2x, https:\/\/i0.wp.com\/www.ub.edu\/mastergeed\/wp-content\/uploads\/2023\/10\/nadir-syzygy-wc3jFFQxo8k-unsplash.jpg?fit=1080%2C720&ssl=1&resize=1050%2C600 3x"},"classes":[]},{"id":1406,"url":"https:\/\/www.ub.edu\/mastergeed\/pablo-acevedo-antic-alumne-rep-la-medalla-al-merit-en-categoria-de-plata\/","url_meta":{"origin":3662,"position":3},"title":"Pablo Acevedo, antic alumne, rep la medalla al m\u00e8rit en categoria de plata","author":"Amal Elasri","date":"28th octubre 2018","format":false,"excerpt":"En Pablo Acebedo (16a promoci\u00f3) \u00e9s el director operatiu del Real Club de Tenis Barcelona. La Gu\u00e0rdia Urbana de Barcelona va guardonar a Pablo Acevedo amb la medalla al m\u00e8rit en categoria de plata.\u00a0Va rebre aquest guard\u00f3 de mans de l'alcaldessa de Barcelona, Ada Colau, el passat mes de setembre.\u2026","rel":"","context":"A &quot;Alumnes&quot;","block_context":{"text":"Alumnes","link":"https:\/\/www.ub.edu\/mastergeed\/category\/alumnes-i-antics\/"},"img":{"alt_text":"","src":"https:\/\/i0.wp.com\/www.ub.edu\/mastergeed\/wp-content\/uploads\/2018\/10\/GUBE072-B.jpg?fit=1080%2C720&ssl=1&resize=350%2C200","width":350,"height":200,"srcset":"https:\/\/i0.wp.com\/www.ub.edu\/mastergeed\/wp-content\/uploads\/2018\/10\/GUBE072-B.jpg?fit=1080%2C720&ssl=1&resize=350%2C200 1x, https:\/\/i0.wp.com\/www.ub.edu\/mastergeed\/wp-content\/uploads\/2018\/10\/GUBE072-B.jpg?fit=1080%2C720&ssl=1&resize=525%2C300 1.5x, https:\/\/i0.wp.com\/www.ub.edu\/mastergeed\/wp-content\/uploads\/2018\/10\/GUBE072-B.jpg?fit=1080%2C720&ssl=1&resize=700%2C400 2x, https:\/\/i0.wp.com\/www.ub.edu\/mastergeed\/wp-content\/uploads\/2018\/10\/GUBE072-B.jpg?fit=1080%2C720&ssl=1&resize=1050%2C600 3x"},"classes":[]},{"id":3227,"url":"https:\/\/www.ub.edu\/mastergeed\/elementor-3227\/","url_meta":{"origin":3662,"position":4},"title":"Reconeixement del m\u00f3n de l\u2019esport a dos professors del m\u00e0ster","author":"xtriado","date":"29th abril 2022","format":false,"excerpt":"Aquesta setmana compartim amb vosaltres dues distincions rebudes per dos professors del M\u00e0ster recentment. Nit del Dirigent de l\u2019Esport El passat 1 d\u2019abril, l\u2019Associaci\u00f3 Catalana de Dirigents de l\u2019Esport (ACDE) va celebrar la Nit del Dirigent de l\u2019Esport. L\u2019acte va tenir lloc al Reial Club de Polo de Barcelona, on\u2026","rel":"","context":"A &quot;Not\u00edcies&quot;","block_context":{"text":"Not\u00edcies","link":"https:\/\/www.ub.edu\/mastergeed\/category\/news\/"},"img":{"alt_text":"","src":"https:\/\/i0.wp.com\/www.ub.edu\/mastergeed\/wp-content\/uploads\/2022\/04\/image2-e1651223568872.jpeg?fit=1061%2C602&ssl=1&resize=350%2C200","width":350,"height":200,"srcset":"https:\/\/i0.wp.com\/www.ub.edu\/mastergeed\/wp-content\/uploads\/2022\/04\/image2-e1651223568872.jpeg?fit=1061%2C602&ssl=1&resize=350%2C200 1x, https:\/\/i0.wp.com\/www.ub.edu\/mastergeed\/wp-content\/uploads\/2022\/04\/image2-e1651223568872.jpeg?fit=1061%2C602&ssl=1&resize=525%2C300 1.5x, https:\/\/i0.wp.com\/www.ub.edu\/mastergeed\/wp-content\/uploads\/2022\/04\/image2-e1651223568872.jpeg?fit=1061%2C602&ssl=1&resize=700%2C400 2x, https:\/\/i0.wp.com\/www.ub.edu\/mastergeed\/wp-content\/uploads\/2022\/04\/image2-e1651223568872.jpeg?fit=1061%2C602&ssl=1&resize=1050%2C600 3x"},"classes":[]},{"id":3817,"url":"https:\/\/www.ub.edu\/mastergeed\/val-la-pena-estudiar-un-master\/","url_meta":{"origin":3662,"position":5},"title":"Val la pena estudiar un m\u00e0ster?","author":"xtriado","date":"10th desembre 2023","format":false,"excerpt":"Decidir estudiar un m\u00e0ster. Com saber el que em conv\u00e9? ara? com s\u00e9 si em conv\u00e9? Quan ens plantegem ampliar la formaci\u00f3 amb un m\u00e0ster, venen dues preguntes a la ment: Val la pena estudiar un m\u00e0ster? Com trio d'entre totes les propostes existents?En el podcast del m\u00e0ster hem fet\u2026","rel":"","context":"A &quot;Not\u00edcies&quot;","block_context":{"text":"Not\u00edcies","link":"https:\/\/www.ub.edu\/mastergeed\/category\/news\/"},"img":{"alt_text":"","src":"https:\/\/i0.wp.com\/www.ub.edu\/mastergeed\/wp-content\/uploads\/2019\/10\/Promici%C3%B3.jpg?fit=1080%2C720&ssl=1&resize=350%2C200","width":350,"height":200,"srcset":"https:\/\/i0.wp.com\/www.ub.edu\/mastergeed\/wp-content\/uploads\/2019\/10\/Promici%C3%B3.jpg?fit=1080%2C720&ssl=1&resize=350%2C200 1x, https:\/\/i0.wp.com\/www.ub.edu\/mastergeed\/wp-content\/uploads\/2019\/10\/Promici%C3%B3.jpg?fit=1080%2C720&ssl=1&resize=525%2C300 1.5x, https:\/\/i0.wp.com\/www.ub.edu\/mastergeed\/wp-content\/uploads\/2019\/10\/Promici%C3%B3.jpg?fit=1080%2C720&ssl=1&resize=700%2C400 2x, https:\/\/i0.wp.com\/www.ub.edu\/mastergeed\/wp-content\/uploads\/2019\/10\/Promici%C3%B3.jpg?fit=1080%2C720&ssl=1&resize=1050%2C600 3x"},"classes":[]}],"jetpack_likes_enabled":true,"_links":{"self":[{"href":"https:\/\/www.ub.edu\/mastergeed\/wp-json\/wp\/v2\/posts\/3662","targetHints":{"allow":["GET"]}}],"collection":[{"href":"https:\/\/www.ub.edu\/mastergeed\/wp-json\/wp\/v2\/posts"}],"about":[{"href":"https:\/\/www.ub.edu\/mastergeed\/wp-json\/wp\/v2\/types\/post"}],"author":[{"embeddable":true,"href":"https:\/\/www.ub.edu\/mastergeed\/wp-json\/wp\/v2\/users\/3"}],"replies":[{"embeddable":true,"href":"https:\/\/www.ub.edu\/mastergeed\/wp-json\/wp\/v2\/comments?post=3662"}],"version-history":[{"count":39,"href":"https:\/\/www.ub.edu\/mastergeed\/wp-json\/wp\/v2\/posts\/3662\/revisions"}],"predecessor-version":[{"id":3704,"href":"https:\/\/www.ub.edu\/mastergeed\/wp-json\/wp\/v2\/posts\/3662\/revisions\/3704"}],"wp:featuredmedia":[{"embeddable":true,"href":"https:\/\/www.ub.edu\/mastergeed\/wp-json\/wp\/v2\/media\/2656"}],"wp:attachment":[{"href":"https:\/\/www.ub.edu\/mastergeed\/wp-json\/wp\/v2\/media?parent=3662"}],"wp:term":[{"taxonomy":"category","embeddable":true,"href":"https:\/\/www.ub.edu\/mastergeed\/wp-json\/wp\/v2\/categories?post=3662"},{"taxonomy":"post_tag","embeddable":true,"href":"https:\/\/www.ub.edu\/mastergeed\/wp-json\/wp\/v2\/tags?post=3662"}],"curies":[{"name":"wp","href":"https:\/\/api.w.org\/{rel}","templated":true}]}}