{"id":3785,"date":"2023-10-19T09:24:26","date_gmt":"2023-10-19T07:24:26","guid":{"rendered":"http:\/\/www.ub.edu\/mastergeed\/?p=3785"},"modified":"2023-10-19T09:38:02","modified_gmt":"2023-10-19T07:38:02","slug":"arranquem-de-nou-amb-energia-i-entusiasme-un-any-mes-com-triar-el-teu-master-i-encertar-lo","status":"publish","type":"post","link":"https:\/\/www.ub.edu\/mastergeed\/arranquem-de-nou-amb-energia-i-entusiasme-un-any-mes-com-triar-el-teu-master-i-encertar-lo\/","title":{"rendered":"Arranquem de nou, amb energia i entusiasme, un any m\u00e9s. Com triar el teu m\u00e0ster i encertar-lo?"},"content":{"rendered":"\t\t<div data-elementor-type=\"wp-post\" data-elementor-id=\"3785\" class=\"elementor elementor-3785\">\n\t\t\t\t\t\t<section class=\"elementor-section elementor-top-section elementor-element elementor-element-0d7b168 elementor-section-boxed elementor-section-height-default elementor-section-height-default\" data-id=\"0d7b168\" data-element_type=\"section\" data-e-type=\"section\">\n\t\t\t\t\t\t<div class=\"elementor-container elementor-column-gap-default\">\n\t\t\t\t\t<div class=\"elementor-column elementor-col-100 elementor-top-column elementor-element elementor-element-2acb592\" data-id=\"2acb592\" data-element_type=\"column\" data-e-type=\"column\">\n\t\t\t<div class=\"elementor-widget-wrap elementor-element-populated\">\n\t\t\t\t\t\t<div class=\"elementor-element elementor-element-62a14a6 elementor-widget elementor-widget-heading\" data-id=\"62a14a6\" data-element_type=\"widget\" data-e-type=\"widget\" data-widget_type=\"heading.default\">\n\t\t\t\t<div class=\"elementor-widget-container\">\n\t\t\t\t\t<h3 class=\"elementor-heading-title elementor-size-default\">Iniciem la XXXIV Edici\u00f3 del m\u00e0ster: Benvinguts i benvingudes a tots.<\/h3>\t\t\t\t<\/div>\n\t\t\t\t<\/div>\n\t\t\t\t\t<\/div>\n\t\t<\/div>\n\t\t\t\t\t<\/div>\n\t\t<\/section>\n\t\t\t\t<section class=\"elementor-section elementor-top-section elementor-element elementor-element-5b5a6b9 elementor-section-boxed elementor-section-height-default elementor-section-height-default\" data-id=\"5b5a6b9\" data-element_type=\"section\" data-e-type=\"section\">\n\t\t\t\t\t\t<div class=\"elementor-container elementor-column-gap-default\">\n\t\t\t\t\t<div class=\"elementor-column elementor-col-100 elementor-top-column elementor-element elementor-element-0e3b0e4\" data-id=\"0e3b0e4\" data-element_type=\"column\" data-e-type=\"column\">\n\t\t\t<div class=\"elementor-widget-wrap elementor-element-populated\">\n\t\t\t\t\t\t<div class=\"elementor-element elementor-element-4458cd5 elementor-widget elementor-widget-text-editor\" data-id=\"4458cd5\" data-element_type=\"widget\" data-e-type=\"widget\" data-widget_type=\"text-editor.default\">\n\t\t\t\t<div class=\"elementor-widget-container\">\n\t\t\t\t\t\t\t\t\t<p>Dimarts passat 17 d&#8217;octubre vam iniciar la nova promoci\u00f3 del m\u00e0ster.<\/p><p>Tenim la sort de rebre bons professionals que volen fer aquesta formaci\u00f3 que els ajuda. Aquest any tenim estudiants de set nacionalitats diferents. Ja s\u00f3n m\u00e9s de \u00a0700 alumnes que han cursat aquest programa.<\/p><p>El M\u00e0ster en Gesti\u00f3 Econ\u00f2mica d&#8217;Entitats Esportives \u00e9s una oportunitat, com a formaci\u00f3 cont\u00ednua per a especialistes i persones que volen assolir responsabilitats en la gesti\u00f3 esportiva en una organitzaci\u00f3. Ja sigui per a la que treballen, o empresa per ells mateixos.<\/p><p>Des de la direcci\u00f3 del M\u00e0ster volem remarcar l&#8217;actualitat d&#8217;aquesta formaci\u00f3 per ajudar a professionalitzar les persones que dirigeixen organitzacions esportives, tant p\u00fabliques com privades.<\/p>\t\t\t\t\t\t\t\t<\/div>\n\t\t\t\t<\/div>\n\t\t\t\t\t<\/div>\n\t\t<\/div>\n\t\t\t\t\t<\/div>\n\t\t<\/section>\n\t\t\t\t<section class=\"elementor-section elementor-top-section elementor-element elementor-element-b4356f6 elementor-section-boxed elementor-section-height-default elementor-section-height-default\" data-id=\"b4356f6\" data-element_type=\"section\" data-e-type=\"section\">\n\t\t\t\t\t\t<div class=\"elementor-container elementor-column-gap-default\">\n\t\t\t\t\t<div class=\"elementor-column elementor-col-100 elementor-top-column elementor-element elementor-element-ef4331d\" data-id=\"ef4331d\" data-element_type=\"column\" data-e-type=\"column\">\n\t\t\t<div class=\"elementor-widget-wrap elementor-element-populated\">\n\t\t\t\t\t\t<div class=\"elementor-element elementor-element-7eb3996 elementor-widget elementor-widget-heading\" data-id=\"7eb3996\" data-element_type=\"widget\" data-e-type=\"widget\" data-widget_type=\"heading.default\">\n\t\t\t\t<div class=\"elementor-widget-container\">\n\t\t\t\t\t<h3 class=\"elementor-heading-title elementor-size-default\">Iniciem la 5a temporada del podcast del m\u00e0ster<\/h3>\t\t\t\t<\/div>\n\t\t\t\t<\/div>\n\t\t\t\t\t<\/div>\n\t\t<\/div>\n\t\t\t\t\t<\/div>\n\t\t<\/section>\n\t\t\t\t<section class=\"elementor-section elementor-top-section elementor-element elementor-element-fc31348 elementor-section-boxed elementor-section-height-default elementor-section-height-default\" data-id=\"fc31348\" data-element_type=\"section\" data-e-type=\"section\">\n\t\t\t\t\t\t<div class=\"elementor-container elementor-column-gap-default\">\n\t\t\t\t\t<div class=\"elementor-column elementor-col-100 elementor-top-column elementor-element elementor-element-c015415\" data-id=\"c015415\" data-element_type=\"column\" data-e-type=\"column\">\n\t\t\t<div class=\"elementor-widget-wrap elementor-element-populated\">\n\t\t\t\t\t\t<div class=\"elementor-element elementor-element-90bd7d9 elementor-widget elementor-widget-text-editor\" data-id=\"90bd7d9\" data-element_type=\"widget\" data-e-type=\"widget\" data-widget_type=\"text-editor.default\">\n\t\t\t\t<div class=\"elementor-widget-container\">\n\t\t\t\t\t\t\t\t\t<p>Iniciem la cinquena temporada del podcast d&#8217;entitats esportives, la cinquena. S\u00ed, ja han passat cinc anys des que comencem aquesta iniciativa i s\u00f3n m\u00e9s de 16.000 persones que ens escolten. Un honor i agra\u00efts a tots ells.<\/p><p>En aquest episodi conversem amb alumnes que acaben d&#8217;iniciar un m\u00e0ster. El tema de la conversa \u00e9s con\u00e8ixer els criteris pels quals han triat un programa de m\u00e0ster per completar la formaci\u00f3. Qu\u00e8 influeix en l&#8217;elecci\u00f3? Quins dubtes apareixen i com els resolen? Com aconsegueixen informaci\u00f3 sobre els diversos programes que poden realitzar?<\/p>\t\t\t\t\t\t\t\t<\/div>\n\t\t\t\t<\/div>\n\t\t\t\t\t<\/div>\n\t\t<\/div>\n\t\t\t\t\t<\/div>\n\t\t<\/section>\n\t\t\t\t<section class=\"elementor-section elementor-top-section elementor-element elementor-element-0e2dffa elementor-section-boxed elementor-section-height-default elementor-section-height-default\" data-id=\"0e2dffa\" data-element_type=\"section\" data-e-type=\"section\">\n\t\t\t\t\t\t<div class=\"elementor-container elementor-column-gap-default\">\n\t\t\t\t\t<div class=\"elementor-column elementor-col-100 elementor-top-column elementor-element elementor-element-cad2569\" data-id=\"cad2569\" data-element_type=\"column\" data-e-type=\"column\">\n\t\t\t<div class=\"elementor-widget-wrap elementor-element-populated\">\n\t\t\t\t\t\t<div class=\"elementor-element elementor-element-05cc23b elementor-widget elementor-widget-heading\" data-id=\"05cc23b\" data-element_type=\"widget\" data-e-type=\"widget\" data-widget_type=\"heading.default\">\n\t\t\t\t<div class=\"elementor-widget-container\">\n\t\t\t\t\t<h3 class=\"elementor-heading-title elementor-size-default\">Novetats d'aquesta temporada<\/h3>\t\t\t\t<\/div>\n\t\t\t\t<\/div>\n\t\t\t\t\t<\/div>\n\t\t<\/div>\n\t\t\t\t\t<\/div>\n\t\t<\/section>\n\t\t\t\t<section class=\"elementor-section elementor-top-section elementor-element elementor-element-f834f3a elementor-section-boxed elementor-section-height-default elementor-section-height-default\" data-id=\"f834f3a\" data-element_type=\"section\" data-e-type=\"section\">\n\t\t\t\t\t\t<div class=\"elementor-container elementor-column-gap-default\">\n\t\t\t\t\t<div class=\"elementor-column elementor-col-100 elementor-top-column elementor-element elementor-element-c3fd95b\" data-id=\"c3fd95b\" data-element_type=\"column\" data-e-type=\"column\">\n\t\t\t<div class=\"elementor-widget-wrap elementor-element-populated\">\n\t\t\t\t\t\t<div class=\"elementor-element elementor-element-1759b51 elementor-widget elementor-widget-text-editor\" data-id=\"1759b51\" data-element_type=\"widget\" data-e-type=\"widget\" data-widget_type=\"text-editor.default\">\n\t\t\t\t<div class=\"elementor-widget-container\">\n\t\t\t\t\t\t\t\t\t<p>Aquest any comencem cada episodi amb un cas, que serveixi d&#8217;exemple del tema que tractarem a cada episodi.<\/p><p>Ana Weis ens explica, al primer episodi, el seu cas. Ens explica com ha triat, com es troba a Barcelona, \u200b\u200bcom compagina les classes, les hores d&#8217;estudi i els treballs amb la vida activa que ha estat portant durant anys com a esportista. Tamb\u00e9 com veieu el futur professional que us espera.<\/p><p>Una segona part del podcast \u00e9s una tert\u00falia breu al bar de la facultat d&#8217;Economia i Empresa de la Universitat de Barcelona. Conversem amb Catalina Norambuena, que ve des de Xile. Amb Andr\u00e9s S\u00e1nchez, provinent de Col\u00f2mbia i amb Salvatore Spadaro que arriba des d&#8217;It\u00e0lia i Palma de Mallorca, amb els qui parlem sobre els elements que fonamentar-vos les seves decisions d&#8217;estudiar un programa de m\u00e0ster, venint des de diverses parts del m\u00f3n.<\/p><p>Acabem aquest podcast amb una s\u00edntesi de les variables que consideren avui les persones que es proposen estudiar un programa de m\u00e0ster. En aquest cas a la Universitat de Barcelona. Al costat de les variables m\u00e9s objectives com la mat\u00e8ria, el programa i el seu prestigi, la universitat o la recomanaci\u00f3 d&#8217;antics alumnes tamb\u00e9 compten altres factors m\u00e9s emocionals sobre els quals parlen els nostres convidats.<\/p><p>Esperem que us agradi aquest nou episodi, i el nou format. Us convido a escoltar-ho.<\/p>\t\t\t\t\t\t\t\t<\/div>\n\t\t\t\t<\/div>\n\t\t\t\t\t<\/div>\n\t\t<\/div>\n\t\t\t\t\t<\/div>\n\t\t<\/section>\n\t\t\t\t<section class=\"elementor-section elementor-top-section elementor-element elementor-element-5a15e52 elementor-section-boxed elementor-section-height-default elementor-section-height-default\" data-id=\"5a15e52\" data-element_type=\"section\" data-e-type=\"section\">\n\t\t\t\t\t\t<div class=\"elementor-container elementor-column-gap-default\">\n\t\t\t\t\t<div class=\"elementor-column elementor-col-100 elementor-top-column elementor-element elementor-element-4f479c3\" data-id=\"4f479c3\" data-element_type=\"column\" data-e-type=\"column\">\n\t\t\t<div class=\"elementor-widget-wrap elementor-element-populated\">\n\t\t\t\t\t\t<div class=\"elementor-element elementor-element-d5c2a92 elementor-widget elementor-widget-heading\" data-id=\"d5c2a92\" data-element_type=\"widget\" data-e-type=\"widget\" data-widget_type=\"heading.default\">\n\t\t\t\t<div class=\"elementor-widget-container\">\n\t\t\t\t\t<h3 class=\"elementor-heading-title elementor-size-default\">Us convidem a escoltar-lo<\/h3>\t\t\t\t<\/div>\n\t\t\t\t<\/div>\n\t\t\t\t\t<\/div>\n\t\t<\/div>\n\t\t\t\t\t<\/div>\n\t\t<\/section>\n\t\t\t\t<section class=\"elementor-section elementor-top-section elementor-element elementor-element-3d06e5e elementor-section-boxed elementor-section-height-default elementor-section-height-default\" data-id=\"3d06e5e\" data-element_type=\"section\" data-e-type=\"section\">\n\t\t\t\t\t\t<div class=\"elementor-container elementor-column-gap-default\">\n\t\t\t\t\t<div class=\"elementor-column elementor-col-100 elementor-top-column elementor-element elementor-element-a2528a0\" data-id=\"a2528a0\" data-element_type=\"column\" data-e-type=\"column\">\n\t\t\t<div class=\"elementor-widget-wrap elementor-element-populated\">\n\t\t\t\t\t\t<div class=\"elementor-element elementor-element-91e816c elementor-widget elementor-widget-html\" data-id=\"91e816c\" data-element_type=\"widget\" data-e-type=\"widget\" data-widget_type=\"html.default\">\n\t\t\t\t<div class=\"elementor-widget-container\">\n\t\t\t\t\t<div id=\"buzzsprout-player-13802223\"><\/div><script src=\"https:\/\/www.buzzsprout.com\/634357\/13802223-el-master-que-mas-me-conviene-criterios-para-acertar-en-la-eleccion.js?container_id=buzzsprout-player-13802223&player=small\" type=\"text\/javascript\" charset=\"utf-8\"><\/script>\t\t\t\t<\/div>\n\t\t\t\t<\/div>\n\t\t\t\t\t<\/div>\n\t\t<\/div>\n\t\t\t\t\t<\/div>\n\t\t<\/section>\n\t\t\t\t<\/div>\n\t\t","protected":false},"excerpt":{"rendered":"<p>Iniciem la XXXIV Edici\u00f3 del m\u00e0ster: Benvinguts i benvingudes a tots. Dimarts passat 17 d&#8217;octubre vam iniciar la nova promoci\u00f3 &hellip; <\/p>\n","protected":false},"author":3,"featured_media":3797,"comment_status":"open","ping_status":"open","sticky":false,"template":"","format":"standard","meta":{"_monsterinsights_skip_tracking":false,"_monsterinsights_sitenote_active":false,"_monsterinsights_sitenote_note":"","_monsterinsights_sitenote_category":0,"_uf_show_specific_survey":0,"_uf_disable_surveys":false,"_jetpack_memberships_contains_paid_content":false,"footnotes":"","jetpack_publicize_message":"","jetpack_publicize_feature_enabled":true,"jetpack_social_post_already_shared":true,"jetpack_social_options":{"image_generator_settings":{"template":"highway","default_image_id":0,"font":"","enabled":false},"version":2}},"categories":[3],"tags":[],"class_list":["post-3785","post","type-post","status-publish","format-standard","has-post-thumbnail","hentry","category-news","latest_post"],"aioseo_notices":[],"jetpack_publicize_connections":[],"jetpack_featured_media_url":"https:\/\/i0.wp.com\/www.ub.edu\/mastergeed\/wp-content\/uploads\/2023\/10\/nadir-syzygy-wc3jFFQxo8k-unsplash.jpg?fit=1080%2C720&ssl=1","jetpack_sharing_enabled":true,"jetpack_shortlink":"https:\/\/wp.me\/p9MnWz-Z3","jetpack-related-posts":[{"id":3743,"url":"https:\/\/www.ub.edu\/mastergeed\/orgullosos-dels-professionals-que-confien-en-la-formacio-del-master\/","url_meta":{"origin":3785,"position":0},"title":"Orgullosos dels professionals que confien en la formaci\u00f3 del M\u00e0ster","author":"xtriado","date":"20th maig 2023","format":false,"excerpt":"M\u00e9s de trenta anys formant professionals Una de les coses meravelloses de veure passar el temps \u00e9s veure els progressos de les persones. Aix\u00f2 ens passa en el m\u00e0ster quan coincidim amb els antics alumnes per motius diversos. Estan pertot arreu. Gaudint amb el seu treball. Gaudint amb l'esport, encara\u2026","rel":"","context":"A &quot;Not\u00edcies&quot;","block_context":{"text":"Not\u00edcies","link":"https:\/\/www.ub.edu\/mastergeed\/category\/news\/"},"img":{"alt_text":"","src":"https:\/\/i0.wp.com\/www.ub.edu\/mastergeed\/wp-content\/uploads\/2023\/05\/IMG_0836-e1684596112780.jpeg?fit=450%2C670&ssl=1&resize=350%2C200","width":350,"height":200},"classes":[]},{"id":2513,"url":"https:\/\/www.ub.edu\/mastergeed\/preinscripcio-curs-2021-22\/","url_meta":{"origin":3785,"position":1},"title":"Preinscripci\u00f3 curs 2021-22","author":"xtriado","date":"3rd maig 2021","format":false,"excerpt":"Dijous que ve dia 6 de maig obrim la preinscripci\u00f3 per a la XXXI Edici\u00f3 del M\u00e0ster en Gesti\u00f3 Econ\u00f2mica d'Entitats Esportives. S\u00ed, has llegit b\u00e9... trenta-un anys oferint aquesta formaci\u00f3 per a professionals del sector. La veritat \u00e9s que no \u00e9s una tasca f\u00e0cil mantenir tants anys en actiu\u2026","rel":"","context":"A &quot;Not\u00edcies&quot;","block_context":{"text":"Not\u00edcies","link":"https:\/\/www.ub.edu\/mastergeed\/category\/news\/"},"img":{"alt_text":"","src":"https:\/\/i0.wp.com\/www.ub.edu\/mastergeed\/wp-content\/uploads\/2021\/05\/langston-btptQ5aVY1M-unsplash.jpg?fit=1080%2C608&ssl=1&resize=350%2C200","width":350,"height":200,"srcset":"https:\/\/i0.wp.com\/www.ub.edu\/mastergeed\/wp-content\/uploads\/2021\/05\/langston-btptQ5aVY1M-unsplash.jpg?fit=1080%2C608&ssl=1&resize=350%2C200 1x, https:\/\/i0.wp.com\/www.ub.edu\/mastergeed\/wp-content\/uploads\/2021\/05\/langston-btptQ5aVY1M-unsplash.jpg?fit=1080%2C608&ssl=1&resize=525%2C300 1.5x, https:\/\/i0.wp.com\/www.ub.edu\/mastergeed\/wp-content\/uploads\/2021\/05\/langston-btptQ5aVY1M-unsplash.jpg?fit=1080%2C608&ssl=1&resize=700%2C400 2x, https:\/\/i0.wp.com\/www.ub.edu\/mastergeed\/wp-content\/uploads\/2021\/05\/langston-btptQ5aVY1M-unsplash.jpg?fit=1080%2C608&ssl=1&resize=1050%2C600 3x"},"classes":[]},{"id":1187,"url":"https:\/\/www.ub.edu\/mastergeed\/indesup-tech-el-programa-per-als-emprenedors-de-lesport\/","url_meta":{"origin":3785,"position":2},"title":"INDESUP! TECH. El programa per als emprenedors de l\u2019Esport","author":"Amal Elasri","date":"15th juliol 2018","format":false,"excerpt":"En el marc del Programa Catalunya Empr\u00e8n el professorat dels M\u00e1sters en Gesti\u00f3 Econ\u00f2mica d\u2019Entitats Esportives i de Direcci\u00f3 d\u2019Empreses de l\u2019Esport la Universitat de Barcelona, conjuntament amb Indescat i la fundaci\u00f3 Eurecat, presenten\u00a0INDESUP!TECH. \u00c9s el Primer programa de preacceleraci\u00f3 d'empreses. Vol ser un programa de formaci\u00f3 i assessorament per\u2026","rel":"","context":"A &quot;Not\u00edcies&quot;","block_context":{"text":"Not\u00edcies","link":"https:\/\/www.ub.edu\/mastergeed\/category\/news\/"},"img":{"alt_text":"","src":"https:\/\/i0.wp.com\/www.ub.edu\/mastergeed\/wp-content\/uploads\/2018\/07\/riccardo-annandale-140624-unsplash.jpg?fit=1180%2C946&ssl=1&resize=350%2C200","width":350,"height":200,"srcset":"https:\/\/i0.wp.com\/www.ub.edu\/mastergeed\/wp-content\/uploads\/2018\/07\/riccardo-annandale-140624-unsplash.jpg?fit=1180%2C946&ssl=1&resize=350%2C200 1x, https:\/\/i0.wp.com\/www.ub.edu\/mastergeed\/wp-content\/uploads\/2018\/07\/riccardo-annandale-140624-unsplash.jpg?fit=1180%2C946&ssl=1&resize=525%2C300 1.5x, https:\/\/i0.wp.com\/www.ub.edu\/mastergeed\/wp-content\/uploads\/2018\/07\/riccardo-annandale-140624-unsplash.jpg?fit=1180%2C946&ssl=1&resize=700%2C400 2x, https:\/\/i0.wp.com\/www.ub.edu\/mastergeed\/wp-content\/uploads\/2018\/07\/riccardo-annandale-140624-unsplash.jpg?fit=1180%2C946&ssl=1&resize=1050%2C600 3x"},"classes":[]},{"id":2067,"url":"https:\/\/www.ub.edu\/mastergeed\/cal-preparar-se-per-dirigir-una-empresa-esportiva\/","url_meta":{"origin":3785,"position":3},"title":"Cal preparar-se per dirigir una empresa esportiva?","author":"xtriado","date":"13th desembre 2019","format":false,"excerpt":"Entrevista sobre formaci\u00f3 en direcci\u00f3 de l'esport a R\u00e0dio 4-TVE amb el director del M\u00e0ster El programa \"El Mat\u00ed\" de R\u00e0dio 4 - Radio Televisi\u00f3 Espanyola, dirigit per Ramon Castell\u00f3 el 12 de desembre de 2019, va entrevista al director del m\u00e0ster per debatre el valor de programes de m\u00e0ster\u2026","rel":"","context":"A &quot;Not\u00edcies&quot;","block_context":{"text":"Not\u00edcies","link":"https:\/\/www.ub.edu\/mastergeed\/category\/news\/"},"img":{"alt_text":"","src":"https:\/\/i0.wp.com\/www.ub.edu\/mastergeed\/wp-content\/uploads\/2019\/12\/i.jpeg?fit=980%2C449&ssl=1&resize=350%2C200","width":350,"height":200,"srcset":"https:\/\/i0.wp.com\/www.ub.edu\/mastergeed\/wp-content\/uploads\/2019\/12\/i.jpeg?fit=980%2C449&ssl=1&resize=350%2C200 1x, https:\/\/i0.wp.com\/www.ub.edu\/mastergeed\/wp-content\/uploads\/2019\/12\/i.jpeg?fit=980%2C449&ssl=1&resize=525%2C300 1.5x, https:\/\/i0.wp.com\/www.ub.edu\/mastergeed\/wp-content\/uploads\/2019\/12\/i.jpeg?fit=980%2C449&ssl=1&resize=700%2C400 2x"},"classes":[]},{"id":3662,"url":"https:\/\/www.ub.edu\/mastergeed\/elementor-3662\/","url_meta":{"origin":3785,"position":4},"title":"Concedeixen el guard\u00f3 per l&#8217;impuls a la formaci\u00f3 permanent al M\u00e0ster","author":"Pilar Aparicio","date":"30th abril 2023","format":false,"excerpt":"guard\u00f3 per molts anys formant professionals de l'esport El proper dijous, 4 de maig de 2023 al Paranimf \u00a0de l\u2019Edifici Hist\u00f2ric de la Universitat de Barcelona ens concedeixen un guard\u00f3 com a m\u00e0ster. Volem compartir amb vosaltres la not\u00edcia. Tamb\u00e9 les felicitacions per a tots els que s\u00f3n part del\u2026","rel":"","context":"A &quot;Not\u00edcies&quot;","block_context":{"text":"Not\u00edcies","link":"https:\/\/www.ub.edu\/mastergeed\/category\/news\/"},"img":{"alt_text":"","src":"https:\/\/i0.wp.com\/www.ub.edu\/mastergeed\/wp-content\/uploads\/2021\/06\/krakenimages-376KN_ISplE-unsplash.jpg?fit=1080%2C720&ssl=1&resize=350%2C200","width":350,"height":200,"srcset":"https:\/\/i0.wp.com\/www.ub.edu\/mastergeed\/wp-content\/uploads\/2021\/06\/krakenimages-376KN_ISplE-unsplash.jpg?fit=1080%2C720&ssl=1&resize=350%2C200 1x, https:\/\/i0.wp.com\/www.ub.edu\/mastergeed\/wp-content\/uploads\/2021\/06\/krakenimages-376KN_ISplE-unsplash.jpg?fit=1080%2C720&ssl=1&resize=525%2C300 1.5x, https:\/\/i0.wp.com\/www.ub.edu\/mastergeed\/wp-content\/uploads\/2021\/06\/krakenimages-376KN_ISplE-unsplash.jpg?fit=1080%2C720&ssl=1&resize=700%2C400 2x, https:\/\/i0.wp.com\/www.ub.edu\/mastergeed\/wp-content\/uploads\/2021\/06\/krakenimages-376KN_ISplE-unsplash.jpg?fit=1080%2C720&ssl=1&resize=1050%2C600 3x"},"classes":[]},{"id":3060,"url":"https:\/\/www.ub.edu\/mastergeed\/visita-al-club-esportiu-laieta\/","url_meta":{"origin":3785,"position":5},"title":"Visita al Club Esportiu Laiet\u00e0","author":"xtriado","date":"11th febrer 2022","format":false,"excerpt":"El passat dimarts 8 de febrer, els alumnes del M\u00e0ster en Gesti\u00f3 Econ\u00f2mica d\u2019Entitats Esportives van gaudir d\u2019una visita a les instal\u00b7lacions del Club Esportiu Laiet\u00e0. Un club amb cent anys d\u2019hist\u00f2ria Situat al barri de Les Corts de Barcelona, el Club gaudeix d\u2019una llarga tradici\u00f3 d\u2019escola formativa i d\u2019ambient\u2026","rel":"","context":"A &quot;Not\u00edcies&quot;","block_context":{"text":"Not\u00edcies","link":"https:\/\/www.ub.edu\/mastergeed\/category\/news\/"},"img":{"alt_text":"","src":"https:\/\/i0.wp.com\/www.ub.edu\/mastergeed\/wp-content\/uploads\/2022\/02\/1644399210165-e1644579670369.jpg?fit=711%2C396&ssl=1&resize=350%2C200","width":350,"height":200,"srcset":"https:\/\/i0.wp.com\/www.ub.edu\/mastergeed\/wp-content\/uploads\/2022\/02\/1644399210165-e1644579670369.jpg?fit=711%2C396&ssl=1&resize=350%2C200 1x, https:\/\/i0.wp.com\/www.ub.edu\/mastergeed\/wp-content\/uploads\/2022\/02\/1644399210165-e1644579670369.jpg?fit=711%2C396&ssl=1&resize=525%2C300 1.5x, https:\/\/i0.wp.com\/www.ub.edu\/mastergeed\/wp-content\/uploads\/2022\/02\/1644399210165-e1644579670369.jpg?fit=711%2C396&ssl=1&resize=700%2C400 2x"},"classes":[]}],"jetpack_likes_enabled":true,"_links":{"self":[{"href":"https:\/\/www.ub.edu\/mastergeed\/wp-json\/wp\/v2\/posts\/3785","targetHints":{"allow":["GET"]}}],"collection":[{"href":"https:\/\/www.ub.edu\/mastergeed\/wp-json\/wp\/v2\/posts"}],"about":[{"href":"https:\/\/www.ub.edu\/mastergeed\/wp-json\/wp\/v2\/types\/post"}],"author":[{"embeddable":true,"href":"https:\/\/www.ub.edu\/mastergeed\/wp-json\/wp\/v2\/users\/3"}],"replies":[{"embeddable":true,"href":"https:\/\/www.ub.edu\/mastergeed\/wp-json\/wp\/v2\/comments?post=3785"}],"version-history":[{"count":24,"href":"https:\/\/www.ub.edu\/mastergeed\/wp-json\/wp\/v2\/posts\/3785\/revisions"}],"predecessor-version":[{"id":3811,"href":"https:\/\/www.ub.edu\/mastergeed\/wp-json\/wp\/v2\/posts\/3785\/revisions\/3811"}],"wp:featuredmedia":[{"embeddable":true,"href":"https:\/\/www.ub.edu\/mastergeed\/wp-json\/wp\/v2\/media\/3797"}],"wp:attachment":[{"href":"https:\/\/www.ub.edu\/mastergeed\/wp-json\/wp\/v2\/media?parent=3785"}],"wp:term":[{"taxonomy":"category","embeddable":true,"href":"https:\/\/www.ub.edu\/mastergeed\/wp-json\/wp\/v2\/categories?post=3785"},{"taxonomy":"post_tag","embeddable":true,"href":"https:\/\/www.ub.edu\/mastergeed\/wp-json\/wp\/v2\/tags?post=3785"}],"curies":[{"name":"wp","href":"https:\/\/api.w.org\/{rel}","templated":true}]}}