{"id":2140,"date":"2025-05-16T17:17:54","date_gmt":"2025-05-16T16:17:54","guid":{"rendered":"https:\/\/www.ub.edu\/mastergrupos\/?p=2140"},"modified":"2025-05-16T17:17:57","modified_gmt":"2025-05-16T16:17:57","slug":"autoliderazgo-para-liderar-grupos-con-autenticidad","status":"publish","type":"post","link":"https:\/\/www.ub.edu\/mastergrupos\/autoliderazgo-para-liderar-grupos-con-autenticidad\/","title":{"rendered":"Liderazgo con prop\u00f3sito: Ar\u00f3n Alma reflexiona sobre el liderazgo de grupos y los derechos humanos en UAB R\u00e0dio"},"content":{"rendered":"\n<h2 class=\"wp-block-heading\">Una conversaci\u00f3n necesaria sobre autoliderazgo y conducci\u00f3n de grupos<br><\/h2>\n\n\n\n<p>El programa <strong><a href=\"https:\/\/uab.media\/programa\/5\/derechosaboca\">\u201cDerechos a Boca\u201d<\/a><\/strong> de <a href=\"https:\/\/uab.media\/uabradio\">UAB R\u00e0dio<\/a> fue el escenario perfecto para una conversaci\u00f3n profunda y transformadora sobre liderazgo, derechos humanos y transformaci\u00f3n social. En esta edici\u00f3n, Cristian B\u00e1ez Valverde entrevist\u00f3 a <strong>Ar\u00f3n Alma<\/strong>, psic\u00f3logo especializado en trabajo con grupos, liderazgo y talento. Alma tambi\u00e9n es <strong>profesor del M\u00e1ster en Autoliderazgo y Conducci\u00f3n de Grupos de la Universidad de Barcelona<\/strong>, y coautor del libro <em>\u00abAutoliderazgo y conducci\u00f3n de grupos: claves para la pr\u00e1ctica profesional\u00bb<\/em>.<\/p>\n\n\n\n<p>El espacio no solo explor\u00f3 aspectos t\u00e9cnicos de la conducci\u00f3n de equipos, sino que entrelaz\u00f3 el liderazgo con <strong>valores fundamentales como la justicia social, la dignidad humana y la creaci\u00f3n de espacios seguros<\/strong>. Todo un llamado a ejercer una conducci\u00f3n consciente, \u00e9tica y alineada con los derechos de las personas.<\/p>\n\n\n\n<h3 class=\"wp-block-heading\">\u00bfQu\u00e9 es el autoliderazgo y por qu\u00e9 es clave hoy?<br><\/h3>\n\n\n\n<p>Uno de los pilares del M\u00e1ster \u2014y del pensamiento de Ar\u00f3n Alma\u2014 es el concepto de <strong>autoliderazgo<\/strong>. Como \u00e9l mismo explic\u00f3 en la entrevista, se trata de la capacidad de guiarse a uno mismo de forma saludable, eficaz y coherente. \u201cNo puedes liderar a otros si no sabes orientarte a ti mismo\u201d, afirm\u00f3 Alma, marcando una clara distinci\u00f3n entre el liderazgo autoritario y el liderazgo transformacional.<\/p>\n\n\n\n<p>Este enfoque se apoya en m\u00e1s de <strong>35 a\u00f1os de experiencia del m\u00e1ster<\/strong>, que desde 1989 ha formado a profesionales en habilidades grupales con una <strong>metodolog\u00eda activa y vivencial<\/strong>.<\/p>\n\n\n\n<h4 class=\"wp-block-heading\">El libro: una gu\u00eda pr\u00e1ctica para profesionales<\/h4>\n\n\n\n<p>Durante el programa, Ar\u00f3n Alma present\u00f3 el reciente lanzamiento del libro <em><a href=\"https:\/\/amzn.eu\/d\/86yI1l0\">\u201cAutoliderazgo y conducci\u00f3n de grupos. Claves para la pr\u00e1ctica profesional\u201d<\/a><\/em>, escrito junto a la doctora Mar\u00eda Palac\u00edn y publicado por <strong><a href=\"https:\/\/www.edicionespiramide.es\/libro\/manuales-practicos\/autoliderazgo-y-conduccion-de-grupos-maria-palacin-lois-9788436850246\/\">Ediciones Pir\u00e1mide (Grupo Anaya)<\/a><\/strong>. La obra, que ya se encuentra disponible en <strong>Amazon<\/strong> y en librer\u00edas f\u00edsicas, ofrece herramientas concretas para analizar, comprender y actuar dentro de los grupos.<\/p>\n\n\n\n<p>El manual abarca desde c\u00f3mo analizar la din\u00e1mica de un equipo hasta c\u00f3mo gestionar conflictos, fomentar la cooperaci\u00f3n y actuar como facilitador\/a. Todo ello desde una <strong>\u00f3ptica basada en la seguridad f\u00edsica, psicol\u00f3gica y emocional del grupo<\/strong>, lo que convierte al texto en una referencia \u00e9tica y t\u00e9cnica para quienes conducen personas.<\/p>\n\n\n\n<h3 class=\"wp-block-heading\">Liderar respetando los derechos: un enfoque indispensable<\/h3>\n\n\n\n<p>Uno de los puntos m\u00e1s potentes de la entrevista fue el di\u00e1logo sobre <strong>la conexi\u00f3n entre el liderazgo y el enfoque en derechos humanos<\/strong>. Ar\u00f3n Alma destac\u00f3 que todo l\u00edder o conductor de grupos debe actuar como <strong>garante de la seguridad<\/strong> de las personas a su cargo, velando por el respeto verbal, f\u00edsico, emocional y psicol\u00f3gico.<\/p>\n\n\n\n<p>Tal como se coment\u00f3 en el programa, \u201c<em>no se puede tratar a las personas como objetos<\/em>\u201d. Esta frase resume la esencia de una <strong>conducci\u00f3n humanista<\/strong>, donde el poder se ejerce desde la \u00e9tica y el compromiso con el otro, no desde la imposici\u00f3n o el inter\u00e9s individual.<\/p>\n\n\n\n<h2 class=\"wp-block-heading\">Liderazgo y transformaci\u00f3n social: la fuerza de los grupos<\/h2>\n\n\n\n<p>La entrevista tambi\u00e9n abord\u00f3 la importancia del liderazgo para impulsar <strong>cambios colectivos<\/strong>. Alma subray\u00f3 que los grandes avances sociales han sido protagonizados por <strong>alianzas de grupos y minor\u00edas organizadas<\/strong>. Desde esta perspectiva, el liderazgo grupal no es solo una herramienta de gesti\u00f3n, sino un <strong>motor de transformaci\u00f3n social y defensa de derechos<\/strong>.<\/p>\n\n\n\n<p>La conversaci\u00f3n dej\u00f3 en claro que el liderazgo efectivo necesita de <strong>conciencia social, capacidad cr\u00edtica y visi\u00f3n colectiva<\/strong>, m\u00e1s all\u00e1 de habilidades t\u00e9cnicas.<\/p>\n\n\n\n<h3 class=\"wp-block-heading\">\u00bfPor qu\u00e9 ver esta entrevista?<\/h3>\n\n\n\n<p>Si trabajas con personas, lideras equipos o te interesa profundizar en el papel del liderazgo en la transformaci\u00f3n social, <strong>no te puedes perder este episodio de \u201cDerechos a Boca\u201d<\/strong>. La visi\u00f3n de Aar\u00f3n Alma te inspirar\u00e1 a liderar desde un lugar m\u00e1s consciente, \u00e9tico y humano.<\/p>\n\n\n\n<figure class=\"wp-block-embed is-type-video is-provider-youtube wp-block-embed-youtube wp-embed-aspect-16-9 wp-has-aspect-ratio\"><div class=\"wp-block-embed__wrapper\">\n<iframe title=\"Habilidades en la conducci\u00f3n de grupos, entrevista con Aron Alma\" width=\"1200\" height=\"675\" src=\"https:\/\/www.youtube.com\/embed\/j1n8yHF_juc?start=50&#038;feature=oembed\" frameborder=\"0\" allow=\"accelerometer; autoplay; clipboard-write; encrypted-media; gyroscope; picture-in-picture; web-share\" referrerpolicy=\"strict-origin-when-cross-origin\" allowfullscreen><\/iframe>\n<\/div><\/figure>\n\n\n\n<p><\/p>\n","protected":false},"excerpt":{"rendered":"<p>Una conversaci\u00f3n necesaria sobre autoliderazgo y conducci\u00f3n de grupos El programa \u201cDerechos a Boca\u201d de UAB R\u00e0dio fue el escenario perfecto para una conversaci\u00f3n profunda y transformadora sobre liderazgo, derechos humanos y transformaci\u00f3n social. En esta edici\u00f3n, Cristian B\u00e1ez Valverde entrevist\u00f3 a Ar\u00f3n Alma, psic\u00f3logo especializado en trabajo con grupos, liderazgo y talento. Alma tambi\u00e9n &#8230; <a title=\"Liderazgo con prop\u00f3sito: Ar\u00f3n Alma reflexiona sobre el liderazgo de grupos y los derechos humanos en UAB R\u00e0dio\" class=\"read-more\" href=\"https:\/\/www.ub.edu\/mastergrupos\/autoliderazgo-para-liderar-grupos-con-autenticidad\/\" aria-label=\"Leer m\u00e1s sobre Liderazgo con prop\u00f3sito: Ar\u00f3n Alma reflexiona sobre el liderazgo de grupos y los derechos humanos en UAB R\u00e0dio\">Leer m\u00e1s<\/a><\/p>\n","protected":false},"author":2,"featured_media":2141,"comment_status":"open","ping_status":"open","sticky":false,"template":"","format":"standard","meta":{"_acf_changed":false,"footnotes":""},"categories":[5,8],"tags":[38,35],"class_list":["post-2140","post","type-post","status-publish","format-standard","has-post-thumbnail","hentry","category-entrevistas","category-radio","tag-autoliderazgo","tag-liderazgo"],"acf":[],"yoast_head":"<!-- This site is optimized with the Yoast SEO plugin v26.7 - https:\/\/yoast.com\/wordpress\/plugins\/seo\/ -->\n<title>Liderazgo con prop\u00f3sito: Ar\u00f3n Alma reflexiona sobre el liderazgo de grupos y los derechos humanos en UAB R\u00e0dio - M\u00e1ster Grupos<\/title>\n<meta name=\"description\" content=\"Explora c\u00f3mo el autoliderazgo es clave para liderar grupos con autenticidad, consciencia y compromiso desde la pr\u00e1ctica profesional.\" \/>\n<meta name=\"robots\" content=\"index, follow, max-snippet:-1, max-image-preview:large, max-video-preview:-1\" \/>\n<link rel=\"canonical\" href=\"https:\/\/www.ub.edu\/mastergrupos\/autoliderazgo-para-liderar-grupos-con-autenticidad\/\" \/>\n<meta property=\"og:locale\" content=\"es_ES\" \/>\n<meta property=\"og:type\" content=\"article\" \/>\n<meta property=\"og:title\" content=\"Liderazgo con prop\u00f3sito: Ar\u00f3n Alma reflexiona sobre el liderazgo de grupos y los derechos humanos en UAB R\u00e0dio - M\u00e1ster Grupos\" \/>\n<meta property=\"og:description\" content=\"Explora c\u00f3mo el autoliderazgo es clave para liderar grupos con autenticidad, consciencia y compromiso desde la pr\u00e1ctica profesional.\" \/>\n<meta property=\"og:url\" content=\"https:\/\/www.ub.edu\/mastergrupos\/autoliderazgo-para-liderar-grupos-con-autenticidad\/\" \/>\n<meta property=\"og:site_name\" content=\"M\u00e1ster Grupos\" \/>\n<meta property=\"article:published_time\" content=\"2025-05-16T16:17:54+00:00\" \/>\n<meta property=\"article:modified_time\" content=\"2025-05-16T16:17:57+00:00\" \/>\n<meta property=\"og:image\" content=\"https:\/\/www.ub.edu\/mastergrupos\/wp-content\/uploads\/2025\/05\/hq720.jpg\" \/>\n\t<meta property=\"og:image:width\" content=\"686\" \/>\n\t<meta property=\"og:image:height\" content=\"386\" \/>\n\t<meta property=\"og:image:type\" content=\"image\/jpeg\" \/>\n<meta name=\"author\" content=\"Mgrupos\" \/>\n<meta name=\"twitter:card\" content=\"summary_large_image\" \/>\n<meta name=\"twitter:creator\" content=\"@Albert\" \/>\n<meta name=\"twitter:label1\" content=\"Escrito por\" \/>\n\t<meta name=\"twitter:data1\" content=\"Mgrupos\" \/>\n\t<meta name=\"twitter:label2\" content=\"Tiempo de lectura\" \/>\n\t<meta name=\"twitter:data2\" content=\"3 minutos\" \/>\n<script type=\"application\/ld+json\" class=\"yoast-schema-graph\">{\"@context\":\"https:\/\/schema.org\",\"@graph\":[{\"@type\":\"Article\",\"@id\":\"https:\/\/www.ub.edu\/mastergrupos\/autoliderazgo-para-liderar-grupos-con-autenticidad\/#article\",\"isPartOf\":{\"@id\":\"https:\/\/www.ub.edu\/mastergrupos\/autoliderazgo-para-liderar-grupos-con-autenticidad\/\"},\"author\":{\"name\":\"Mgrupos\",\"@id\":\"https:\/\/www.ub.edu\/mastergrupos\/#\/schema\/person\/6cb1a28e55ad1430df32d29ac08bce15\"},\"headline\":\"Liderazgo con prop\u00f3sito: Ar\u00f3n Alma reflexiona sobre el liderazgo de grupos y los derechos humanos en UAB R\u00e0dio\",\"datePublished\":\"2025-05-16T16:17:54+00:00\",\"dateModified\":\"2025-05-16T16:17:57+00:00\",\"mainEntityOfPage\":{\"@id\":\"https:\/\/www.ub.edu\/mastergrupos\/autoliderazgo-para-liderar-grupos-con-autenticidad\/\"},\"wordCount\":701,\"commentCount\":0,\"publisher\":{\"@id\":\"https:\/\/www.ub.edu\/mastergrupos\/#organization\"},\"image\":{\"@id\":\"https:\/\/www.ub.edu\/mastergrupos\/autoliderazgo-para-liderar-grupos-con-autenticidad\/#primaryimage\"},\"thumbnailUrl\":\"https:\/\/www.ub.edu\/mastergrupos\/wp-content\/uploads\/2025\/05\/hq720.jpg\",\"keywords\":[\"autoliderazgo\",\"liderazgo\"],\"articleSection\":[\"Entrevistas\",\"Radio\"],\"inLanguage\":\"es\",\"potentialAction\":[{\"@type\":\"CommentAction\",\"name\":\"Comment\",\"target\":[\"https:\/\/www.ub.edu\/mastergrupos\/autoliderazgo-para-liderar-grupos-con-autenticidad\/#respond\"]}]},{\"@type\":\"WebPage\",\"@id\":\"https:\/\/www.ub.edu\/mastergrupos\/autoliderazgo-para-liderar-grupos-con-autenticidad\/\",\"url\":\"https:\/\/www.ub.edu\/mastergrupos\/autoliderazgo-para-liderar-grupos-con-autenticidad\/\",\"name\":\"Liderazgo con prop\u00f3sito: Ar\u00f3n Alma reflexiona sobre el liderazgo de grupos y los derechos humanos en UAB R\u00e0dio - M\u00e1ster Grupos\",\"isPartOf\":{\"@id\":\"https:\/\/www.ub.edu\/mastergrupos\/#website\"},\"primaryImageOfPage\":{\"@id\":\"https:\/\/www.ub.edu\/mastergrupos\/autoliderazgo-para-liderar-grupos-con-autenticidad\/#primaryimage\"},\"image\":{\"@id\":\"https:\/\/www.ub.edu\/mastergrupos\/autoliderazgo-para-liderar-grupos-con-autenticidad\/#primaryimage\"},\"thumbnailUrl\":\"https:\/\/www.ub.edu\/mastergrupos\/wp-content\/uploads\/2025\/05\/hq720.jpg\",\"datePublished\":\"2025-05-16T16:17:54+00:00\",\"dateModified\":\"2025-05-16T16:17:57+00:00\",\"description\":\"Explora c\u00f3mo el autoliderazgo es clave para liderar grupos con autenticidad, consciencia y compromiso desde la pr\u00e1ctica profesional.\",\"inLanguage\":\"es\",\"potentialAction\":[{\"@type\":\"ReadAction\",\"target\":[\"https:\/\/www.ub.edu\/mastergrupos\/autoliderazgo-para-liderar-grupos-con-autenticidad\/\"]}]},{\"@type\":\"ImageObject\",\"inLanguage\":\"es\",\"@id\":\"https:\/\/www.ub.edu\/mastergrupos\/autoliderazgo-para-liderar-grupos-con-autenticidad\/#primaryimage\",\"url\":\"https:\/\/www.ub.edu\/mastergrupos\/wp-content\/uploads\/2025\/05\/hq720.jpg\",\"contentUrl\":\"https:\/\/www.ub.edu\/mastergrupos\/wp-content\/uploads\/2025\/05\/hq720.jpg\",\"width\":686,\"height\":386,\"caption\":\"derechos a boca aron master grupos\"},{\"@type\":\"WebSite\",\"@id\":\"https:\/\/www.ub.edu\/mastergrupos\/#website\",\"url\":\"https:\/\/www.ub.edu\/mastergrupos\/\",\"name\":\"M\u00e1ster Grupos\",\"description\":\"Autoliderazgo y Conducci\u00f3n de Grupos\",\"publisher\":{\"@id\":\"https:\/\/www.ub.edu\/mastergrupos\/#organization\"},\"potentialAction\":[{\"@type\":\"SearchAction\",\"target\":{\"@type\":\"EntryPoint\",\"urlTemplate\":\"https:\/\/www.ub.edu\/mastergrupos\/?s={search_term_string}\"},\"query-input\":{\"@type\":\"PropertyValueSpecification\",\"valueRequired\":true,\"valueName\":\"search_term_string\"}}],\"inLanguage\":\"es\"},{\"@type\":\"Organization\",\"@id\":\"https:\/\/www.ub.edu\/mastergrupos\/#organization\",\"name\":\"M\u00e1ster Grupos\",\"url\":\"https:\/\/www.ub.edu\/mastergrupos\/\",\"logo\":{\"@type\":\"ImageObject\",\"inLanguage\":\"es\",\"@id\":\"https:\/\/www.ub.edu\/mastergrupos\/#\/schema\/logo\/image\/\",\"url\":\"https:\/\/www.ub.edu\/mastergrupos\/wp-content\/uploads\/2023\/03\/Logos-Master-Grupos.png\",\"contentUrl\":\"https:\/\/www.ub.edu\/mastergrupos\/wp-content\/uploads\/2023\/03\/Logos-Master-Grupos.png\",\"width\":319,\"height\":67,\"caption\":\"M\u00e1ster Grupos\"},\"image\":{\"@id\":\"https:\/\/www.ub.edu\/mastergrupos\/#\/schema\/logo\/image\/\"}},{\"@type\":\"Person\",\"@id\":\"https:\/\/www.ub.edu\/mastergrupos\/#\/schema\/person\/6cb1a28e55ad1430df32d29ac08bce15\",\"name\":\"Mgrupos\",\"image\":{\"@type\":\"ImageObject\",\"inLanguage\":\"es\",\"@id\":\"https:\/\/www.ub.edu\/mastergrupos\/#\/schema\/person\/image\/\",\"url\":\"https:\/\/secure.gravatar.com\/avatar\/3e2abcbfa51cb7c52b4e4117ae8f1cbd0403c7f89c84c410e95f5ba10cb00db1?s=96&d=mm&r=g\",\"contentUrl\":\"https:\/\/secure.gravatar.com\/avatar\/3e2abcbfa51cb7c52b4e4117ae8f1cbd0403c7f89c84c410e95f5ba10cb00db1?s=96&d=mm&r=g\",\"caption\":\"Mgrupos\"},\"sameAs\":[\"https:\/\/x.com\/Albert\"],\"url\":\"https:\/\/www.ub.edu\/mastergrupos\/author\/mgrupos\/\"}]}<\/script>\n<!-- \/ Yoast SEO plugin. -->","yoast_head_json":{"title":"Liderazgo con prop\u00f3sito: Ar\u00f3n Alma reflexiona sobre el liderazgo de grupos y los derechos humanos en UAB R\u00e0dio - M\u00e1ster Grupos","description":"Explora c\u00f3mo el autoliderazgo es clave para liderar grupos con autenticidad, consciencia y compromiso desde la pr\u00e1ctica profesional.","robots":{"index":"index","follow":"follow","max-snippet":"max-snippet:-1","max-image-preview":"max-image-preview:large","max-video-preview":"max-video-preview:-1"},"canonical":"https:\/\/www.ub.edu\/mastergrupos\/autoliderazgo-para-liderar-grupos-con-autenticidad\/","og_locale":"es_ES","og_type":"article","og_title":"Liderazgo con prop\u00f3sito: Ar\u00f3n Alma reflexiona sobre el liderazgo de grupos y los derechos humanos en UAB R\u00e0dio - M\u00e1ster Grupos","og_description":"Explora c\u00f3mo el autoliderazgo es clave para liderar grupos con autenticidad, consciencia y compromiso desde la pr\u00e1ctica profesional.","og_url":"https:\/\/www.ub.edu\/mastergrupos\/autoliderazgo-para-liderar-grupos-con-autenticidad\/","og_site_name":"M\u00e1ster Grupos","article_published_time":"2025-05-16T16:17:54+00:00","article_modified_time":"2025-05-16T16:17:57+00:00","og_image":[{"width":686,"height":386,"url":"https:\/\/www.ub.edu\/mastergrupos\/wp-content\/uploads\/2025\/05\/hq720.jpg","type":"image\/jpeg"}],"author":"Mgrupos","twitter_card":"summary_large_image","twitter_creator":"@Albert","twitter_misc":{"Escrito por":"Mgrupos","Tiempo de lectura":"3 minutos"},"schema":{"@context":"https:\/\/schema.org","@graph":[{"@type":"Article","@id":"https:\/\/www.ub.edu\/mastergrupos\/autoliderazgo-para-liderar-grupos-con-autenticidad\/#article","isPartOf":{"@id":"https:\/\/www.ub.edu\/mastergrupos\/autoliderazgo-para-liderar-grupos-con-autenticidad\/"},"author":{"name":"Mgrupos","@id":"https:\/\/www.ub.edu\/mastergrupos\/#\/schema\/person\/6cb1a28e55ad1430df32d29ac08bce15"},"headline":"Liderazgo con prop\u00f3sito: Ar\u00f3n Alma reflexiona sobre el liderazgo de grupos y los derechos humanos en UAB R\u00e0dio","datePublished":"2025-05-16T16:17:54+00:00","dateModified":"2025-05-16T16:17:57+00:00","mainEntityOfPage":{"@id":"https:\/\/www.ub.edu\/mastergrupos\/autoliderazgo-para-liderar-grupos-con-autenticidad\/"},"wordCount":701,"commentCount":0,"publisher":{"@id":"https:\/\/www.ub.edu\/mastergrupos\/#organization"},"image":{"@id":"https:\/\/www.ub.edu\/mastergrupos\/autoliderazgo-para-liderar-grupos-con-autenticidad\/#primaryimage"},"thumbnailUrl":"https:\/\/www.ub.edu\/mastergrupos\/wp-content\/uploads\/2025\/05\/hq720.jpg","keywords":["autoliderazgo","liderazgo"],"articleSection":["Entrevistas","Radio"],"inLanguage":"es","potentialAction":[{"@type":"CommentAction","name":"Comment","target":["https:\/\/www.ub.edu\/mastergrupos\/autoliderazgo-para-liderar-grupos-con-autenticidad\/#respond"]}]},{"@type":"WebPage","@id":"https:\/\/www.ub.edu\/mastergrupos\/autoliderazgo-para-liderar-grupos-con-autenticidad\/","url":"https:\/\/www.ub.edu\/mastergrupos\/autoliderazgo-para-liderar-grupos-con-autenticidad\/","name":"Liderazgo con prop\u00f3sito: Ar\u00f3n Alma reflexiona sobre el liderazgo de grupos y los derechos humanos en UAB R\u00e0dio - M\u00e1ster Grupos","isPartOf":{"@id":"https:\/\/www.ub.edu\/mastergrupos\/#website"},"primaryImageOfPage":{"@id":"https:\/\/www.ub.edu\/mastergrupos\/autoliderazgo-para-liderar-grupos-con-autenticidad\/#primaryimage"},"image":{"@id":"https:\/\/www.ub.edu\/mastergrupos\/autoliderazgo-para-liderar-grupos-con-autenticidad\/#primaryimage"},"thumbnailUrl":"https:\/\/www.ub.edu\/mastergrupos\/wp-content\/uploads\/2025\/05\/hq720.jpg","datePublished":"2025-05-16T16:17:54+00:00","dateModified":"2025-05-16T16:17:57+00:00","description":"Explora c\u00f3mo el autoliderazgo es clave para liderar grupos con autenticidad, consciencia y compromiso desde la pr\u00e1ctica profesional.","inLanguage":"es","potentialAction":[{"@type":"ReadAction","target":["https:\/\/www.ub.edu\/mastergrupos\/autoliderazgo-para-liderar-grupos-con-autenticidad\/"]}]},{"@type":"ImageObject","inLanguage":"es","@id":"https:\/\/www.ub.edu\/mastergrupos\/autoliderazgo-para-liderar-grupos-con-autenticidad\/#primaryimage","url":"https:\/\/www.ub.edu\/mastergrupos\/wp-content\/uploads\/2025\/05\/hq720.jpg","contentUrl":"https:\/\/www.ub.edu\/mastergrupos\/wp-content\/uploads\/2025\/05\/hq720.jpg","width":686,"height":386,"caption":"derechos a boca aron master grupos"},{"@type":"WebSite","@id":"https:\/\/www.ub.edu\/mastergrupos\/#website","url":"https:\/\/www.ub.edu\/mastergrupos\/","name":"M\u00e1ster Grupos","description":"Autoliderazgo y Conducci\u00f3n de Grupos","publisher":{"@id":"https:\/\/www.ub.edu\/mastergrupos\/#organization"},"potentialAction":[{"@type":"SearchAction","target":{"@type":"EntryPoint","urlTemplate":"https:\/\/www.ub.edu\/mastergrupos\/?s={search_term_string}"},"query-input":{"@type":"PropertyValueSpecification","valueRequired":true,"valueName":"search_term_string"}}],"inLanguage":"es"},{"@type":"Organization","@id":"https:\/\/www.ub.edu\/mastergrupos\/#organization","name":"M\u00e1ster Grupos","url":"https:\/\/www.ub.edu\/mastergrupos\/","logo":{"@type":"ImageObject","inLanguage":"es","@id":"https:\/\/www.ub.edu\/mastergrupos\/#\/schema\/logo\/image\/","url":"https:\/\/www.ub.edu\/mastergrupos\/wp-content\/uploads\/2023\/03\/Logos-Master-Grupos.png","contentUrl":"https:\/\/www.ub.edu\/mastergrupos\/wp-content\/uploads\/2023\/03\/Logos-Master-Grupos.png","width":319,"height":67,"caption":"M\u00e1ster Grupos"},"image":{"@id":"https:\/\/www.ub.edu\/mastergrupos\/#\/schema\/logo\/image\/"}},{"@type":"Person","@id":"https:\/\/www.ub.edu\/mastergrupos\/#\/schema\/person\/6cb1a28e55ad1430df32d29ac08bce15","name":"Mgrupos","image":{"@type":"ImageObject","inLanguage":"es","@id":"https:\/\/www.ub.edu\/mastergrupos\/#\/schema\/person\/image\/","url":"https:\/\/secure.gravatar.com\/avatar\/3e2abcbfa51cb7c52b4e4117ae8f1cbd0403c7f89c84c410e95f5ba10cb00db1?s=96&d=mm&r=g","contentUrl":"https:\/\/secure.gravatar.com\/avatar\/3e2abcbfa51cb7c52b4e4117ae8f1cbd0403c7f89c84c410e95f5ba10cb00db1?s=96&d=mm&r=g","caption":"Mgrupos"},"sameAs":["https:\/\/x.com\/Albert"],"url":"https:\/\/www.ub.edu\/mastergrupos\/author\/mgrupos\/"}]}},"_links":{"self":[{"href":"https:\/\/www.ub.edu\/mastergrupos\/wp-json\/wp\/v2\/posts\/2140","targetHints":{"allow":["GET"]}}],"collection":[{"href":"https:\/\/www.ub.edu\/mastergrupos\/wp-json\/wp\/v2\/posts"}],"about":[{"href":"https:\/\/www.ub.edu\/mastergrupos\/wp-json\/wp\/v2\/types\/post"}],"author":[{"embeddable":true,"href":"https:\/\/www.ub.edu\/mastergrupos\/wp-json\/wp\/v2\/users\/2"}],"replies":[{"embeddable":true,"href":"https:\/\/www.ub.edu\/mastergrupos\/wp-json\/wp\/v2\/comments?post=2140"}],"version-history":[{"count":1,"href":"https:\/\/www.ub.edu\/mastergrupos\/wp-json\/wp\/v2\/posts\/2140\/revisions"}],"predecessor-version":[{"id":2142,"href":"https:\/\/www.ub.edu\/mastergrupos\/wp-json\/wp\/v2\/posts\/2140\/revisions\/2142"}],"wp:featuredmedia":[{"embeddable":true,"href":"https:\/\/www.ub.edu\/mastergrupos\/wp-json\/wp\/v2\/media\/2141"}],"wp:attachment":[{"href":"https:\/\/www.ub.edu\/mastergrupos\/wp-json\/wp\/v2\/media?parent=2140"}],"wp:term":[{"taxonomy":"category","embeddable":true,"href":"https:\/\/www.ub.edu\/mastergrupos\/wp-json\/wp\/v2\/categories?post=2140"},{"taxonomy":"post_tag","embeddable":true,"href":"https:\/\/www.ub.edu\/mastergrupos\/wp-json\/wp\/v2\/tags?post=2140"}],"curies":[{"name":"wp","href":"https:\/\/api.w.org\/{rel}","templated":true}]}}