{"id":53,"date":"2018-03-27T08:45:33","date_gmt":"2018-03-27T06:45:33","guid":{"rendered":"http:\/\/mediateca.lcl\/?bloc=punto-y-raya"},"modified":"2025-11-07T15:43:51","modified_gmt":"2025-11-07T13:43:51","slug":"punto-y-raya","status":"publish","type":"post","link":"https:\/\/www.ub.edu\/mediatecaimatge\/punto-y-raya\/","title":{"rendered":"Punto y Raya"},"content":{"rendered":"<p><img loading=\"lazy\" decoding=\"async\" class=\"alignnone size-full wp-image-5170\" src=\"https:\/\/www.ub.edu\/mediatecaimatge\/wordpress\/wp-content\/uploads\/2018\/03\/puntoyraya.png\" alt=\"\" width=\"225\" height=\"225\" srcset=\"https:\/\/www.ub.edu\/mediatecaimatge\/wordpress\/wp-content\/uploads\/2018\/03\/puntoyraya.png 225w, https:\/\/www.ub.edu\/mediatecaimatge\/wordpress\/wp-content\/uploads\/2018\/03\/puntoyraya-150x150.png 150w, https:\/\/www.ub.edu\/mediatecaimatge\/wordpress\/wp-content\/uploads\/2018\/03\/puntoyraya-200x200.png 200w, https:\/\/www.ub.edu\/mediatecaimatge\/wordpress\/wp-content\/uploads\/2018\/03\/puntoyraya-220x220.png 220w\" sizes=\"auto, (max-width: 225px) 100vw, 225px\" \/><\/p>\n<p><span style=\"color: #000000;\">Creado y producido por la asociaci\u00f3n barcelonesa <span class=\"bold\">MAD<\/span> (Moviment d&#8217;Alliberament Digital), <span class=\"conduit bold \" style=\"font-size: 1.1em;\">PUNTO y RAYA<\/span> se dedica a la preservaci\u00f3n, producci\u00f3n y difusi\u00f3n del <span class=\"conduit rojo\" style=\"font-size: 1.5em;\">ARTE ABSTRACTO EN MOVIMIENTO<\/span> en todas sus expresiones: Cine, Animaci\u00f3n, Live Cinema, Performance, Instalaci\u00f3n, Interactividad, Net &amp; Software Art.<\/span><\/p>\n<div class=\"conduit clear\" style=\"font-family: Geneva, Tahoma, sans-serif !important; clear: both; display: inline-block; width: 650px; padding: 0px; margin: 0px; color: #666666; font-style: normal; font-variant-caps: normal; font-weight: normal; letter-spacing: normal; orphans: auto; text-align: start; text-indent: 0px; text-transform: none; white-space: normal; widows: auto; word-spacing: 0px; -webkit-text-size-adjust: auto; -webkit-text-stroke-width: 0px; font-size: 19px;\"><span style=\"color: #000000;\">INAUGURAMOS<span class=\"Apple-converted-space\">\u00a0<\/span><strong style=\"font-weight: bold;\">PYR<span class=\"azul conduit\" style=\"font-family: Geneva, Tahoma, sans-serif !important;\">TV<\/span><\/strong><\/span><\/div>\n<p><span style=\"color: #000000;\"><span class=\"rojo\">Punto y Raya<\/span><span class=\"Apple-converted-space\">\u00a0<\/span>presenta el Archivo y Centro de Recursos m\u00e1s extenso dedicado al Cine, Animaci\u00f3n y Performance Abstractos, donde podr\u00e1s encontrar informaci\u00f3n desde los or\u00edgenes hasta los \u00faltimos lanzamientos en el g\u00e9nero, en<span class=\"Apple-converted-space\">\u00a0<\/span><span class=\"bold\" style=\"font-weight: bold;\">constante actualizaci\u00f3n<\/span>.<\/span><\/p>\n<p style=\"text-align: justify; vertical-align: top; font-size: 15px; line-height: 1.3em; padding-top: 10px; padding-bottom: 10px; margin: 0px; color: #666666; font-family: MavenPro, 'Trebuchet MS', sans-serif; font-style: normal; font-variant-caps: normal; font-weight: normal; letter-spacing: normal; orphans: auto; text-indent: 0px; text-transform: none; white-space: normal; widows: auto; word-spacing: 0px; -webkit-text-size-adjust: auto; -webkit-text-stroke-width: 0px;\"><span style=\"color: #ffcc00;\"><a style=\"color: #ffcc00;\" href=\"https:\/\/www.puntoyrayafestival.com\/\" target=\"_blank\" rel=\"noopener\">https:\/\/www.puntoyrayafestival.com\/<\/a><\/span><\/p>\n","protected":false},"excerpt":{"rendered":"<p>Creado y producido por la asociaci\u00f3n barcelonesa MAD (Moviment d&#8217;Alliberament Digital), PUNTO y RAYA se dedica a la preservaci\u00f3n, producci\u00f3n y difusi\u00f3n del ARTE ABSTRACTO EN MOVIMIENTO en todas sus expresiones: Cine, Animaci\u00f3n, Live Cinema, Performance, Instalaci\u00f3n, Interactividad, Net &amp; Software Art. INAUGURAMOS\u00a0PYRTV Punto y Raya\u00a0presenta el Archivo y Centro de Recursos m\u00e1s extenso dedicado [&hellip;]<\/p>\n","protected":false},"author":3,"featured_media":5170,"comment_status":"closed","ping_status":"closed","sticky":false,"template":"","format":"standard","meta":{"footnotes":""},"categories":[1],"tags":[],"class_list":["post-53","post","type-post","status-publish","format-standard","has-post-thumbnail","hentry","category-general"],"_links":{"self":[{"href":"https:\/\/www.ub.edu\/mediatecaimatge\/wp-json\/wp\/v2\/posts\/53","targetHints":{"allow":["GET"]}}],"collection":[{"href":"https:\/\/www.ub.edu\/mediatecaimatge\/wp-json\/wp\/v2\/posts"}],"about":[{"href":"https:\/\/www.ub.edu\/mediatecaimatge\/wp-json\/wp\/v2\/types\/post"}],"author":[{"embeddable":true,"href":"https:\/\/www.ub.edu\/mediatecaimatge\/wp-json\/wp\/v2\/users\/3"}],"replies":[{"embeddable":true,"href":"https:\/\/www.ub.edu\/mediatecaimatge\/wp-json\/wp\/v2\/comments?post=53"}],"version-history":[{"count":3,"href":"https:\/\/www.ub.edu\/mediatecaimatge\/wp-json\/wp\/v2\/posts\/53\/revisions"}],"predecessor-version":[{"id":5171,"href":"https:\/\/www.ub.edu\/mediatecaimatge\/wp-json\/wp\/v2\/posts\/53\/revisions\/5171"}],"wp:featuredmedia":[{"embeddable":true,"href":"https:\/\/www.ub.edu\/mediatecaimatge\/wp-json\/wp\/v2\/media\/5170"}],"wp:attachment":[{"href":"https:\/\/www.ub.edu\/mediatecaimatge\/wp-json\/wp\/v2\/media?parent=53"}],"wp:term":[{"taxonomy":"category","embeddable":true,"href":"https:\/\/www.ub.edu\/mediatecaimatge\/wp-json\/wp\/v2\/categories?post=53"},{"taxonomy":"post_tag","embeddable":true,"href":"https:\/\/www.ub.edu\/mediatecaimatge\/wp-json\/wp\/v2\/tags?post=53"}],"curies":[{"name":"wp","href":"https:\/\/api.w.org\/{rel}","templated":true}]}}