{"id":237432,"date":"2024-04-09T09:06:21","date_gmt":"2024-04-09T07:06:21","guid":{"rendered":"https:\/\/www.ub.edu\/neuroedu\/?p=237432"},"modified":"2024-04-09T09:06:21","modified_gmt":"2024-04-09T07:06:21","slug":"hallan-una-relacion-entre-los-pensamientos-suicidas-y-la-alteracion-de-bacterias-en-la-boca","status":"publish","type":"post","link":"https:\/\/www.ub.edu\/neuroedu\/hallan-una-relacion-entre-los-pensamientos-suicidas-y-la-alteracion-de-bacterias-en-la-boca\/","title":{"rendered":"Hallan una relaci\u00f3n entre los pensamientos suicidas y la alteraci\u00f3n de bacterias en la boca\u00a0"},"content":{"rendered":"\n<figure class=\"wp-block-image size-full\"><img fetchpriority=\"high\" decoding=\"async\" width=\"1024\" height=\"512\" src=\"http:\/\/hweb-x-0-fe-03.fe.cpd.local\/neuroedu_temp\/wp-content\/uploads\/2024\/03\/Bacteria.jpg\" alt=\"\" class=\"wp-image-237433\" srcset=\"https:\/\/www.ub.edu\/neuroedu\/wp-content\/uploads\/2024\/03\/Bacteria.jpg 1024w, https:\/\/www.ub.edu\/neuroedu\/wp-content\/uploads\/2024\/03\/Bacteria-300x150.jpg 300w, https:\/\/www.ub.edu\/neuroedu\/wp-content\/uploads\/2024\/03\/Bacteria-768x384.jpg 768w\" sizes=\"(max-width: 1024px) 100vw, 1024px\" \/><\/figure>\n\n\n\n<h2 class=\"has-vivid-cyan-blue-color has-text-color wp-block-heading\">La ausencia de una especie asociada al metabolismo cerebral se vincula a este trastorno&nbsp;<\/h2>\n\n\n\n<p>Hablar de suicidio es todav\u00eda un tab\u00fa en muchas sociedades. Sin embargo, es un hecho muy presente. En muchos pa\u00edses es la segunda causa de muerte entre los adolescentes y j\u00f3venes. En un estudio realizado hace una docena de a\u00f1os con casi 85.000 personas adultas de 17 pa\u00edses, se detect\u00f3 que el 9,2\u202f% de la poblaci\u00f3n general ha tenido o tiene pensamientos suicidas. Respecto a los adolescentes y j\u00f3venes, en otro estudio muy reciente, hecho en 2019, a m\u00e1s de 16.000 estudiantes universitarios de 108 instituciones acad\u00e9micas de todo el mundo, se vio que el 24,3\u202f%, es decir, casi 1 de cada 4, hab\u00edan tenido pensamientos suicidas y que el 9,3\u202f%, es decir, casi 1 de cada 10, hab\u00edan intentado suicidarse como m\u00ednimo una vez.&nbsp;<\/p>\n\n\n\n<p>Estos datos estremecedores indican la necesidad de profundizar en estudios de todo tipo \u2014sociol\u00f3gicos, psicol\u00f3gicos, biol\u00f3gicos\u2026\u2014 que permitan entender sus causas y encontrar estrategias para disminuir al m\u00e1ximo el n\u00famero de afectados. En general, una de las causas m\u00e1s influyentes en el suicidio, las autolesiones y la salud mental es el estr\u00e9s. Sin embargo, no es la \u00fanica. Un equipo de investigaci\u00f3n de la Universidad de Florida encabezado por el microbi\u00f3logo Eric W. Triplett ha estudiado la relaci\u00f3n entre unas variantes g\u00e9nicas implicadas en el funcionamiento del sistema inmunitario y la presencia de determinadas bacterias en la microbiota bucal con la posibilidad de tener pensamiento suicidas. Seg\u00fan han publicado en <em>Scientific Reports<\/em>, las personas que han tenido pensamientos suicidas presentan la microbiota bucal alterada y m\u00e1s probabilidad gen\u00e9tica de tener inflamaciones gingivales, lo que permite pensar en posibles medidas para disminuir la incidencia de estos pensamientos entre adolescentes y j\u00f3venes.&nbsp;<\/p>\n\n\n\n<p>Las posibles causas de tener pensamientos suicidas son muchas y variadas. Se han identificado causas sociol\u00f3gicas, seg\u00fan el ambiente en que ha crecido, vivido y se desarrolla una persona; psicol\u00f3gicas, seg\u00fan la personalidad de cada uno en relaci\u00f3n con el ambiente en que se vive; relacionadas con la dieta, en que una dieta sana y equilibrada que respeta todas las comidas diarias y evita las sustancias t\u00f3xicas disminuye la probabilidad de tener pensamientos suicidas; y tambi\u00e9n biol\u00f3gicas, debidas a determinadas configuraciones neuronales que pueden ser cong\u00e9nitas. Pero la causa m\u00e1s prevalente es el estr\u00e9s. Ya hace tiempo que se sabe que existe una correlaci\u00f3n entre el nivel de estr\u00e9s y la probabilidad de tener pensamientos suicidas o de autolesionarse. En este sentido, durante la adolescencia y la primera juventud el nivel de estr\u00e9s acostumbra a ser un poco m\u00e1s alto que en cualquier otra etapa de la vida, por causas biol\u00f3gicas relacionadas con los cambios propios de esta edad. Esto implica que cualquier motivo que lo incremente a\u00fan m\u00e1s, como a veces puede pasar con los estudios, aumenta la probabilidad de tener estos pensamientos.&nbsp;&nbsp;&nbsp;&nbsp;<\/p>\n\n\n\n<h2 class=\"has-vivid-cyan-blue-color has-text-color wp-block-heading\">Pensamientos suicidas y salud bucal&nbsp;&nbsp;<\/h2>\n\n\n\n<p>Triplett y sus colaboradores se fijaron en las causas biol\u00f3gicas relacionadas con la salud bucal. Se sab\u00eda que existe una correlaci\u00f3n entre la presencia de inflamaci\u00f3n en las enc\u00edas y la probabilidad de tener pensamientos suicidas. Estas inflamaciones gingivales pueden tener diversas causas, relacionadas con el funcionamiento del sistema inmunitario y con las bacterias presentes en la cavidad bucal, la denominada microbiota bucal. Los investigadores pidieron a un grupo de 489 estudiantes universitarios que completasen un cuestionario estandarizado que permite detectar s\u00edntomas depresivos y que incluye preguntas sobre posibles pensamientos suicidas, denominado PHQ-9. Encontraron que un total de 60 (lo que representa un 12,26\u202f% del total, o 1 de cada 8 estudiantes) hab\u00edan tenido pensamientos suicidas durante las dos \u00faltimas semanas. A continuaci\u00f3n, todos los participantes fueron examinados gen\u00e9ticamente y se estudi\u00f3 su microbiota bucal.&nbsp;<\/p>\n\n\n\n<p>A escala gen\u00e9tica se observ\u00f3 que, a diferencia del resto, muchos de los que hab\u00edan tenido pensamientos suicidas presentaban unas determinadas variantes g\u00e9nicas en el sistema denominado HLA, o complejo mayor de histocompatibilidad, que favorecen determinadas respuestas autoinmunitarias e inflamatorias. Este hecho corrobora la correlaci\u00f3n entre determinadas variantes g\u00e9nicas, la probabilidad de padecer inflamaciones gingivales y la posibilidad de tener pensamientos suicidas, enfatizando, como dicen los autores del trabajo, en la importancia de mantener una buena higiene bucal para disminuir la probabilidad de tener procesos inflamatorios.&nbsp;<\/p>\n\n\n\n<p>Sin embargo, posiblemente el resultado m\u00e1s sorprendente fue demostrar la relaci\u00f3n que existe entre la microbiota bucal y los pensamientos suicidas. Vieron que, tambi\u00e9n a diferencia del resto, todos los estudiantes que hab\u00edan tenido pensamientos suicidas en alg\u00fan momento durante las dos \u00faltimas semanas ten\u00edan muy disminuida la poblaci\u00f3n de una bacteria t\u00edpica de la boca, denominada <em>Alloprevotella rava<\/em>. Esta bacteria produce una sustancia de tipo \u00e1cido que favorece el metabolismo cerebral y, a la vez, las funciones mentales, incluyendo el estado de \u00e1nimo. Este estudio no permite aclarar si la disminuci\u00f3n de estas bacterias es parte de la causa de tener pensamientos suicidas o si es una consecuencia de los motivos que han llevado a tenerlos. Los autores sugieren que los suplementos probi\u00f3ticos que ayudan a mantener niveles \u00f3ptimos de estas bacterias en el microbioma bucal podr\u00edan contribuir a disminuir la incidencia de estos pensamientos entre la poblaci\u00f3n adolescente y joven.<\/p>\n\n\n\n<p><\/p>\n\n\n\n<blockquote class=\"wp-block-quote is-layout-flow wp-block-quote-is-layout-flow\">\n<p>* Traducido del art\u00edculo de David Bueno: \u00ab<a previewlistener=\"true\" href=\"http:\/\/hweb-x-0-fe-03.fe.cpd.local\/neuroedu_temp\/wp-content\/uploads\/2023\/01\/22-10-22_Troben_una_relacio_entre_pensaments_suicides_i_bacteris_bucals.pdf\" target=\"_blank\" rel=\"noreferrer noopener\">Troben una relaci\u00f3 entre els pensaments suicides i l&#8217; alteraci\u00f3 de bacteris a la boca<\/a>\u00bb publicado en Diari Ara el 22 de octubre de 2022.<\/p>\n<\/blockquote>\n","protected":false},"excerpt":{"rendered":"<p>La ausencia de una especie asociada al metabolismo cerebral se vincula a este trastorno&nbsp; Hablar de suicidio es todav\u00eda un tab\u00fa en muchas sociedades. Sin embargo, es un hecho muy presente. En muchos pa\u00edses es la segunda causa de muerte entre los adolescentes y j\u00f3venes. En un estudio realizado hace una docena de a\u00f1os con [&hellip;]<\/p>\n","protected":false},"author":14,"featured_media":237433,"comment_status":"open","ping_status":"open","sticky":false,"template":"","format":"standard","meta":{"inline_featured_image":false,"footnotes":""},"categories":[2,11],"tags":[],"ppma_author":[43],"class_list":["post-237432","post","type-post","status-publish","format-standard","has-post-thumbnail","hentry","category-catedra","category-publicaciones"],"authors":[{"term_id":43,"user_id":14,"is_guest":0,"slug":"david-bueno","display_name":"David Bueno","avatar_url":"https:\/\/secure.gravatar.com\/avatar\/?s=96&d=mm&r=g","first_name":"","last_name":"","user_url":"","job_title":"","description":""}],"_links":{"self":[{"href":"https:\/\/www.ub.edu\/neuroedu\/wp-json\/wp\/v2\/posts\/237432","targetHints":{"allow":["GET"]}}],"collection":[{"href":"https:\/\/www.ub.edu\/neuroedu\/wp-json\/wp\/v2\/posts"}],"about":[{"href":"https:\/\/www.ub.edu\/neuroedu\/wp-json\/wp\/v2\/types\/post"}],"author":[{"embeddable":true,"href":"https:\/\/www.ub.edu\/neuroedu\/wp-json\/wp\/v2\/users\/14"}],"replies":[{"embeddable":true,"href":"https:\/\/www.ub.edu\/neuroedu\/wp-json\/wp\/v2\/comments?post=237432"}],"version-history":[{"count":0,"href":"https:\/\/www.ub.edu\/neuroedu\/wp-json\/wp\/v2\/posts\/237432\/revisions"}],"wp:featuredmedia":[{"embeddable":true,"href":"https:\/\/www.ub.edu\/neuroedu\/wp-json\/wp\/v2\/media\/237433"}],"wp:attachment":[{"href":"https:\/\/www.ub.edu\/neuroedu\/wp-json\/wp\/v2\/media?parent=237432"}],"wp:term":[{"taxonomy":"category","embeddable":true,"href":"https:\/\/www.ub.edu\/neuroedu\/wp-json\/wp\/v2\/categories?post=237432"},{"taxonomy":"post_tag","embeddable":true,"href":"https:\/\/www.ub.edu\/neuroedu\/wp-json\/wp\/v2\/tags?post=237432"},{"taxonomy":"author","embeddable":true,"href":"https:\/\/www.ub.edu\/neuroedu\/wp-json\/wp\/v2\/ppma_author?post=237432"}],"curies":[{"name":"wp","href":"https:\/\/api.w.org\/{rel}","templated":true}]}}