{"id":2111,"date":"2017-01-18T13:02:24","date_gmt":"2017-01-18T13:02:24","guid":{"rendered":"https:\/\/www.ub.edu\/ossma\/?p=2111"},"modified":"2023-02-23T08:00:37","modified_gmt":"2023-02-23T08:00:37","slug":"nou-pack-jove-virtual-2017","status":"publish","type":"post","link":"https:\/\/www.ub.edu\/ossma\/en\/actualitat-atencio-social\/nou-pack-jove-virtual-2017","title":{"rendered":"Nou Pack Jove Virtual 2017"},"content":{"rendered":"\n<p>Ja tens disponibles els vals del Pack Jove 2017!!!! Pots accedir-hi descarregant-te l\u2019APP \u201cCarnet Jove Cat\u201d al teu m\u00f2bil i aix\u00ed portar\u00e0s sempre els vals a sobre all\u00e0 on siguis per poder-los utilitzar en qualsevol moment. Si ho prefereixes tamb\u00e9 pots aconseguir els vals i imprimir-los a trav\u00e9s d\u2019aquesta web (et caldr\u00e0 tenir instal\u00b7lat l\u2019Adobe Reader).<\/p>\n\n\n\n<p>En el Pack Jove 2017 hi trobar\u00e0s m\u00e9s de 160 vals de <strong>descompte, exclusius pels titulars del Carnet Jove de la Generalitat de Catalunya, valorats en m\u00e9s de 2.500\u202f\u20ac<\/strong>. En total hi ha 84 vals 2\u00d71, 36 vals del 50% de descompte, 12 vals de gratu\u00eftat, 10 de tarifes especials, 14 tarifes redu\u00efdes i 5 d\u2019altres descomptes.<\/p>\n\n\n\n<p><strong>Descarregat l\u2019APP i <a href=\"https:\/\/www.carnetjove.cat\/ca\/register\/decision\" target=\"_blank\" rel=\"noopener\">registra\u2019t ara mateix<\/a> per tenir tots els teus vals a punt, tant al teu m\u00f2bil com al web!<\/strong><\/p>\n\n\n\n<p><a rel=\"noopener\" href=\"https:\/\/www.carnetjove.cat\/ca\/pack-jove-virtual\" target=\"_blank\">Per a m\u00e9s informaci\u00f3 visiteu la p\u00e0gina seg\u00fcent<\/a>.<\/p>\n","protected":false},"excerpt":{"rendered":"<p>Ja tens disponibles els vals del Pack Jove 2017!!!! Pots accedir-hi descarregant-te l\u2019APP \u201cCarnet Jove Cat\u201d al teu m\u00f2bil i aix\u00ed portar\u00e0s sempre els vals a sobre all\u00e0 on siguis per poder-los utilitzar en qualsevol moment. Si ho prefereixes tamb\u00e9 pots aconseguir els vals i imprimir-los a trav\u00e9s d\u2019aquesta web (et caldr\u00e0 tenir instal\u00b7lat l\u2019Adobe Reader).<\/p>\n","protected":false},"author":1,"featured_media":2107,"comment_status":"closed","ping_status":"closed","sticky":false,"template":"","format":"standard","meta":{"advgb_blocks_editor_width":"","advgb_blocks_columns_visual_guide":"","footnotes":""},"categories":[3],"tags":[13],"class_list":["post-2111","post","type-post","status-publish","format-standard","has-post-thumbnail","hentry","category-actualitat-atencio-social","tag-ajudes"],"author_meta":{"display_name":"OSSMA","author_link":"https:\/\/www.ub.edu\/ossma\/en\/author\/ossmau1"},"featured_img":"https:\/\/www.ub.edu\/ossma\/wp-content\/uploads\/2016\/03\/carnet-jove-2017.jpg","coauthors":[],"tax_additional":{"categories":{"linked":["<a href=\"https:\/\/www.ub.edu\/ossma\/en\/actualitat-atencio-social\" class=\"advgb-post-tax-term\">Atenci\u00f3 social<\/a>"],"unlinked":["<span class=\"advgb-post-tax-term\">Atenci\u00f3 social<\/span>"]},"tags":{"linked":["<a href=\"https:\/\/www.ub.edu\/ossma\/en\/actualitat-atencio-social\" class=\"advgb-post-tax-term\">ajudes<\/a>"],"unlinked":["<span class=\"advgb-post-tax-term\">ajudes<\/span>"]}},"comment_count":"0","relative_dates":{"created":"Posted 9 years ago","modified":"Updated 3 years ago"},"absolute_dates":{"created":"Posted on 18\/01\/2017","modified":"Updated on 23\/02\/2023"},"absolute_dates_time":{"created":"Posted on 18\/01\/2017 13:02","modified":"Updated on 23\/02\/2023 8:00"},"featured_img_caption":"","series_order":"","_links":{"self":[{"href":"https:\/\/www.ub.edu\/ossma\/en\/wp-json\/wp\/v2\/posts\/2111","targetHints":{"allow":["GET"]}}],"collection":[{"href":"https:\/\/www.ub.edu\/ossma\/en\/wp-json\/wp\/v2\/posts"}],"about":[{"href":"https:\/\/www.ub.edu\/ossma\/en\/wp-json\/wp\/v2\/types\/post"}],"author":[{"embeddable":true,"href":"https:\/\/www.ub.edu\/ossma\/en\/wp-json\/wp\/v2\/users\/1"}],"replies":[{"embeddable":true,"href":"https:\/\/www.ub.edu\/ossma\/en\/wp-json\/wp\/v2\/comments?post=2111"}],"version-history":[{"count":3,"href":"https:\/\/www.ub.edu\/ossma\/en\/wp-json\/wp\/v2\/posts\/2111\/revisions"}],"predecessor-version":[{"id":45445,"href":"https:\/\/www.ub.edu\/ossma\/en\/wp-json\/wp\/v2\/posts\/2111\/revisions\/45445"}],"wp:featuredmedia":[{"embeddable":true,"href":"https:\/\/www.ub.edu\/ossma\/en\/wp-json\/wp\/v2\/media\/2107"}],"wp:attachment":[{"href":"https:\/\/www.ub.edu\/ossma\/en\/wp-json\/wp\/v2\/media?parent=2111"}],"wp:term":[{"taxonomy":"category","embeddable":true,"href":"https:\/\/www.ub.edu\/ossma\/en\/wp-json\/wp\/v2\/categories?post=2111"},{"taxonomy":"post_tag","embeddable":true,"href":"https:\/\/www.ub.edu\/ossma\/en\/wp-json\/wp\/v2\/tags?post=2111"}],"curies":[{"name":"wp","href":"https:\/\/api.w.org\/{rel}","templated":true}]}}