{"id":35584,"date":"2022-01-23T19:33:23","date_gmt":"2022-01-23T19:33:23","guid":{"rendered":"https:\/\/www.ub.edu\/ossma?p=35584"},"modified":"2023-02-22T07:36:00","modified_gmt":"2023-02-22T07:36:00","slug":"alimentacio-conscient-per-a-lany-nouthi-apuntes","status":"publish","type":"post","link":"https:\/\/www.ub.edu\/ossma\/en\/actualitat-atencio-social\/alimentacio-conscient-per-a-lany-nouthi-apuntes","title":{"rendered":"Alimentaci\u00f3 conscient per a l&#8217;any nou, t&#8217;hi apuntes?"},"content":{"rendered":"\n<div class=\"wp-block-columns has-white-color has-text-color has-background is-layout-flex wp-container-core-columns-is-layout-9d6595d7 wp-block-columns-is-layout-flex\" style=\"background-color:#26c148\">\n<div class=\"wp-block-column is-layout-flow wp-block-column-is-layout-flow\">\n<p class=\"has-text-align-right\"><em><strong>Programa Solidaritat a l&#8217;Empresa<\/strong> Gener 202<\/em>2<\/p>\n\n\n\n<p>El consell saludable del mes:<\/p>\n\n\n\n<p>ALIMENTACI\u00d3 CONSCIENT PER A L&#8217;ANY NOU, T&#8217;HI APUNTES? <\/p>\n<\/div>\n<\/div>\n\n\n\n<p><\/p>\n\n\n\n<p><strong>La teva salut, primer<br>Gener 2022<\/strong><\/p>\n\n\n\n<p>Per a moltes persones, una de les grans preocupacions despr\u00e9s de les festes de Nadal \u00e9s perdre el pes que han guanyat despr\u00e9s dels excessos. Malgrat aix\u00f2, hem de mirar de no caure en dietes miracle, que s\u00f3n del tot perjudicials per a la nostra salut.<\/p>\n\n\n\n<p>Per aix\u00f2, el consell saludable d\u2019aquest mes de l\u2019Associaci\u00f3 Contra el C\u00e0ncer vol parlar-te de l\u2019adquisici\u00f3 d\u2019h\u00e0bits saludables nous a trav\u00e9s de l\u2019alimentaci\u00f3 conscient.<\/p>\n\n\n\n<p>Saps en qu\u00e8 consisteix el fet de menjar d\u2019una manera conscient?<\/p>\n\n\n\n<p><a href=\"https:\/\/www.contraelcancer.es\/es\/todo-sobre-cancer\/prevencion-cancer\/alimentacion-sana-contra-cancer\/alimentacion-consciente\" target=\"_blank\" rel=\"noreferrer noopener\">T\u2019ho descobrim en aquest article!<\/a><\/p>\n\n\n\n<p><\/p>\n\n\n<div class=\"wp-block-image\">\n<figure class=\"aligncenter size-full advgb-dyn-36aabd29\"><img fetchpriority=\"high\" decoding=\"async\" width=\"650\" height=\"413\" src=\"https:\/\/www.ub.edu\/ossma\/wp-content\/uploads\/2022\/01\/aecc_gener_22.jpg\" alt=\"\" class=\"wp-image-35588\" srcset=\"https:\/\/www.ub.edu\/ossma\/wp-content\/uploads\/2022\/01\/aecc_gener_22.jpg 650w, https:\/\/www.ub.edu\/ossma\/wp-content\/uploads\/2022\/01\/aecc_gener_22-300x191.jpg 300w\" sizes=\"(max-width: 650px) 100vw, 650px\" \/><\/figure>\n<\/div>","protected":false},"excerpt":{"rendered":"<p>Programa Solidaritat a l\u2019Empresa.<br \/>\nConsell saludable del mes de gener de l\u2019AECC.<\/p>\n","protected":false},"author":1,"featured_media":35585,"comment_status":"closed","ping_status":"closed","sticky":false,"template":"","format":"standard","meta":{"advgb_blocks_editor_width":"","advgb_blocks_columns_visual_guide":"","footnotes":""},"categories":[3,21],"tags":[49,123,45],"class_list":["post-35584","post","type-post","status-publish","format-standard","has-post-thumbnail","hentry","category-actualitat-atencio-social","category-actualitat-medicina-del-treball","tag-aecc","tag-ods3","tag-salut"],"author_meta":{"display_name":"OSSMA","author_link":"https:\/\/www.ub.edu\/ossma\/en\/author\/ossmau1"},"featured_img":"https:\/\/www.ub.edu\/ossma\/wp-content\/uploads\/2022\/01\/alimentacio_conscient_plat-300x71.jpg","coauthors":[],"tax_additional":{"categories":{"linked":["<a href=\"https:\/\/www.ub.edu\/ossma\/en\/actualitat-atencio-social\" class=\"advgb-post-tax-term\">Atenci\u00f3 social<\/a>","<a href=\"https:\/\/www.ub.edu\/ossma\/en\/actualitat-medicina-del-treball\" class=\"advgb-post-tax-term\">Medicina del treball<\/a>"],"unlinked":["<span class=\"advgb-post-tax-term\">Atenci\u00f3 social<\/span>","<span class=\"advgb-post-tax-term\">Medicina del treball<\/span>"]},"tags":{"linked":["<a href=\"https:\/\/www.ub.edu\/ossma\/en\/actualitat-medicina-del-treball\" class=\"advgb-post-tax-term\">AECC<\/a>","<a href=\"https:\/\/www.ub.edu\/ossma\/en\/actualitat-medicina-del-treball\" class=\"advgb-post-tax-term\">ods3<\/a>","<a href=\"https:\/\/www.ub.edu\/ossma\/en\/actualitat-medicina-del-treball\" class=\"advgb-post-tax-term\">salut<\/a>"],"unlinked":["<span class=\"advgb-post-tax-term\">AECC<\/span>","<span class=\"advgb-post-tax-term\">ods3<\/span>","<span class=\"advgb-post-tax-term\">salut<\/span>"]}},"comment_count":"0","relative_dates":{"created":"Posted 4 years ago","modified":"Updated 3 years ago"},"absolute_dates":{"created":"Posted on 23\/01\/2022","modified":"Updated on 22\/02\/2023"},"absolute_dates_time":{"created":"Posted on 23\/01\/2022 19:33","modified":"Updated on 22\/02\/2023 7:36"},"featured_img_caption":"","series_order":"","_links":{"self":[{"href":"https:\/\/www.ub.edu\/ossma\/en\/wp-json\/wp\/v2\/posts\/35584","targetHints":{"allow":["GET"]}}],"collection":[{"href":"https:\/\/www.ub.edu\/ossma\/en\/wp-json\/wp\/v2\/posts"}],"about":[{"href":"https:\/\/www.ub.edu\/ossma\/en\/wp-json\/wp\/v2\/types\/post"}],"author":[{"embeddable":true,"href":"https:\/\/www.ub.edu\/ossma\/en\/wp-json\/wp\/v2\/users\/1"}],"replies":[{"embeddable":true,"href":"https:\/\/www.ub.edu\/ossma\/en\/wp-json\/wp\/v2\/comments?post=35584"}],"version-history":[{"count":4,"href":"https:\/\/www.ub.edu\/ossma\/en\/wp-json\/wp\/v2\/posts\/35584\/revisions"}],"predecessor-version":[{"id":45297,"href":"https:\/\/www.ub.edu\/ossma\/en\/wp-json\/wp\/v2\/posts\/35584\/revisions\/45297"}],"wp:featuredmedia":[{"embeddable":true,"href":"https:\/\/www.ub.edu\/ossma\/en\/wp-json\/wp\/v2\/media\/35585"}],"wp:attachment":[{"href":"https:\/\/www.ub.edu\/ossma\/en\/wp-json\/wp\/v2\/media?parent=35584"}],"wp:term":[{"taxonomy":"category","embeddable":true,"href":"https:\/\/www.ub.edu\/ossma\/en\/wp-json\/wp\/v2\/categories?post=35584"},{"taxonomy":"post_tag","embeddable":true,"href":"https:\/\/www.ub.edu\/ossma\/en\/wp-json\/wp\/v2\/tags?post=35584"}],"curies":[{"name":"wp","href":"https:\/\/api.w.org\/{rel}","templated":true}]}}