{"id":46997,"date":"2023-03-20T12:45:21","date_gmt":"2023-03-20T12:45:21","guid":{"rendered":"https:\/\/www.ub.edu\/ossma?p=46997"},"modified":"2023-04-03T12:45:55","modified_gmt":"2023-04-03T12:45:55","slug":"noves-fonts-aigua-dret","status":"publish","type":"post","link":"https:\/\/www.ub.edu\/ossma\/en\/actualitat-medi-ambient\/noves-fonts-aigua-dret","title":{"rendered":"Noves fonts d\u2019aigua a la Facultat de Dret"},"content":{"rendered":"\n<p>Els edificis de la Facultat de Dret compten des d&#8217;ara amb noves fonts d&#8217;aigua adaptades per a persones amb mobilitat redu\u00efda. Les fonts es troben ubicades a la planta baixa de l&#8217;edifici Principal, de l&#8217;edifici Tom\u00e1s y Valiente, i de l&#8217;edifici Ilerdense.<\/p>\n\n\n\n<p>Aquesta actuaci\u00f3 t\u00e9 com a principal objectiu contribuir a la reducci\u00f3 de residus d\u2019envasos d\u2019un sol \u00fas, per\u00f2 t\u00e9 altres avantatges: proporcionar aigua sense cost a la comunitat universit\u00e0ria i facilitar els beneficis que comporta mantenir-nos hidratats, com ara millorar la nostra salut renal o mantenir el sistema digestiu en bon funcionament.<\/p>\n\n\n\n<p>Es poden consultar els centres on s&#8217;han instal\u00b7lat noves fonts d&#8217;aigua a trav\u00e9s d&#8217;<a href=\"https:\/\/www.ub.edu\/ossma\/tag\/font-aigua\">aquest enlla\u00e7<\/a>.<\/p>\n\n\n\n<figure class=\"wp-block-image size-large\"><img fetchpriority=\"high\" decoding=\"async\" width=\"1600\" height=\"1200\" src=\"https:\/\/www.ub.edu\/ossma\/wp-content\/uploads\/2023\/04\/Dret-Principal-PB.jpg\" alt=\"Font d'aigua a l'edifici Principal de la Facultat de Dret\" class=\"wp-image-46987\" srcset=\"https:\/\/www.ub.edu\/ossma\/wp-content\/uploads\/2023\/04\/Dret-Principal-PB.jpg 1600w, https:\/\/www.ub.edu\/ossma\/wp-content\/uploads\/2023\/04\/Dret-Principal-PB-667x500.jpg 667w, https:\/\/www.ub.edu\/ossma\/wp-content\/uploads\/2023\/04\/Dret-Principal-PB-533x400.jpg 533w, https:\/\/www.ub.edu\/ossma\/wp-content\/uploads\/2023\/04\/Dret-Principal-PB-1536x1152.jpg 1536w\" sizes=\"(max-width: 1600px) 100vw, 1600px\" \/><\/figure>\n\n\n\n<figure class=\"wp-block-image size-large\"><img decoding=\"async\" width=\"1500\" height=\"1000\" src=\"https:\/\/www.ub.edu\/ossma\/wp-content\/uploads\/2023\/04\/Dret-TyV-PB.jpg\" alt=\"Font d'aigua a l'edifici Tom\u00e1s y Valiente de la Facultat de Dret\" class=\"wp-image-46984\" srcset=\"https:\/\/www.ub.edu\/ossma\/wp-content\/uploads\/2023\/04\/Dret-TyV-PB.jpg 1500w, https:\/\/www.ub.edu\/ossma\/wp-content\/uploads\/2023\/04\/Dret-TyV-PB-750x500.jpg 750w, https:\/\/www.ub.edu\/ossma\/wp-content\/uploads\/2023\/04\/Dret-TyV-PB-600x400.jpg 600w\" sizes=\"(max-width: 1500px) 100vw, 1500px\" \/><\/figure>\n\n\n\n<figure class=\"wp-block-image size-large\"><img decoding=\"async\" width=\"1500\" height=\"1000\" src=\"https:\/\/www.ub.edu\/ossma\/wp-content\/uploads\/2023\/04\/Dret-Ilerdense-PB.jpg\" alt=\"Font d'aigua a l'edifici Ilerdense de la Facultat de Dret\" class=\"wp-image-46990\" srcset=\"https:\/\/www.ub.edu\/ossma\/wp-content\/uploads\/2023\/04\/Dret-Ilerdense-PB.jpg 1500w, https:\/\/www.ub.edu\/ossma\/wp-content\/uploads\/2023\/04\/Dret-Ilerdense-PB-750x500.jpg 750w, https:\/\/www.ub.edu\/ossma\/wp-content\/uploads\/2023\/04\/Dret-Ilerdense-PB-600x400.jpg 600w\" sizes=\"(max-width: 1500px) 100vw, 1500px\" \/><\/figure>\n\n\n\n<p>La implantaci\u00f3 d\u2019aquesta actuaci\u00f3 de millora ha comptat amb la col\u00b7laboraci\u00f3 de l\u2019Administraci\u00f3 de Centre de Dret, i amb el suport del Vicerectorat d\u2019Igualtat i G\u00e8nere. L\u2019acci\u00f3 s\u2019emmarca en les metes CA09 (aconseguir espais lliures de pl\u00e0stic d\u2019un sol \u00fas) i CA10 (reduir la quantitat i perillositat dels residus) de l\u2019Agenda 2030 de la Universitat de Barcelona, i en l\u2019objectiu Residu Zero del full de ruta per implementar accions de sostenibilitat a la UB.<\/p>\n","protected":false},"excerpt":{"rendered":"<p>Les noves fonts instal\u00b7lades a la Facultat de Dret proporcionen aigua sense cost i ens ajuden a reduir els residus d\u2019envasos d\u2019un sol \u00fas.<\/p>\n","protected":false},"author":1,"featured_media":46011,"comment_status":"closed","ping_status":"closed","sticky":false,"template":"","format":"standard","meta":{"advgb_blocks_editor_width":"","advgb_blocks_columns_visual_guide":"","footnotes":""},"categories":[20],"tags":[353,124,127,73],"class_list":["post-46997","post","type-post","status-publish","format-standard","has-post-thumbnail","hentry","category-actualitat-medi-ambient","tag-font-aigua","tag-ods12","tag-ods6","tag-residu-zero"],"author_meta":{"display_name":"OSSMA","author_link":"https:\/\/www.ub.edu\/ossma\/en\/author\/ossmau1"},"featured_img":"https:\/\/www.ub.edu\/ossma\/wp-content\/uploads\/2023\/03\/1270x300-residu-zero-750x177.png","coauthors":[],"tax_additional":{"categories":{"linked":["<a href=\"https:\/\/www.ub.edu\/ossma\/en\/actualitat-medi-ambient\" class=\"advgb-post-tax-term\">Medi Ambient<\/a>"],"unlinked":["<span class=\"advgb-post-tax-term\">Medi Ambient<\/span>"]},"tags":{"linked":["<a href=\"https:\/\/www.ub.edu\/ossma\/en\/actualitat-medi-ambient\" class=\"advgb-post-tax-term\">font aigua<\/a>","<a href=\"https:\/\/www.ub.edu\/ossma\/en\/actualitat-medi-ambient\" class=\"advgb-post-tax-term\">ods12<\/a>","<a href=\"https:\/\/www.ub.edu\/ossma\/en\/actualitat-medi-ambient\" class=\"advgb-post-tax-term\">ods6<\/a>","<a href=\"https:\/\/www.ub.edu\/ossma\/en\/actualitat-medi-ambient\" class=\"advgb-post-tax-term\">Residu Zero<\/a>"],"unlinked":["<span class=\"advgb-post-tax-term\">font aigua<\/span>","<span class=\"advgb-post-tax-term\">ods12<\/span>","<span class=\"advgb-post-tax-term\">ods6<\/span>","<span class=\"advgb-post-tax-term\">Residu Zero<\/span>"]}},"comment_count":"0","relative_dates":{"created":"Posted 3 years ago","modified":"Updated 3 years ago"},"absolute_dates":{"created":"Posted on 20\/03\/2023","modified":"Updated on 03\/04\/2023"},"absolute_dates_time":{"created":"Posted on 20\/03\/2023 12:45","modified":"Updated on 03\/04\/2023 12:45"},"featured_img_caption":"","series_order":"","_links":{"self":[{"href":"https:\/\/www.ub.edu\/ossma\/en\/wp-json\/wp\/v2\/posts\/46997","targetHints":{"allow":["GET"]}}],"collection":[{"href":"https:\/\/www.ub.edu\/ossma\/en\/wp-json\/wp\/v2\/posts"}],"about":[{"href":"https:\/\/www.ub.edu\/ossma\/en\/wp-json\/wp\/v2\/types\/post"}],"author":[{"embeddable":true,"href":"https:\/\/www.ub.edu\/ossma\/en\/wp-json\/wp\/v2\/users\/1"}],"replies":[{"embeddable":true,"href":"https:\/\/www.ub.edu\/ossma\/en\/wp-json\/wp\/v2\/comments?post=46997"}],"version-history":[{"count":1,"href":"https:\/\/www.ub.edu\/ossma\/en\/wp-json\/wp\/v2\/posts\/46997\/revisions"}],"predecessor-version":[{"id":46998,"href":"https:\/\/www.ub.edu\/ossma\/en\/wp-json\/wp\/v2\/posts\/46997\/revisions\/46998"}],"wp:featuredmedia":[{"embeddable":true,"href":"https:\/\/www.ub.edu\/ossma\/en\/wp-json\/wp\/v2\/media\/46011"}],"wp:attachment":[{"href":"https:\/\/www.ub.edu\/ossma\/en\/wp-json\/wp\/v2\/media?parent=46997"}],"wp:term":[{"taxonomy":"category","embeddable":true,"href":"https:\/\/www.ub.edu\/ossma\/en\/wp-json\/wp\/v2\/categories?post=46997"},{"taxonomy":"post_tag","embeddable":true,"href":"https:\/\/www.ub.edu\/ossma\/en\/wp-json\/wp\/v2\/tags?post=46997"}],"curies":[{"name":"wp","href":"https:\/\/api.w.org\/{rel}","templated":true}]}}