{"id":50621,"date":"2023-10-19T14:45:43","date_gmt":"2023-10-19T14:45:43","guid":{"rendered":"https:\/\/www.ub.edu\/ossma?p=50621"},"modified":"2023-10-20T07:02:00","modified_gmt":"2023-10-20T07:02:00","slug":"consums-2023-set","status":"publish","type":"post","link":"https:\/\/www.ub.edu\/ossma\/en\/actualitat-medi-ambient\/consums-2023-set","title":{"rendered":"Durant l&#8217;estiu es consolida la reducci\u00f3 de consum d&#8217;energia, i es refor\u00e7a l&#8217;estalvi d&#8217;aigua"},"content":{"rendered":"\n<p>Al llarg de l&#8217;estiu l&#8217;estalvi d&#8217;electricitat i gas s&#8217;ha estabilitzat, amb valors molt similars als que ja ten\u00edem en la darrera <a href=\"https:\/\/www.ub.edu\/ossma\/actualitat-medi-ambient\/consums-2023-jun\">not\u00edcia del mes de juny<\/a>: un 9,4\u00a0% menys en el cas de l&#8217;electricitat, i un 30\u00a0% menys en el consum de gas. Per la seva banda, el consum d&#8217;aigua continua millorant respecte mesos anteriors, i la reducci\u00f3 ja \u00e9s del 17,3\u00a0%, quan al juny era del 9,8\u00a0%.<\/p>\n\n\n\n<p>Fins al mes de setembre, aquests s\u00f3n els consums acumulats:<\/p>\n\n\n\n<ul class=\"wp-block-list advgb-dyn-855a1e3c\">\n<li>Electricitat, 25.267.098 kWh (9,39&nbsp;% menys que l\u2019any 2022).<\/li>\n\n\n\n<li>Gas, 611.871 m<sup>3<\/sup>&nbsp;(29,95&nbsp;% menys que l\u2019any 2022).<\/li>\n\n\n\n<li>Aigua, 91.851 m<sup>3<\/sup>&nbsp;(17,25&nbsp;% menys que l\u2019any 2022).<\/li>\n<\/ul>\n\n\n\n<p>Tenint en compte les difer\u00e8ncies de consum dels primers nous mesos entre els anys 2022 i 2023,&nbsp;<strong>hem evitat una despesa de 976.000 \u20ac<\/strong>&nbsp;sumant els tres tipus de subministraments (electricitat, gas i aigua). Tanmateix,&nbsp;<strong>la pujada dels preus de l\u2019energia ha provocat que la despesa total hagi augmentat un 65,7&nbsp;%<\/strong>&nbsp;respecte al 2022, amb un increment de 2,4 milions d\u2019euros en aquests primers sis mesos de l\u2019any.<\/p>\n\n\n\n<figure class=\"wp-block-image size-large\"><img fetchpriority=\"high\" decoding=\"async\" width=\"2400\" height=\"1660\" src=\"https:\/\/www.ub.edu\/ossma\/wp-content\/uploads\/2023\/10\/consums-ub_2023-9.jpg\" alt=\"Consum d'energia i aigua de la UB el gener-setembre de 2023\" class=\"wp-image-50618\" srcset=\"https:\/\/www.ub.edu\/ossma\/wp-content\/uploads\/2023\/10\/consums-ub_2023-9.jpg 2400w, https:\/\/www.ub.edu\/ossma\/wp-content\/uploads\/2023\/10\/consums-ub_2023-9-723x500.jpg 723w, https:\/\/www.ub.edu\/ossma\/wp-content\/uploads\/2023\/10\/consums-ub_2023-9-578x400.jpg 578w, https:\/\/www.ub.edu\/ossma\/wp-content\/uploads\/2023\/10\/consums-ub_2023-9-1536x1062.jpg 1536w, https:\/\/www.ub.edu\/ossma\/wp-content\/uploads\/2023\/10\/consums-ub_2023-9-2048x1417.jpg 2048w\" sizes=\"(max-width: 2400px) 100vw, 2400px\" \/><\/figure>\n\n\n\n<p>Si analitzem l\u2019evoluci\u00f3 per centres, els subministraments d&#8217;energia presenten disminucions generalitzades arreu, llevat d&#8217;excepcions puntuals. En el cas de l&#8217;electricitat, destaca la reducci\u00f3 a la Facultat de Dret (-20,5&nbsp;%), a les facultats de Filosofia i de Geografia i Hist\u00f2ria (-15,9&nbsp;%), a l\u2019Edifici Hist\u00f2ric i l\u2019aulari Josep Carner (-13,3&nbsp;%), a la Facultat d&#8217;Economia i Empresa (-12,9), a la Facultat d\u2019Informaci\u00f3 i Mitjans Audiovisuals (-12,7&nbsp;%), i a la Biblioteca Baldiri Reixac (-12,6&nbsp;%).<\/p>\n\n\n\n<figure class=\"wp-block-image size-large\"><img decoding=\"async\" width=\"1195\" height=\"693\" src=\"https:\/\/www.ub.edu\/ossma\/wp-content\/uploads\/2023\/10\/electricitat2023t3.png\" alt=\"Electricitat: variaci\u00f3 de consum per centre entre els anys 2022 i 2023 (gener-setembre)\" class=\"wp-image-50609\" srcset=\"https:\/\/www.ub.edu\/ossma\/wp-content\/uploads\/2023\/10\/electricitat2023t3.png 1195w, https:\/\/www.ub.edu\/ossma\/wp-content\/uploads\/2023\/10\/electricitat2023t3-750x435.png 750w, https:\/\/www.ub.edu\/ossma\/wp-content\/uploads\/2023\/10\/electricitat2023t3-690x400.png 690w\" sizes=\"(max-width: 1195px) 100vw, 1195px\" \/><\/figure>\n\n\n\n<p>El consum de gas presenta reduccions superiors al 30&nbsp;% en els seg\u00fcents centres: facultats de F\u00edsica i de Qu\u00edmica (-44,5&nbsp;%), Facultat de Dret (-42,0&nbsp;%), Facultat d\u2019Informaci\u00f3 i Mitjans Audiovisuals (-35,1&nbsp;%), CCiTUB Sol\u00e9 i Sabar\u00eds (-34,6&nbsp;%), Facultat d\u2019Economia i Empresa (-34,1&nbsp;%), Facultat de Farm\u00e0cia i Ci\u00e8ncies de l\u2019Alimentaci\u00f3 (-31,9&nbsp;%) i Campus Mundet (-30,2%). Nom\u00e9s incrementen consum Esports UB (+6,6&nbsp;%), i la Facultat de Medicina-Cl\u00ednic (+1,1&nbsp;%).<\/p>\n\n\n\n<figure class=\"wp-block-image size-large\"><img decoding=\"async\" width=\"1196\" height=\"670\" src=\"https:\/\/www.ub.edu\/ossma\/wp-content\/uploads\/2023\/10\/gas2023t3.png\" alt=\"Gas: variaci\u00f3 de consum per centre entre els anys 2022 i 2023 (gener-setembre)\" class=\"wp-image-50612\" srcset=\"https:\/\/www.ub.edu\/ossma\/wp-content\/uploads\/2023\/10\/gas2023t3.png 1196w, https:\/\/www.ub.edu\/ossma\/wp-content\/uploads\/2023\/10\/gas2023t3-750x420.png 750w, https:\/\/www.ub.edu\/ossma\/wp-content\/uploads\/2023\/10\/gas2023t3-714x400.png 714w\" sizes=\"(max-width: 1196px) 100vw, 1196px\" \/><\/figure>\n\n\n\n<p>El consum d\u2019aigua disminueix en la majoria dels centres, per\u00f2 en alguns casos encara es detecten increments significatius. El consum s\u2019ha redu\u00eft m\u00e9s d\u2019un 40&nbsp;% a la Facultat de Dret (-50,6&nbsp;%), a la Biblioteca Baldiri Reixac (-43,0&nbsp;%), a la Facultat d\u2019Economia i Empresa (-40,5&nbsp;%),  a Esports (-39,6&nbsp;%), i a la Facultat de Biologia (-33,6&nbsp;%). En l\u2019altre extrem de la gr\u00e0fica, els increments m\u00e9s destacats es produeixen al Campus de l\u2019Alimentaci\u00f3 de Torribera (+31,4&nbsp;%), al Campus Mundet (+25,2&nbsp;%), i al Pavell\u00f3 Rosa (+23,7&nbsp;%).<\/p>\n\n\n\n<figure class=\"wp-block-image size-large\"><img loading=\"lazy\" decoding=\"async\" width=\"1170\" height=\"690\" src=\"https:\/\/www.ub.edu\/ossma\/wp-content\/uploads\/2023\/10\/aigua2023t3.png\" alt=\"Aigua: variaci\u00f3 de consum per centre entre els anys 2022 i 2023 (gener-setembre)\" class=\"wp-image-50615\" srcset=\"https:\/\/www.ub.edu\/ossma\/wp-content\/uploads\/2023\/10\/aigua2023t3.png 1170w, https:\/\/www.ub.edu\/ossma\/wp-content\/uploads\/2023\/10\/aigua2023t3-750x442.png 750w, https:\/\/www.ub.edu\/ossma\/wp-content\/uploads\/2023\/10\/aigua2023t3-678x400.png 678w\" sizes=\"(max-width: 1170px) 100vw, 1170px\" \/><\/figure>\n\n\n\n<p>Per seguit millorant aquests resultats, totes i tots podem col\u00b7laborar aplicant les bones pr\u00e0ctiques que es mostren a la&nbsp;<a href=\"http:\/\/www.ub.edu\/estalvienergetic\">campanya d\u2019estalvi energ\u00e8tic \u00abEn som responsables\u00bb<\/a>:<\/p>\n\n\n\n<ul class=\"wp-block-list\">\n<li>Apagar els llums si l\u2019espai queda buit,<\/li>\n\n\n\n<li>Desconnectar els equips en marxar i evitar el mode d\u2019espera.<\/li>\n\n\n\n<li>Evitar l\u2019\u00fas de l\u2019ascensor.<\/li>\n\n\n\n<li>Reduir al m\u00e0xim l\u2019\u00fas d\u2019aparells port\u00e0tils de calor i fred.<\/li>\n\n\n\n<li>Regular la climatitzaci\u00f3 a 19 graus a l\u2019hivern i a 27 graus a l\u2019estiu.<\/li>\n<\/ul>\n","protected":false},"excerpt":{"rendered":"<p>Al llarg de l&#8217;estiu l&#8217;estalvi d&#8217;electricitat i gas s&#8217;ha estabilitzat, mentre que el consum d&#8217;aigua continua millorant respecte mesos anteriors.<\/p>\n","protected":false},"author":1,"featured_media":44674,"comment_status":"closed","ping_status":"closed","sticky":false,"template":"","format":"standard","meta":{"advgb_blocks_editor_width":"","advgb_blocks_columns_visual_guide":"","footnotes":""},"categories":[20],"tags":[72,224,98,355,26,124,127,128],"class_list":["post-50621","post","type-post","status-publish","format-standard","has-post-thumbnail","hentry","category-actualitat-medi-ambient","tag-aigua","tag-comuniconsums","tag-consum-responsable","tag-consums23","tag-energia","tag-ods12","tag-ods6","tag-ods7"],"author_meta":{"display_name":"OSSMA","author_link":"https:\/\/www.ub.edu\/ossma\/en\/author\/ossmau1"},"featured_img":"https:\/\/www.ub.edu\/ossma\/wp-content\/uploads\/2023\/02\/1270x300-estalvi-energetic-ub-900x213.jpg","coauthors":[],"tax_additional":{"categories":{"linked":["<a href=\"https:\/\/www.ub.edu\/ossma\/en\/actualitat-medi-ambient\" class=\"advgb-post-tax-term\">Medi Ambient<\/a>"],"unlinked":["<span class=\"advgb-post-tax-term\">Medi Ambient<\/span>"]},"tags":{"linked":["<a href=\"https:\/\/www.ub.edu\/ossma\/en\/actualitat-medi-ambient\" class=\"advgb-post-tax-term\">aigua<\/a>","<a href=\"https:\/\/www.ub.edu\/ossma\/en\/actualitat-medi-ambient\" class=\"advgb-post-tax-term\">comuniconsums<\/a>","<a href=\"https:\/\/www.ub.edu\/ossma\/en\/actualitat-medi-ambient\" class=\"advgb-post-tax-term\">consum responsable<\/a>","<a href=\"https:\/\/www.ub.edu\/ossma\/en\/actualitat-medi-ambient\" class=\"advgb-post-tax-term\">consums23<\/a>","<a href=\"https:\/\/www.ub.edu\/ossma\/en\/actualitat-medi-ambient\" class=\"advgb-post-tax-term\">energia<\/a>","<a href=\"https:\/\/www.ub.edu\/ossma\/en\/actualitat-medi-ambient\" class=\"advgb-post-tax-term\">ods12<\/a>","<a href=\"https:\/\/www.ub.edu\/ossma\/en\/actualitat-medi-ambient\" class=\"advgb-post-tax-term\">ods6<\/a>","<a href=\"https:\/\/www.ub.edu\/ossma\/en\/actualitat-medi-ambient\" class=\"advgb-post-tax-term\">ods7<\/a>"],"unlinked":["<span class=\"advgb-post-tax-term\">aigua<\/span>","<span class=\"advgb-post-tax-term\">comuniconsums<\/span>","<span class=\"advgb-post-tax-term\">consum responsable<\/span>","<span class=\"advgb-post-tax-term\">consums23<\/span>","<span class=\"advgb-post-tax-term\">energia<\/span>","<span class=\"advgb-post-tax-term\">ods12<\/span>","<span class=\"advgb-post-tax-term\">ods6<\/span>","<span class=\"advgb-post-tax-term\">ods7<\/span>"]}},"comment_count":"0","relative_dates":{"created":"Posted 3 years ago","modified":"Updated 3 years ago"},"absolute_dates":{"created":"Posted on 19\/10\/2023","modified":"Updated on 20\/10\/2023"},"absolute_dates_time":{"created":"Posted on 19\/10\/2023 14:45","modified":"Updated on 20\/10\/2023 7:02"},"featured_img_caption":"","series_order":"","_links":{"self":[{"href":"https:\/\/www.ub.edu\/ossma\/en\/wp-json\/wp\/v2\/posts\/50621","targetHints":{"allow":["GET"]}}],"collection":[{"href":"https:\/\/www.ub.edu\/ossma\/en\/wp-json\/wp\/v2\/posts"}],"about":[{"href":"https:\/\/www.ub.edu\/ossma\/en\/wp-json\/wp\/v2\/types\/post"}],"author":[{"embeddable":true,"href":"https:\/\/www.ub.edu\/ossma\/en\/wp-json\/wp\/v2\/users\/1"}],"replies":[{"embeddable":true,"href":"https:\/\/www.ub.edu\/ossma\/en\/wp-json\/wp\/v2\/comments?post=50621"}],"version-history":[{"count":4,"href":"https:\/\/www.ub.edu\/ossma\/en\/wp-json\/wp\/v2\/posts\/50621\/revisions"}],"predecessor-version":[{"id":50642,"href":"https:\/\/www.ub.edu\/ossma\/en\/wp-json\/wp\/v2\/posts\/50621\/revisions\/50642"}],"wp:featuredmedia":[{"embeddable":true,"href":"https:\/\/www.ub.edu\/ossma\/en\/wp-json\/wp\/v2\/media\/44674"}],"wp:attachment":[{"href":"https:\/\/www.ub.edu\/ossma\/en\/wp-json\/wp\/v2\/media?parent=50621"}],"wp:term":[{"taxonomy":"category","embeddable":true,"href":"https:\/\/www.ub.edu\/ossma\/en\/wp-json\/wp\/v2\/categories?post=50621"},{"taxonomy":"post_tag","embeddable":true,"href":"https:\/\/www.ub.edu\/ossma\/en\/wp-json\/wp\/v2\/tags?post=50621"}],"curies":[{"name":"wp","href":"https:\/\/api.w.org\/{rel}","templated":true}]}}