{"id":5478,"date":"2017-06-26T10:03:23","date_gmt":"2017-06-26T08:03:23","guid":{"rendered":"http:\/\/www.ub.edu\/plasostenibilitat\/?p=3046"},"modified":"2024-08-01T08:48:12","modified_gmt":"2024-08-01T08:48:12","slug":"residus-solidaris-a-la-ub-eco2-0-50","status":"publish","type":"post","link":"https:\/\/www.ub.edu\/ossma\/en\/actualitat-medi-ambient\/residus-solidaris-a-la-ub-eco2-0-50","title":{"rendered":"Residus solidaris a la UB (Eco2.0-50)"},"content":{"rendered":"\n<p>Com ja coneixeu, <a href=\"https:\/\/www.ub.edu\/ossma\/medi-ambient\/nova-distribucio-i-etiquetatge-dels-contenidors-de-recollida-selectiva-de-les-facultats-de-filosofia-i-de-geografia-i-historia\/\">a la UB tenim repartits pels centres <strong>contenidors de recollida selectiva<\/strong><\/a> que ens permeten separar els diferents tipus de residus que generem a la nostra universitat. A part dels <a href=\"https:\/\/www.ub.edu\/ossma\/indicadors-ambientals\/residus-municipals-especials-altres#municipals\">contenidors de residus municipals<\/a> (<a href=\"https:\/\/www.ub.edu\/ossma\/medi-ambient\/el-paper-al-blau-eco2-0-31\/\" data-type=\"post\" data-id=\"5434\">paper<\/a>, envasos lleugers, vidre, mat\u00e8ria org\u00e0nica i resta), tamb\u00e9 en trobareu d\u2019<a href=\"https:\/\/www.ub.edu\/ossma\/indicadors-ambientals\/residus-municipals-especials-altres#altres\">altres<\/a> per recollir residus menys habituals com ara piles, CDs i DVDs, t\u00f2ners i cartutxos de tinta, o taps de pl\u00e0stic.<\/p>\n\n\n<div class=\"wp-block-image alignnone wp-image-6576 size-large\">\n<figure class=\"aligncenter\"><img fetchpriority=\"high\" decoding=\"async\" width=\"1024\" height=\"576\" src=\"https:\/\/www.ub.edu\/ossma\/wp-content\/uploads\/2017\/06\/puntderecollidaseleciu-1024x576.jpg\" alt=\"contenidors de recollida seleciva, vidre, enva\u00e0s i paper, juntament amb altre contenidor de toner\" class=\"wp-image-6576\" srcset=\"https:\/\/www.ub.edu\/ossma\/wp-content\/uploads\/2017\/06\/puntderecollidaseleciu.jpg 1024w, https:\/\/www.ub.edu\/ossma\/wp-content\/uploads\/2017\/06\/puntderecollidaseleciu-300x169.jpg 300w\" sizes=\"(max-width: 1024px) 100vw, 1024px\" \/><figcaption class=\"wp-element-caption\">Contenidors de recollida selectiva a la Facultat de Belles Arts<\/figcaption><\/figure>\n<\/div>\n\n\n<p>A m\u00e9s, la UB i les empreses concession\u00e0ries (bar, copisteria, etc.), han de gestionar correctament altres residus com ara l\u2019oli vegetal de la cuina dels bars, fluorescents, runa d\u2019obres, equips inform\u00e0tics, aparells electr\u00f2nics, i voluminosos com mobles, ferralla, etc.<\/p>\n\n\n\n<p>Gr\u00e0cies a diversos <strong>convenis de col\u00b7laboraci\u00f3<\/strong> que t\u00e9 la universitat amb diverses fundacions, la recollida i gesti\u00f3 d\u2019alguns d\u2019aquests residus la duen a terme entitats que lluiten contra l\u2019<strong>exclusi\u00f3 social i laboral<\/strong>, o b\u00e9 busquen recursos per a la <strong>investigaci\u00f3<\/strong> de certes malalties.<\/p>\n\n\n\n<p>Els t\u00f2ners i cartutxos de tinta s\u00f3n recollits des del 2005 per la <a rel=\"noopener noreferrer\" href=\"http:\/\/www.trueta.cat\/\" target=\"_blank\">Fundaci\u00f3 Humanit\u00e0ria pel Tercer i Quart M\u00f3n Dr. Trueta<\/a>. Aquesta fundaci\u00f3 facilita que els t\u00f2ners puguin ser gestionats correctament, ja sigui gr\u00e0cies a la recollida i preparaci\u00f3 dels t\u00f2ners perqu\u00e8 puguin ser reutilitzats, o a la separaci\u00f3 dels diferents materials perqu\u00e8 siguin reciclats o recuperats. A part d\u2019ajudar en la correcta separaci\u00f3 dels residus, els recursos que n\u2019obtenen els inverteixen en projectes sanitaris de pa\u00efsos del Tercer M\u00f3n, aix\u00ed com ajudant a la reinserci\u00f3 laboral de persones amb disminuci\u00f3 derivada de malaltia mental. L\u2019any 2016 es van recollir a la UB 1,7 tones de t\u00f2ners i cartutxos.<\/p>\n\n\n\n<p>Des de l\u2019any 2013, la <a rel=\"noopener noreferrer\" href=\"https:\/\/fundaciongaem.org\/\" target=\"_blank\">Fundaci\u00f3 GAEM<\/a> sota el lema de la campanya \u201cDestapa la teva Solidaritat\u201d, <a rel=\"noreferrer noopener\" href=\"https:\/\/www.ub.edu\/ossma\/medi-ambient\/novetats-recollida-taps-crai-ub\/\" data-type=\"post\" data-id=\"2785\" target=\"_blank\">recull taps de pl\u00e0stic als CRAI de la UB<\/a> per investigar sobre l\u2019esclerosi m\u00faltiple. Des de principi d&#8217;any ja s\u2019han recollit 128 kg de taps de pl\u00e0stic solidaris, i est\u00e0 previst fer una nova recollida en les pr\u00f2ximes setmanes.<\/p>\n\n\n<div class=\"wp-block-image alignnone wp-image-6577 size-large\">\n<figure class=\"aligncenter\"><img decoding=\"async\" width=\"1024\" height=\"768\" src=\"https:\/\/www.ub.edu\/ossma\/wp-content\/uploads\/2017\/06\/recollidadetaps-1024x768.jpg\" alt=\"taps de pl\u00e0stic \" class=\"wp-image-6577\" srcset=\"https:\/\/www.ub.edu\/ossma\/wp-content\/uploads\/2017\/06\/recollidadetaps.jpg 1024w, https:\/\/www.ub.edu\/ossma\/wp-content\/uploads\/2017\/06\/recollidadetaps-300x225.jpg 300w\" sizes=\"(max-width: 1024px) 100vw, 1024px\" \/><figcaption class=\"wp-element-caption\">Taps de pl\u00e0stic recollits a la UB<\/figcaption><\/figure>\n<\/div>\n\n\n<p>Una altra col\u00b7laboraci\u00f3 que tot just est\u00e0 comen\u00e7ant \u00e9s amb la <a href=\"http:\/\/alencop.coop\/\" target=\"_blank\" rel=\"noopener noreferrer\">cooperativa Alencop<\/a>, que participaria en la recollida de ferralla als centres de la UB. La cooperativa social Alencop va ser creada per donar resposta a la recollida i tractament de ferralla a l\u2019entorn urb\u00e0, i per garantir les condicions de vida digna d\u2019un col\u00b7lectiu en situaci\u00f3 de vulnerabilitat.<\/p>\n\n\n\n<p>Aquestes entitats ajuden a solucionar un problema existent amb els residus, at\u00e8s que permeten gestionar els residus de forma adequada i recuperar els materials perqu\u00e8 els residus esdevinguin nous recursos. Per\u00f2, tot i aix\u00f2, cal recordar que la <strong>prevenci\u00f3<\/strong> \u00e9s el principal objectiu quan parlem de residus: evitar la generaci\u00f3 dels residus \u00e9s la soluci\u00f3 m\u00e9s sostenible i permet reduir la nostra petjada ecol\u00f2gica.<\/p>\n\n\n\n<div class=\"wp-block-columns destacat is-layout-flex wp-container-core-columns-is-layout-9d6595d7 wp-block-columns-is-layout-flex\">\n<div class=\"wp-block-column is-layout-flow wp-block-column-is-layout-flow\">\n<h2 class=\"wp-block-heading\">Per qu\u00e8 cal gestionar correctament els residus?<\/h2>\n\n\n\n<ul class=\"wp-block-list\">\n<li>Alguns residus poden ser t\u00f2xics o perillosos, i per tant s\u2019han de gestionar adequadament per evitar danys sobre les persones i el medi ambient.<\/li>\n\n\n\n<li>Diversos objectes poden ser reutilitzats, allargant aix\u00ed el seu cicle de vida.<\/li>\n\n\n\n<li>El reciclatge permet que els residus esdevinguin recursos at\u00e8s que s\u2019aprofiten els materials per a produir-ne d\u2019altres i, per tant, \u00e9s necessari un menor consum de mat\u00e8ries primeres.<\/li>\n\n\n\n<li>L\u2019economia circular promou l\u2019\u00fas eficient dels recursos i la reducci\u00f3 dels residus tancant el cicle dels materials, a trav\u00e9s de la prevenci\u00f3, reducci\u00f3, reutilitzaci\u00f3, reciclatge i valoritzaci\u00f3.<\/li>\n\n\n\n<li>Diverses entitats i fundacions amb fins socials s\u2019encarreguen de la gesti\u00f3 de certs residus. No nom\u00e9s \u00e9s un benefici per a medi ambient, sin\u00f3 que tamb\u00e9 permet treballar en la inserci\u00f3 laboral de persones amb risc d\u2019exclusi\u00f3.<\/li>\n\n\n\n<li>A m\u00e9s, els beneficis que s\u2019emporten aquestes organitzacions s\u2019inverteixen en investigaci\u00f3, projectes socials i sanitaris, etc.<\/li>\n<\/ul>\n<\/div>\n<\/div>\n\n\n\n<h2 class=\"wp-block-heading\">M\u00e9s informaci\u00f3<\/h2>\n\n\n\n<ul class=\"wp-block-list\">\n<li><a href=\"https:\/\/www.ub.edu\/ossma\/actualitat-medi-ambient\/novetats-recollida-taps-crai-ub\" data-type=\"post\" data-id=\"2785\">Novetats en la recollida de taps solidaris a les biblioteques del CRAI-UB<\/a>.<br>Blog del Pla de Sostenibilitat UB. Universitat de Barcelona. Febrer, 2017.<\/li>\n\n\n\n<li><a href=\"https:\/\/www.ub.edu\/ossma\/medi-ambient\/residus-municipals\/fitxes-procediments\" data-type=\"page\" data-id=\"825\">Fitxes de procediments: recollida selectiva de residus municipals<\/a>. Oficina de Seguretat, Salut i Medi Ambient (OSSMA). Universitat de Barcelona.<\/li>\n\n\n\n<li><a href=\"https:\/\/www.ub.edu\/ossma\/medi-ambient\/indicadors-ambientals\" data-type=\"page\" data-id=\"582\">Indicadors ambientals<\/a>. Oficina de Seguretat, Salut i Medi Ambient (OSSMA). Universitat de Barcelona.<\/li>\n<\/ul>\n","protected":false},"excerpt":{"rendered":"<p>A la UB tenim repartits pels centres contenidors de recollida selectiva que ens permeten separar els diferents tipus de residus que generem a la nostra universitat. Gr\u00e0cies a diversos convenis de col\u00b7laboraci\u00f3 amb diverses fundacions, la recollida i gesti\u00f3 d\u2019alguns d\u2019aquests residus la duen a terme entitats que lluiten contra l\u2019exclusi\u00f3 social i laboral, o b\u00e9 busquen recursos per a la investigaci\u00f3 de certes malalties.<\/p>\n","protected":false},"author":1,"featured_media":62,"comment_status":"open","ping_status":"open","sticky":false,"template":"","format":"standard","meta":{"advgb_blocks_editor_width":"","advgb_blocks_columns_visual_guide":"","footnotes":""},"categories":[20],"tags":[25,119,124,62,27],"class_list":["post-5478","post","type-post","status-publish","format-standard","has-post-thumbnail","hentry","category-actualitat-medi-ambient","tag-ecoconsells","tag-ods11","tag-ods12","tag-reciclatge","tag-residus"],"author_meta":{"display_name":"OSSMA","author_link":"https:\/\/www.ub.edu\/ossma\/en\/author\/ossmau1"},"featured_img":"https:\/\/www.ub.edu\/ossma\/wp-content\/uploads\/2016\/02\/ecoconsells.jpg","coauthors":[],"tax_additional":{"categories":{"linked":["<a href=\"https:\/\/www.ub.edu\/ossma\/en\/actualitat-medi-ambient\" class=\"advgb-post-tax-term\">Medi Ambient<\/a>"],"unlinked":["<span class=\"advgb-post-tax-term\">Medi Ambient<\/span>"]},"tags":{"linked":["<a href=\"https:\/\/www.ub.edu\/ossma\/en\/actualitat-medi-ambient\" class=\"advgb-post-tax-term\">ecoconsells<\/a>","<a href=\"https:\/\/www.ub.edu\/ossma\/en\/actualitat-medi-ambient\" class=\"advgb-post-tax-term\">ods11<\/a>","<a href=\"https:\/\/www.ub.edu\/ossma\/en\/actualitat-medi-ambient\" class=\"advgb-post-tax-term\">ods12<\/a>","<a href=\"https:\/\/www.ub.edu\/ossma\/en\/actualitat-medi-ambient\" class=\"advgb-post-tax-term\">reciclatge<\/a>","<a href=\"https:\/\/www.ub.edu\/ossma\/en\/actualitat-medi-ambient\" class=\"advgb-post-tax-term\">residus<\/a>"],"unlinked":["<span class=\"advgb-post-tax-term\">ecoconsells<\/span>","<span class=\"advgb-post-tax-term\">ods11<\/span>","<span class=\"advgb-post-tax-term\">ods12<\/span>","<span class=\"advgb-post-tax-term\">reciclatge<\/span>","<span class=\"advgb-post-tax-term\">residus<\/span>"]}},"comment_count":"0","relative_dates":{"created":"Posted 9 years ago","modified":"Updated 2 years ago"},"absolute_dates":{"created":"Posted on 26\/06\/2017","modified":"Updated on 01\/08\/2024"},"absolute_dates_time":{"created":"Posted on 26\/06\/2017 10:03","modified":"Updated on 01\/08\/2024 8:48"},"featured_img_caption":"","series_order":"","_links":{"self":[{"href":"https:\/\/www.ub.edu\/ossma\/en\/wp-json\/wp\/v2\/posts\/5478","targetHints":{"allow":["GET"]}}],"collection":[{"href":"https:\/\/www.ub.edu\/ossma\/en\/wp-json\/wp\/v2\/posts"}],"about":[{"href":"https:\/\/www.ub.edu\/ossma\/en\/wp-json\/wp\/v2\/types\/post"}],"author":[{"embeddable":true,"href":"https:\/\/www.ub.edu\/ossma\/en\/wp-json\/wp\/v2\/users\/1"}],"replies":[{"embeddable":true,"href":"https:\/\/www.ub.edu\/ossma\/en\/wp-json\/wp\/v2\/comments?post=5478"}],"version-history":[{"count":8,"href":"https:\/\/www.ub.edu\/ossma\/en\/wp-json\/wp\/v2\/posts\/5478\/revisions"}],"predecessor-version":[{"id":62955,"href":"https:\/\/www.ub.edu\/ossma\/en\/wp-json\/wp\/v2\/posts\/5478\/revisions\/62955"}],"wp:featuredmedia":[{"embeddable":true,"href":"https:\/\/www.ub.edu\/ossma\/en\/wp-json\/wp\/v2\/media\/62"}],"wp:attachment":[{"href":"https:\/\/www.ub.edu\/ossma\/en\/wp-json\/wp\/v2\/media?parent=5478"}],"wp:term":[{"taxonomy":"category","embeddable":true,"href":"https:\/\/www.ub.edu\/ossma\/en\/wp-json\/wp\/v2\/categories?post=5478"},{"taxonomy":"post_tag","embeddable":true,"href":"https:\/\/www.ub.edu\/ossma\/en\/wp-json\/wp\/v2\/tags?post=5478"}],"curies":[{"name":"wp","href":"https:\/\/api.w.org\/{rel}","templated":true}]}}