{"id":94873,"date":"2025-09-16T09:07:59","date_gmt":"2025-09-16T09:07:59","guid":{"rendered":"https:\/\/www.ub.edu\/ossma?p=94873"},"modified":"2025-09-16T09:08:07","modified_gmt":"2025-09-16T09:08:07","slug":"setmana-europea-mobilitat-2025","status":"publish","type":"post","link":"https:\/\/www.ub.edu\/ossma\/en\/actualitat-medi-ambient\/setmana-europea-mobilitat-2025","title":{"rendered":"Comen\u00e7a la Setmana Europea de la Mobilitat 2025"},"content":{"rendered":"\n<p>La mobilitat \u00e9s l&#8217;activitat que genera m\u00e9s emissions de gasos amb efecte d&#8217;hivernacle a la UB, amb prop d&#8217;un 75% del total.<\/p>\n\n\n\n<p>Des de #UBsaludable, l\u2019OSSMA i el Servei d\u2019Esports, volem aprofitar la&nbsp;<a href=\"https:\/\/territori.gencat.cat\/ca\/03_infraestructures_i_mobilitat\/sem\/index.html\" target=\"_blank\" rel=\"noreferrer noopener\"><strong>Setmana Europea de la Mobilitat<\/strong><\/a> (del 16 al 22 de setembre de 2025), que promou h\u00e0bits de mobilitat m\u00e9s sostenibles, segurs i saludables com s\u00f3n els despla\u00e7aments a peu, en bicicleta, en transport p\u00fablic, o amb vehicle el\u00e8ctric o compartit, per recordar-vos diverses <strong>accions i projectes<\/strong> que la <strong>UB<\/strong> ha anat realitzant durant els darrers anys.<\/p>\n\n\n\n<p><strong>Punts Bici UB<\/strong><\/p>\n\n\n\n<p>El Punt Bici UB d\u2019autoreparaci\u00f3 de bicis \u00e9s un servei gratu\u00eft que permet que els usuaris que es desplacen a la universitat amb bicicleta puguin fer petites reparacions i actuacions de manteniment. Vegeu com funciona al <a href=\"https:\/\/www.ub.edu\/ubtv\/video\/punt-bici-ub-dautoreparacio\" target=\"_blank\" rel=\"noreferrer noopener\">v\u00eddeo explicatiu del Punt Bici UB d\u2019autoreparaci\u00f3<\/a>.<\/p>\n\n\n\n<p>Els trobareu a les seg\u00fcents ubicacions:<\/p>\n\n\n\n<ul class=\"wp-block-list\">\n<li><a href=\"https:\/\/www.ub.edu\/ossma\/wp-content\/uploads\/2019\/11\/IMG_20191111_113135-e1573818184370.jpg\" target=\"_blank\" rel=\"noreferrer noopener\"><strong>Edifici Hist\u00f2ric<\/strong><\/a><strong>: <\/strong>a l\u2019acc\u00e9s entre els carrers Gran Via de les Corts Catalanes i Balmes.<\/li>\n\n\n\n<li><a href=\"https:\/\/www.ub.edu\/ossma\/wp-content\/uploads\/2019\/11\/IMG_20191111_120759.jpg\" target=\"_blank\" rel=\"noreferrer noopener\"><strong>Facultat de Medicina-Cl\u00ednic<\/strong><\/a><strong>: <\/strong>a l\u2019acc\u00e9s principal de la Facultat pel carrer de Casanova.<\/li>\n\n\n\n<li><a href=\"https:\/\/www.ub.edu\/ossma\/wp-content\/uploads\/2020\/11\/PuntBiciUB_Bellvitge-2.jpg\" target=\"_blank\" rel=\"noreferrer noopener\"><strong>Campus de la Salut de Bellvitge<\/strong><\/a><strong>, <\/strong>al porxo entre l\u2019Aulari i el Pavell\u00f3 de Govern,<\/li>\n\n\n\n<li><a href=\"https:\/\/www.ub.edu\/ossma\/wp-content\/uploads\/2020\/11\/PuntBiciUB_EsportsUB.jpg\" target=\"_blank\" rel=\"noreferrer noopener\"><strong>Esports UB<\/strong><\/a>, a l\u2019entrada de l\u2019edifici d\u2019Administraci\u00f3,<\/li>\n\n\n\n<li><a href=\"https:\/\/www.ub.edu\/ossma\/wp-content\/uploads\/2019\/11\/IMG_20191111_140322.jpg\" target=\"_blank\" rel=\"noreferrer noopener\"><strong>Facultat de Biologia<\/strong><\/a><strong>:<\/strong> al carrer de Llu\u00eds Sol\u00e9 i Sabar\u00eds, al peu de l\u2019edifici Margalef.<\/li>\n\n\n\n<li><a href=\"https:\/\/www.ub.edu\/ossma\/wp-content\/uploads\/2020\/11\/PuntBiciUB_Dret.jpg\" target=\"_blank\" rel=\"noreferrer noopener\"><strong>Facultat de Dret<\/strong><\/a><strong>, <\/strong>entre els edificis Tom\u00e1s i Valiente i Ilerdenc.<\/li>\n\n\n\n<li><a href=\"https:\/\/www.ub.edu\/ossma\/wp-content\/uploads\/2019\/04\/serveipuntbiciub.jpg\" target=\"_blank\" rel=\"noreferrer noopener\"><strong>Facultats de F\u00edsica i de Qu\u00edmica<\/strong><\/a><strong>: <\/strong>a l\u2019Atri Solar, per l\u2019entrada del carrer de Pau Gargallo.<\/li>\n<\/ul>\n\n\n\n<p>A les biblioteques del CRAI tamb\u00e9 es troba disponible <a href=\"https:\/\/www.ub.edu\/ossma\/actualitat-medi-ambient\/material-prestec-crai-bicicleta\">material ciclista en pr\u00e9stec<\/a> per poder fer petites reparacions d\u2019urg\u00e8ncia.<\/p>\n\n\n\n<p><strong>Flota UBici<\/strong><\/p>\n\n\n\n<p>La UB disposa de bicicletes plegables que s\u00f3n assignades a les unitats administratives o departaments, per tal que el seu personal pugui fer despla\u00e7aments per motius de feina durant la jornada laboral sense generar emissions. Si voleu disposar d\u2019una bicicleta de la <a href=\"https:\/\/www.ub.edu\/ossma\/actualitat-medi-ambient\/segon-lliurament-flota-ubici\">flota UBici<\/a> a la vostra unitat o departament, demaneu-la enviant un correu electr\u00f2nic a <a href=\"file:\/\/\/C:\/Users\/vicensplanas\/AppData\/Local\/Microsoft\/Windows\/INetCache\/Content.Outlook\/UUOOQHOX\/ossma@ub.edu\">ossma@ub.edu<\/a>.<\/p>\n\n\n\n<p><strong>Aparcaments per a bicicletes plegables i patinets<\/strong><\/p>\n\n\n\n<p>Diverses facultats de la nostra universitat disposen d\u2019armariets, on es poden aparcar els vehicles de mobilitat personal de manera segura. Comproveu <a href=\"https:\/\/www.ub.edu\/ossma\/actualitat-medi-ambient\/nous-aparcaments-bicicletes-patinets-ub-2023\">aqu\u00ed<\/a> les diferents ubicacions dels aparcaments.<\/p>\n\n\n\n<p>En cas que la vostra bici no sigui plegable i la vulgueu deixar als aparcaments en U invertida, recordeu seguir els consells del v\u00eddeo <a href=\"https:\/\/www.ub.edu\/ossma\/medi-ambient\/mobilitat\/ubici#lligar\">com aparcar i lligar la bici de manera segura<\/a>.<\/p>\n\n\n\n<p><strong>Punts de c\u00e0rrega de vehicle el\u00e8ctric<\/strong><\/p>\n\n\n\n<p>Als espais d\u2019aparcament disponibles a la UB s\u2019han instal\u00b7lat diversos punts de c\u00e0rrega de vehicle el\u00e8ctric, que contribueixen a accedir a la feina en vehicle privat motoritzat de baixes emissions. Comproveu <a href=\"https:\/\/placetoplug.com\/ca\/punts-de-recarrega\">aqu\u00ed<\/a> la localitzaci\u00f3 dels punts de c\u00e0rrega.<\/p>\n\n\n\n<p><strong>Consells b\u00e0sics de mobilitat sostenible<\/strong><\/p>\n\n\n\n<p>Finalment, compartim amb vosaltres algunes propostes per fer els vostres despla\u00e7aments m\u00e9s saludables, segurs i de baixes emissions, sigui quin sigui el motiu del viatge:<\/p>\n\n\n\n<ul class=\"wp-block-list\">\n<li>Fer mobilitat activa a peu o en bicicleta sempre que sigui possible, encara que nom\u00e9s sigui una part del trajecte.<\/li>\n\n\n\n<li>Compartir els despla\u00e7aments quan s&#8217;utilitza el cotxe.<\/li>\n\n\n\n<li>Substituir les reunions presencials per trobades en l\u00ednia, especialment si comporten despla\u00e7aments de llarga dist\u00e0ncia.<\/li>\n\n\n\n<li>Substituir l&#8217;avi\u00f3 pel tren en viatges on aquest mitj\u00e0 de transport \u00e9s competitiu en temps de despla\u00e7ament.<\/li>\n\n\n\n<li>En els viatges en avi\u00f3, evitar les escales i escollir les opcions de menors emissions (despla\u00e7ar-se en classe executiva les incrementa notablement).<\/li>\n<\/ul>\n\n\n<div class=\"wp-block-image\">\n<figure class=\"aligncenter size-large\"><img fetchpriority=\"high\" decoding=\"async\" width=\"631\" height=\"400\" src=\"https:\/\/www.ub.edu\/ossma\/wp-content\/uploads\/2025\/09\/2025-SEM-Cartell-A3-631x400.jpg\" alt=\"Cartell Setmana Europea Mobilitat 2025\" class=\"wp-image-94870\" srcset=\"https:\/\/www.ub.edu\/ossma\/wp-content\/uploads\/2025\/09\/2025-SEM-Cartell-A3-631x400.jpg 631w, https:\/\/www.ub.edu\/ossma\/wp-content\/uploads\/2025\/09\/2025-SEM-Cartell-A3-750x475.jpg 750w, https:\/\/www.ub.edu\/ossma\/wp-content\/uploads\/2025\/09\/2025-SEM-Cartell-A3-1536x974.jpg 1536w, https:\/\/www.ub.edu\/ossma\/wp-content\/uploads\/2025\/09\/2025-SEM-Cartell-A3.jpg 1754w\" sizes=\"(max-width: 631px) 100vw, 631px\" \/><\/figure>\n<\/div>\n\n<div class=\"wp-block-image\">\n<figure class=\"aligncenter size-large\"><img decoding=\"async\" width=\"533\" height=\"400\" src=\"https:\/\/www.ub.edu\/ossma\/wp-content\/uploads\/2025\/09\/Palau-Reial-sortida-metro-533x400.jpg\" alt=\"mobilitat: mitjans de transport a palau reial\" class=\"wp-image-94867\" srcset=\"https:\/\/www.ub.edu\/ossma\/wp-content\/uploads\/2025\/09\/Palau-Reial-sortida-metro-533x400.jpg 533w, https:\/\/www.ub.edu\/ossma\/wp-content\/uploads\/2025\/09\/Palau-Reial-sortida-metro-667x500.jpg 667w, https:\/\/www.ub.edu\/ossma\/wp-content\/uploads\/2025\/09\/Palau-Reial-sortida-metro-1536x1152.jpg 1536w, https:\/\/www.ub.edu\/ossma\/wp-content\/uploads\/2025\/09\/Palau-Reial-sortida-metro-2048x1536.jpg 2048w\" sizes=\"(max-width: 533px) 100vw, 533px\" \/><\/figure>\n<\/div>\n\n\n<p><\/p>\n","protected":false},"excerpt":{"rendered":"<p>Aprofitem la\u00a0Setmana Europea de la Mobilitat per recordar-vos diverses accions i projectes que la UB ha anat realitzant durant els darrers anys.<\/p>\n","protected":false},"author":1,"featured_media":38240,"comment_status":"closed","ping_status":"closed","sticky":false,"template":"","format":"standard","meta":{"advgb_blocks_editor_width":"","advgb_blocks_columns_visual_guide":"","footnotes":""},"categories":[20],"tags":[58,22,119,132,126],"class_list":["post-94873","post","type-post","status-publish","format-standard","has-post-thumbnail","hentry","category-actualitat-medi-ambient","tag-bicicleta","tag-mobilitat","tag-ods11","tag-ods13","tag-ods17"],"author_meta":{"display_name":"OSSMA","author_link":"https:\/\/www.ub.edu\/ossma\/en\/author\/ossmau1"},"featured_img":"https:\/\/www.ub.edu\/ossma\/wp-content\/uploads\/2022\/04\/1270x300-ossma-informa-300x71.png","coauthors":[],"tax_additional":{"categories":{"linked":["<a href=\"https:\/\/www.ub.edu\/ossma\/en\/actualitat-medi-ambient\" class=\"advgb-post-tax-term\">Medi Ambient<\/a>"],"unlinked":["<span class=\"advgb-post-tax-term\">Medi Ambient<\/span>"]},"tags":{"linked":["<a href=\"https:\/\/www.ub.edu\/ossma\/en\/actualitat-medi-ambient\" class=\"advgb-post-tax-term\">bicicleta<\/a>","<a href=\"https:\/\/www.ub.edu\/ossma\/en\/actualitat-medi-ambient\" class=\"advgb-post-tax-term\">mobilitat<\/a>","<a href=\"https:\/\/www.ub.edu\/ossma\/en\/actualitat-medi-ambient\" class=\"advgb-post-tax-term\">ods11<\/a>","<a href=\"https:\/\/www.ub.edu\/ossma\/en\/actualitat-medi-ambient\" class=\"advgb-post-tax-term\">ods13<\/a>","<a href=\"https:\/\/www.ub.edu\/ossma\/en\/actualitat-medi-ambient\" class=\"advgb-post-tax-term\">ods17<\/a>"],"unlinked":["<span class=\"advgb-post-tax-term\">bicicleta<\/span>","<span class=\"advgb-post-tax-term\">mobilitat<\/span>","<span class=\"advgb-post-tax-term\">ods11<\/span>","<span class=\"advgb-post-tax-term\">ods13<\/span>","<span class=\"advgb-post-tax-term\">ods17<\/span>"]}},"comment_count":"0","relative_dates":{"created":"Posted 8 months ago","modified":"Updated 8 months ago"},"absolute_dates":{"created":"Posted on 16\/09\/2025","modified":"Updated on 16\/09\/2025"},"absolute_dates_time":{"created":"Posted on 16\/09\/2025 9:07","modified":"Updated on 16\/09\/2025 9:08"},"featured_img_caption":"","series_order":"","_links":{"self":[{"href":"https:\/\/www.ub.edu\/ossma\/en\/wp-json\/wp\/v2\/posts\/94873","targetHints":{"allow":["GET"]}}],"collection":[{"href":"https:\/\/www.ub.edu\/ossma\/en\/wp-json\/wp\/v2\/posts"}],"about":[{"href":"https:\/\/www.ub.edu\/ossma\/en\/wp-json\/wp\/v2\/types\/post"}],"author":[{"embeddable":true,"href":"https:\/\/www.ub.edu\/ossma\/en\/wp-json\/wp\/v2\/users\/1"}],"replies":[{"embeddable":true,"href":"https:\/\/www.ub.edu\/ossma\/en\/wp-json\/wp\/v2\/comments?post=94873"}],"version-history":[{"count":3,"href":"https:\/\/www.ub.edu\/ossma\/en\/wp-json\/wp\/v2\/posts\/94873\/revisions"}],"predecessor-version":[{"id":94876,"href":"https:\/\/www.ub.edu\/ossma\/en\/wp-json\/wp\/v2\/posts\/94873\/revisions\/94876"}],"wp:featuredmedia":[{"embeddable":true,"href":"https:\/\/www.ub.edu\/ossma\/en\/wp-json\/wp\/v2\/media\/38240"}],"wp:attachment":[{"href":"https:\/\/www.ub.edu\/ossma\/en\/wp-json\/wp\/v2\/media?parent=94873"}],"wp:term":[{"taxonomy":"category","embeddable":true,"href":"https:\/\/www.ub.edu\/ossma\/en\/wp-json\/wp\/v2\/categories?post=94873"},{"taxonomy":"post_tag","embeddable":true,"href":"https:\/\/www.ub.edu\/ossma\/en\/wp-json\/wp\/v2\/tags?post=94873"}],"curies":[{"name":"wp","href":"https:\/\/api.w.org\/{rel}","templated":true}]}}