{"id":10109,"date":"2020-01-21T13:27:01","date_gmt":"2020-01-21T13:27:01","guid":{"rendered":"https:\/\/www.ub.edu\/ossma\/?p=10109"},"modified":"2024-02-06T09:09:21","modified_gmt":"2024-02-06T09:09:21","slug":"frase-gener-calendari-ub-2020","status":"publish","type":"post","link":"https:\/\/www.ub.edu\/ossma\/es\/actualitat-atencio-social\/frase-gener-calendari-ub-2020","title":{"rendered":"Calendari UB 2020: mes de gener"},"content":{"rendered":"\n<p>La Universitat de Barcelona \u2014a trav\u00e9s de l\u2019Oficina de Seguretat, Salut i Medi Ambient i en col\u00b7laboraci\u00f3 amb el Servei d\u2019Esports i Desenvolupament Web\u2014 va convocar el <strong>primer concurs de frases per al Calendari UB 2020<\/strong> i, despr\u00e9s d\u2019una selecci\u00f3 i de la posterior votaci\u00f3 electr\u00f2nica, s\u2019han triat les 12 millors frases amb la finalitat d\u2019inspirar els treballadors de la Universitat a tenir un millor ambient de treball.<\/p>\n\n\n\n<p>Per aquest motiu, volem compartir amb tota la comunitat universit\u00e0ria el primer calendari UB, que <strong>ha estat el resultat de la participaci\u00f3 del PDI i el PAS<\/strong>, i que s\u2019ha emmarcat dins dels Objectius de Desenvolupament Sostenible (ODS) de la Universitat.<\/p>\n\n\n\n<p><a rel=\"noopener noreferrer\" href=\"https:\/\/www.ub.edu\/ossma\/wp-content\/uploads\/2020\/01\/gener12-frases-calendari-2020.pdf\" target=\"_blank\">Calendari UB 2020: mes de gener<\/a>.<\/p>\n\n\n<div class=\"wp-block-image\">\n<figure class=\"aligncenter is-resized\"><img fetchpriority=\"high\" decoding=\"async\" width=\"966\" height=\"1024\" src=\"https:\/\/www.ub.edu\/ossma\/wp-content\/uploads\/2020\/01\/gener12-frases-calendari-2020-966x1024.jpg\" alt=\"Calendari UB 2020: gener\" class=\"wp-image-10121\" style=\"width:725px;height:768px\" srcset=\"https:\/\/www.ub.edu\/ossma\/wp-content\/uploads\/2020\/01\/gener12-frases-calendari-2020-966x1024.jpg 966w, https:\/\/www.ub.edu\/ossma\/wp-content\/uploads\/2020\/01\/gener12-frases-calendari-2020-283x300.jpg 283w, https:\/\/www.ub.edu\/ossma\/wp-content\/uploads\/2020\/01\/gener12-frases-calendari-2020.jpg 1076w\" sizes=\"(max-width: 966px) 100vw, 966px\" \/><\/figure>\n<\/div>\n\n\n<p><\/p>\n\n\n<div class=\"wp-block-image\">\n<figure class=\"aligncenter size-large\"><img decoding=\"async\" width=\"577\" height=\"1024\" src=\"https:\/\/www.ub.edu\/ossma\/wp-content\/uploads\/2020\/01\/calendari-pantalles-gener-02-577x1024.jpg\" alt=\"Il\u00b7lustraci\u00f3 d'una dona arreglant un ordinador, envoltada de cables i eines\" class=\"wp-image-10112\"\/><\/figure>\n<\/div>","protected":false},"excerpt":{"rendered":"<p>\u00abL&#8217;\u00fanica cosa que no surt \u00e9s all\u00f2 que deixes d&#8217;intentar: intenta-ho mil vegades\u00bb<\/p>\n","protected":false},"author":1,"featured_media":10112,"comment_status":"closed","ping_status":"closed","sticky":false,"template":"","format":"standard","meta":{"advgb_blocks_editor_width":"","advgb_blocks_columns_visual_guide":"","footnotes":""},"categories":[3],"tags":[424,238,124,125,76],"class_list":["post-10109","post","type-post","status-publish","format-standard","has-post-thumbnail","hentry","category-actualitat-atencio-social","tag-calendari-2020","tag-calendari-ub","tag-ods12","tag-ods8","tag-participacio"],"author_meta":{"display_name":"OSSMA","author_link":"https:\/\/www.ub.edu\/ossma\/es\/author\/ossmau1"},"featured_img":"https:\/\/www.ub.edu\/ossma\/wp-content\/uploads\/2020\/01\/calendari-pantalles-gener-02-169x300.jpg","coauthors":[],"tax_additional":{"categories":{"linked":["<a href=\"https:\/\/www.ub.edu\/ossma\/es\/actualitat-atencio-social\" class=\"advgb-post-tax-term\">Atenci\u00f3 social<\/a>"],"unlinked":["<span class=\"advgb-post-tax-term\">Atenci\u00f3 social<\/span>"]},"tags":{"linked":["<a href=\"https:\/\/www.ub.edu\/ossma\/es\/actualitat-atencio-social\" class=\"advgb-post-tax-term\">Calendari 2020<\/a>","<a href=\"https:\/\/www.ub.edu\/ossma\/es\/actualitat-atencio-social\" class=\"advgb-post-tax-term\">Calendari UB<\/a>","<a href=\"https:\/\/www.ub.edu\/ossma\/es\/actualitat-atencio-social\" class=\"advgb-post-tax-term\">ods12<\/a>","<a href=\"https:\/\/www.ub.edu\/ossma\/es\/actualitat-atencio-social\" class=\"advgb-post-tax-term\">ods8<\/a>","<a href=\"https:\/\/www.ub.edu\/ossma\/es\/actualitat-atencio-social\" class=\"advgb-post-tax-term\">participaci\u00f3<\/a>"],"unlinked":["<span class=\"advgb-post-tax-term\">Calendari 2020<\/span>","<span class=\"advgb-post-tax-term\">Calendari UB<\/span>","<span class=\"advgb-post-tax-term\">ods12<\/span>","<span class=\"advgb-post-tax-term\">ods8<\/span>","<span class=\"advgb-post-tax-term\">participaci\u00f3<\/span>"]}},"comment_count":"0","relative_dates":{"created":"Publicado 6 a\u00f1os hace","modified":"Actualizado 2 a\u00f1os hace"},"absolute_dates":{"created":"Publicado el 21 de enero de 2020","modified":"Actualizado el 6 de febrero de 2024"},"absolute_dates_time":{"created":"Publicado el 21 de enero de 2020 13:27","modified":"Actualizado el 6 de febrero de 2024 09:09"},"featured_img_caption":"","series_order":"","_links":{"self":[{"href":"https:\/\/www.ub.edu\/ossma\/es\/wp-json\/wp\/v2\/posts\/10109","targetHints":{"allow":["GET"]}}],"collection":[{"href":"https:\/\/www.ub.edu\/ossma\/es\/wp-json\/wp\/v2\/posts"}],"about":[{"href":"https:\/\/www.ub.edu\/ossma\/es\/wp-json\/wp\/v2\/types\/post"}],"author":[{"embeddable":true,"href":"https:\/\/www.ub.edu\/ossma\/es\/wp-json\/wp\/v2\/users\/1"}],"replies":[{"embeddable":true,"href":"https:\/\/www.ub.edu\/ossma\/es\/wp-json\/wp\/v2\/comments?post=10109"}],"version-history":[{"count":22,"href":"https:\/\/www.ub.edu\/ossma\/es\/wp-json\/wp\/v2\/posts\/10109\/revisions"}],"predecessor-version":[{"id":56938,"href":"https:\/\/www.ub.edu\/ossma\/es\/wp-json\/wp\/v2\/posts\/10109\/revisions\/56938"}],"wp:featuredmedia":[{"embeddable":true,"href":"https:\/\/www.ub.edu\/ossma\/es\/wp-json\/wp\/v2\/media\/10112"}],"wp:attachment":[{"href":"https:\/\/www.ub.edu\/ossma\/es\/wp-json\/wp\/v2\/media?parent=10109"}],"wp:term":[{"taxonomy":"category","embeddable":true,"href":"https:\/\/www.ub.edu\/ossma\/es\/wp-json\/wp\/v2\/categories?post=10109"},{"taxonomy":"post_tag","embeddable":true,"href":"https:\/\/www.ub.edu\/ossma\/es\/wp-json\/wp\/v2\/tags?post=10109"}],"curies":[{"name":"wp","href":"https:\/\/api.w.org\/{rel}","templated":true}]}}