{"id":10445,"date":"2020-02-12T15:52:00","date_gmt":"2020-02-12T15:52:00","guid":{"rendered":"https:\/\/www.ub.edu\/ossma\/?p=10445"},"modified":"2023-02-24T07:26:21","modified_gmt":"2023-02-24T07:26:21","slug":"jornada-prevencio-riscos-laboratoris-recerca-20200302","status":"publish","type":"post","link":"https:\/\/www.ub.edu\/ossma\/es\/actualitat-formacio\/jornada-prevencio-riscos-laboratoris-recerca-20200302","title":{"rendered":"Jornada sobre prevenci\u00f3 de riscos als laboratoris de recerca de la Universitat de Barcelona (02\/03\/2020)"},"content":{"rendered":"\n<p><strong>2 de mar\u00e7 de 2020 &#8211;&nbsp;Aula&nbsp;Enric Casassas de la Facultat de Qu\u00edmica<\/strong><\/p>\n\n\n\n<h2 class=\"wp-block-heading\">Programa<\/h2>\n\n\n\n<ul class=\"wp-block-list\">\n<li>9:00 h.<br>Presentaci\u00f3<\/li>\n\n\n\n<li>9:15 h.<br>Seguretat als laboratoris. Plans d&#8217;Autoprotecci\u00f3<br>Control de l&#8217;exposici\u00f3 a agents qu\u00edmics, f\u00edsics i biol\u00f2gics<\/li>\n\n\n\n<li>11:00 h.<br>Descans<\/li>\n\n\n\n<li>11:30 h.<br>Gesti\u00f3 de residus<br>Ergonomia del laboratori<br>Primers Auxilis<\/li>\n\n\n\n<li>13:30 h.<br>Consideracions finals<\/li>\n<\/ul>\n\n\n\n<p>Totes les exposicions seran efectuades per personal t\u00e8cnic de l&#8217;Oficina de Seguretat, Salut i Medi Ambient de la UB<\/p>\n\n\n\n<h2 class=\"wp-block-heading\">Inscripcions<\/h2>\n\n\n\n<p><strong>Inscripcions tancades<\/strong><\/p>\n\n\n\n<h2 class=\"wp-block-heading\">Documentaci\u00f3<\/h2>\n\n\n\n<p>Aqu\u00ed pots descarregar-te la documentaci\u00f3 corresponent a cada bloc de la jornada en format PDF:<\/p>\n\n\n\n<ul class=\"wp-block-list\">\n<li><a rel=\"noreferrer noopener\" href=\"http:\/\/ub.edu\/ossma\/wp-content\/uploads\/2016\/02\/jorn-seguretat.pdf\" target=\"_blank\">Seguretat als laboratoris. Plans d&#8217;Autoprotecci\u00f3<\/a> (2,16 Mb)<\/li>\n\n\n\n<li><a rel=\"noreferrer noopener\" href=\"http:\/\/ub.edu\/ossma\/wp-content\/uploads\/2016\/02\/jorn-higiene.pdf\" target=\"_blank\">Control de l&#8217;exposici\u00f3 a agents qu\u00edmics, f\u00edsics i biol\u00f2gics<\/a> (1,26 Mb)<\/li>\n\n\n\n<li><a rel=\"noreferrer noopener\" href=\"http:\/\/ub.edu\/ossma\/wp-content\/uploads\/2016\/02\/jorn-residus.pdf\" target=\"_blank\">Gesti\u00f3 de residus<\/a> (1,02 Mb)<\/li>\n\n\n\n<li><a rel=\"noreferrer noopener\" href=\"http:\/\/ub.edu\/ossma\/wp-content\/uploads\/2016\/02\/jorn-ergonomia.pdf\" target=\"_blank\">Ergonomia al laboratori<\/a> (4,10 Mb)<\/li>\n\n\n\n<li>V\u00eddeo <a rel=\"noreferrer noopener\" href=\"https:\/\/youtu.be\/snidbSPuXJA\" target=\"_blank\">Ergonomia al laboratori de la Universitat d\u2019UCLA<\/a><\/li>\n\n\n\n<li><a rel=\"noreferrer noopener\" href=\"http:\/\/ub.edu\/ossma\/wp-content\/uploads\/2016\/02\/jorn-primers-auxilis.pdf\" target=\"_blank\">Primers Auxilis<\/a> (1,84 Mb)<\/li>\n<\/ul>\n","protected":false},"excerpt":{"rendered":"<p>2 de mar\u00e7 de 2020 &#8211; Aula Enric Casassas de la Facultat de Qu\u00edmica<br \/>\nFormulari d&#8217;inscripci\u00f3<\/p>\n","protected":false},"author":1,"featured_media":10448,"comment_status":"closed","ping_status":"closed","sticky":false,"template":"","format":"standard","meta":{"advgb_blocks_editor_width":"","advgb_blocks_columns_visual_guide":"","footnotes":""},"categories":[33],"tags":[124,123,131,125],"class_list":["post-10445","post","type-post","status-publish","format-standard","has-post-thumbnail","hentry","category-actualitat-formacio","tag-ods12","tag-ods3","tag-ods4","tag-ods8"],"author_meta":{"display_name":"OSSMA","author_link":"https:\/\/www.ub.edu\/ossma\/es\/author\/ossmau1"},"featured_img":"https:\/\/www.ub.edu\/ossma\/wp-content\/uploads\/2020\/02\/investigador-laboratori-recerca-300x114.jpg","coauthors":[],"tax_additional":{"categories":{"linked":["<a href=\"https:\/\/www.ub.edu\/ossma\/es\/actualitat-formacio\" class=\"advgb-post-tax-term\">Formaci\u00f3<\/a>"],"unlinked":["<span class=\"advgb-post-tax-term\">Formaci\u00f3<\/span>"]},"tags":{"linked":["<a href=\"https:\/\/www.ub.edu\/ossma\/es\/actualitat-formacio\" class=\"advgb-post-tax-term\">ods12<\/a>","<a href=\"https:\/\/www.ub.edu\/ossma\/es\/actualitat-formacio\" class=\"advgb-post-tax-term\">ods3<\/a>","<a href=\"https:\/\/www.ub.edu\/ossma\/es\/actualitat-formacio\" class=\"advgb-post-tax-term\">ods4<\/a>","<a href=\"https:\/\/www.ub.edu\/ossma\/es\/actualitat-formacio\" class=\"advgb-post-tax-term\">ods8<\/a>"],"unlinked":["<span class=\"advgb-post-tax-term\">ods12<\/span>","<span class=\"advgb-post-tax-term\">ods3<\/span>","<span class=\"advgb-post-tax-term\">ods4<\/span>","<span class=\"advgb-post-tax-term\">ods8<\/span>"]}},"comment_count":"0","relative_dates":{"created":"Publicado 6 a\u00f1os hace","modified":"Actualizado 3 a\u00f1os hace"},"absolute_dates":{"created":"Publicado el 12 de febrero de 2020","modified":"Actualizado el 24 de febrero de 2023"},"absolute_dates_time":{"created":"Publicado el 12 de febrero de 2020 15:52","modified":"Actualizado el 24 de febrero de 2023 07:26"},"featured_img_caption":"","series_order":"","_links":{"self":[{"href":"https:\/\/www.ub.edu\/ossma\/es\/wp-json\/wp\/v2\/posts\/10445","targetHints":{"allow":["GET"]}}],"collection":[{"href":"https:\/\/www.ub.edu\/ossma\/es\/wp-json\/wp\/v2\/posts"}],"about":[{"href":"https:\/\/www.ub.edu\/ossma\/es\/wp-json\/wp\/v2\/types\/post"}],"author":[{"embeddable":true,"href":"https:\/\/www.ub.edu\/ossma\/es\/wp-json\/wp\/v2\/users\/1"}],"replies":[{"embeddable":true,"href":"https:\/\/www.ub.edu\/ossma\/es\/wp-json\/wp\/v2\/comments?post=10445"}],"version-history":[{"count":12,"href":"https:\/\/www.ub.edu\/ossma\/es\/wp-json\/wp\/v2\/posts\/10445\/revisions"}],"predecessor-version":[{"id":45490,"href":"https:\/\/www.ub.edu\/ossma\/es\/wp-json\/wp\/v2\/posts\/10445\/revisions\/45490"}],"wp:featuredmedia":[{"embeddable":true,"href":"https:\/\/www.ub.edu\/ossma\/es\/wp-json\/wp\/v2\/media\/10448"}],"wp:attachment":[{"href":"https:\/\/www.ub.edu\/ossma\/es\/wp-json\/wp\/v2\/media?parent=10445"}],"wp:term":[{"taxonomy":"category","embeddable":true,"href":"https:\/\/www.ub.edu\/ossma\/es\/wp-json\/wp\/v2\/categories?post=10445"},{"taxonomy":"post_tag","embeddable":true,"href":"https:\/\/www.ub.edu\/ossma\/es\/wp-json\/wp\/v2\/tags?post=10445"}],"curies":[{"name":"wp","href":"https:\/\/api.w.org\/{rel}","templated":true}]}}