{"id":11228,"date":"2020-03-06T11:41:42","date_gmt":"2020-03-06T11:41:42","guid":{"rendered":"https:\/\/www.ub.edu\/ossma\/?p=11228"},"modified":"2023-02-23T07:39:12","modified_gmt":"2023-02-23T07:39:12","slug":"una-bona-alimentacio-clau-per-a-la-prevencio-del-cancer-de-colon","status":"publish","type":"post","link":"https:\/\/www.ub.edu\/ossma\/es\/actualitat-atencio-social\/una-bona-alimentacio-clau-per-a-la-prevencio-del-cancer-de-colon","title":{"rendered":"Una bona alimentaci\u00f3, clau per a la prevenci\u00f3 del c\u00e0ncer de c\u00f2lon"},"content":{"rendered":"<div style=\"background-color: #1f6617; padding: 10px; clear: both; color: #fff; margin-bottom: 10px;\">\n<p style=\"text-align: right;\"><em><strong>Programa Solidaritat a l\u2019Empresa<\/strong>\u00a0 Mar\u00e7 2020<\/em><\/p>\n<p><strong>El consell saludable del mes:<\/strong><\/p>\n<p style=\"background: #1F6617;\">UNA BONA ALIMENTACI\u00d3, CLAU PER A LA PREVENCI\u00d3 DEL C\u00c0NCER DE C\u00d2LON<\/p>\n<\/div>\n<p><strong>La teva salut, primer<br \/>\n<\/strong><strong>Mar\u00e7 2020<\/strong><\/p>\n<p>En la prevenci\u00f3 del c\u00e0ncer de c\u00f2lon, hi ha aliments que podem tenir en compte, tant per incrementar-ne com per reduir-ne el consum, sempre dins d\u2019una dieta equilibrada. Aix\u00ed doncs, el consum d\u2019aliments rics en fibra, i tamb\u00e9 de fruites i verdures, permet participar activament en la prevenci\u00f3 d\u2019aquest tipus de c\u00e0ncer. D\u2019altra banda, un alt contingut de greixos saturats i el consum d\u2019alcohol es consideren factors de risc per desenvolupar-lo.<\/p>\n<p><a href=\"https:\/\/blog.aecc.es\/alimentacion-y-cancer-de-colon\/?utm_source=TuSaludesloPrimero&amp;utm_medium=Email&amp;utm_campaign=Empresas\" target=\"_blank\" rel=\"noopener\">Per a m\u00e9s informaci\u00f3<\/a><\/p>\n<p><img fetchpriority=\"high\" decoding=\"async\" class=\"aligncenter size-full wp-image-11220\" src=\"https:\/\/www.ub.edu\/ossma\/wp-content\/uploads\/2020\/03\/AECCmar\u00e72020.jpg\" alt=\"\" width=\"560\" height=\"370\" \/><\/p>\n","protected":false},"excerpt":{"rendered":"<p>Programa Solidaritat a l&#8217;Empresa.<br \/>\nConsell saludable del mes de mar\u00e7 de l&#8217;AECC.<\/p>\n","protected":false},"author":1,"featured_media":11220,"comment_status":"closed","ping_status":"closed","sticky":false,"template":"","format":"standard","meta":{"advgb_blocks_editor_width":"","advgb_blocks_columns_visual_guide":"","footnotes":""},"categories":[3,21],"tags":[49,123,45,50],"class_list":["post-11228","post","type-post","status-publish","format-standard","has-post-thumbnail","hentry","category-actualitat-atencio-social","category-actualitat-medicina-del-treball","tag-aecc","tag-ods3","tag-salut","tag-ub-saludable"],"author_meta":{"display_name":"OSSMA","author_link":"https:\/\/www.ub.edu\/ossma\/es\/author\/ossmau1"},"featured_img":"https:\/\/www.ub.edu\/ossma\/wp-content\/uploads\/2020\/03\/AECCmar\u00e72020-300x198.jpg","coauthors":[],"tax_additional":{"categories":{"linked":["<a href=\"https:\/\/www.ub.edu\/ossma\/es\/actualitat-atencio-social\" class=\"advgb-post-tax-term\">Atenci\u00f3 social<\/a>","<a href=\"https:\/\/www.ub.edu\/ossma\/es\/actualitat-medicina-del-treball\" class=\"advgb-post-tax-term\">Medicina del treball<\/a>"],"unlinked":["<span class=\"advgb-post-tax-term\">Atenci\u00f3 social<\/span>","<span class=\"advgb-post-tax-term\">Medicina del treball<\/span>"]},"tags":{"linked":["<a href=\"https:\/\/www.ub.edu\/ossma\/es\/actualitat-medicina-del-treball\" class=\"advgb-post-tax-term\">AECC<\/a>","<a href=\"https:\/\/www.ub.edu\/ossma\/es\/actualitat-medicina-del-treball\" class=\"advgb-post-tax-term\">ods3<\/a>","<a href=\"https:\/\/www.ub.edu\/ossma\/es\/actualitat-medicina-del-treball\" class=\"advgb-post-tax-term\">salut<\/a>","<a href=\"https:\/\/www.ub.edu\/ossma\/es\/actualitat-medicina-del-treball\" class=\"advgb-post-tax-term\">UB Saludable<\/a>"],"unlinked":["<span class=\"advgb-post-tax-term\">AECC<\/span>","<span class=\"advgb-post-tax-term\">ods3<\/span>","<span class=\"advgb-post-tax-term\">salut<\/span>","<span class=\"advgb-post-tax-term\">UB Saludable<\/span>"]}},"comment_count":"0","relative_dates":{"created":"Publicado 6 a\u00f1os hace","modified":"Actualizado 3 a\u00f1os hace"},"absolute_dates":{"created":"Publicado el 6 de marzo de 2020","modified":"Actualizado el 23 de febrero de 2023"},"absolute_dates_time":{"created":"Publicado el 6 de marzo de 2020 11:41","modified":"Actualizado el 23 de febrero de 2023 07:39"},"featured_img_caption":"","series_order":"","_links":{"self":[{"href":"https:\/\/www.ub.edu\/ossma\/es\/wp-json\/wp\/v2\/posts\/11228","targetHints":{"allow":["GET"]}}],"collection":[{"href":"https:\/\/www.ub.edu\/ossma\/es\/wp-json\/wp\/v2\/posts"}],"about":[{"href":"https:\/\/www.ub.edu\/ossma\/es\/wp-json\/wp\/v2\/types\/post"}],"author":[{"embeddable":true,"href":"https:\/\/www.ub.edu\/ossma\/es\/wp-json\/wp\/v2\/users\/1"}],"replies":[{"embeddable":true,"href":"https:\/\/www.ub.edu\/ossma\/es\/wp-json\/wp\/v2\/comments?post=11228"}],"version-history":[{"count":6,"href":"https:\/\/www.ub.edu\/ossma\/es\/wp-json\/wp\/v2\/posts\/11228\/revisions"}],"predecessor-version":[{"id":45421,"href":"https:\/\/www.ub.edu\/ossma\/es\/wp-json\/wp\/v2\/posts\/11228\/revisions\/45421"}],"wp:featuredmedia":[{"embeddable":true,"href":"https:\/\/www.ub.edu\/ossma\/es\/wp-json\/wp\/v2\/media\/11220"}],"wp:attachment":[{"href":"https:\/\/www.ub.edu\/ossma\/es\/wp-json\/wp\/v2\/media?parent=11228"}],"wp:term":[{"taxonomy":"category","embeddable":true,"href":"https:\/\/www.ub.edu\/ossma\/es\/wp-json\/wp\/v2\/categories?post=11228"},{"taxonomy":"post_tag","embeddable":true,"href":"https:\/\/www.ub.edu\/ossma\/es\/wp-json\/wp\/v2\/tags?post=11228"}],"curies":[{"name":"wp","href":"https:\/\/api.w.org\/{rel}","templated":true}]}}