{"id":19533,"date":"2020-07-01T07:23:44","date_gmt":"2020-07-01T07:23:44","guid":{"rendered":"https:\/\/www.ub.edu\/ossma\/?p=19533"},"modified":"2024-02-06T08:55:39","modified_gmt":"2024-02-06T08:55:39","slug":"calendari-ub-2020-mes-juliol","status":"publish","type":"post","link":"https:\/\/www.ub.edu\/ossma\/es\/actualitat-atencio-social\/calendari-ub-2020-mes-juliol","title":{"rendered":"Calendari UB 2020: mes de juliol"},"content":{"rendered":"\n<p>La Universitat de Barcelona \u2014a trav\u00e9s de l\u2019Oficina de Seguretat, Salut i Medi Ambient i en col\u00b7laboraci\u00f3 amb el Servei d\u2019Esports i Desenvolupament Web\u2014 va convocar el <strong>primer concurs de frases per al Calendari UB 2020<\/strong> i, despr\u00e9s d\u2019una selecci\u00f3 i de la posterior votaci\u00f3 electr\u00f2nica, s\u2019han triat les 12 millors frases amb la finalitat d\u2019inspirar els treballadors de la Universitat a tenir un millor ambient de treball.<\/p>\n\n\n\n<p>Per aquest motiu , volem compartir amb tota la comunitat universit\u00e0ria el primer calendari UB, que <strong>ha estat el resultat de la participaci\u00f3 del PDI i el PAS<\/strong>, i que s\u2019ha emmarcar dins dels Objectius de Desenvolupament Sostenible (ODS) de la Universitat.<\/p>\n\n\n\n<p><a rel=\"noreferrer noopener\" href=\"https:\/\/www.ub.edu\/ossma\/wp-content\/uploads\/2020\/06\/12-frases-calendari-2020-juliol.jpg\" target=\"_blank\">Calendari UB 2020: mes de juliol<\/a><\/p>\n\n\n<div class=\"wp-block-image\">\n<figure class=\"aligncenter size-large\"><img fetchpriority=\"high\" decoding=\"async\" width=\"551\" height=\"590\" src=\"https:\/\/www.ub.edu\/ossma\/wp-content\/uploads\/2020\/06\/12-frases-calendari-2020-juliol.jpg\" alt=\"Frases calendari: Juliol\" class=\"wp-image-19534\"\/><\/figure>\n<\/div>\n\n\n<h2 class=\"wp-block-heading\">Mesos anteriors<\/h2>\n\n\n\n<div class=\"wp-block-columns is-layout-flex wp-container-core-columns-is-layout-9d6595d7 wp-block-columns-is-layout-flex\">\n<div class=\"wp-block-column is-layout-flow wp-block-column-is-layout-flow\">\n<figure class=\"wp-block-image size-large is-style-rounded\"><img decoding=\"async\" width=\"966\" height=\"1024\" src=\"https:\/\/www.ub.edu\/ossma\/wp-content\/uploads\/2020\/01\/gener12-frases-calendari-2020-966x1024.jpg\" alt=\"Frases calendari: gener\" class=\"wp-image-10121\" srcset=\"https:\/\/www.ub.edu\/ossma\/wp-content\/uploads\/2020\/01\/gener12-frases-calendari-2020-966x1024.jpg 966w, https:\/\/www.ub.edu\/ossma\/wp-content\/uploads\/2020\/01\/gener12-frases-calendari-2020-283x300.jpg 283w, https:\/\/www.ub.edu\/ossma\/wp-content\/uploads\/2020\/01\/gener12-frases-calendari-2020.jpg 1076w\" sizes=\"(max-width: 966px) 100vw, 966px\" \/><figcaption class=\"wp-element-caption\"><strong><a href=\"https:\/\/www.ub.edu\/ossma\/wp-content\/uploads\/2020\/01\/gener12-frases-calendari-2020.jpg\" target=\"_blank\" rel=\"noreferrer noopener\">Gener<\/a><\/strong><\/figcaption><\/figure>\n\n\n\n<figure class=\"wp-block-image size-large is-style-rounded\"><img decoding=\"async\" width=\"551\" height=\"590\" src=\"https:\/\/www.ub.edu\/ossma\/wp-content\/uploads\/2020\/06\/12-frases-calendari-2020-abril-3.jpg\" alt=\"\" class=\"wp-image-17958\" srcset=\"https:\/\/www.ub.edu\/ossma\/wp-content\/uploads\/2020\/06\/12-frases-calendari-2020-abril-3.jpg 551w, https:\/\/www.ub.edu\/ossma\/wp-content\/uploads\/2020\/06\/12-frases-calendari-2020-abril-3-280x300.jpg 280w\" sizes=\"(max-width: 551px) 100vw, 551px\" \/><figcaption class=\"wp-element-caption\"><strong><a href=\"https:\/\/www.ub.edu\/ossma\/wp-content\/uploads\/2020\/06\/12-frases-calendari-2020-abril-3.jpg\" target=\"_blank\" rel=\"noreferrer noopener\">Abril<\/a><\/strong><\/figcaption><\/figure>\n\n\n\n<p><\/p>\n<\/div>\n\n\n\n<div class=\"wp-block-column is-layout-flow wp-block-column-is-layout-flow\">\n<figure class=\"wp-block-image size-large is-style-rounded\"><img loading=\"lazy\" decoding=\"async\" width=\"956\" height=\"1024\" src=\"https:\/\/www.ub.edu\/ossma\/wp-content\/uploads\/2020\/01\/febrer-12-frases-calendari-2020_-956x1024.jpg\" alt=\"\" class=\"wp-image-10292\"\/><figcaption class=\"wp-element-caption\"><strong><a href=\"https:\/\/www.ub.edu\/ossma\/wp-content\/uploads\/2020\/01\/febrer-12-frases-calendari-2020_-e1580480757928.jpg\" target=\"_blank\" rel=\"noreferrer noopener\">Febrer<\/a><\/strong><\/figcaption><\/figure>\n\n\n\n<figure class=\"wp-block-image size-large is-style-rounded\"><img loading=\"lazy\" decoding=\"async\" width=\"551\" height=\"590\" src=\"https:\/\/www.ub.edu\/ossma\/wp-content\/uploads\/2020\/06\/12-frases-calendari-2020-maig-3.jpg\" alt=\"\" class=\"wp-image-17959\" srcset=\"https:\/\/www.ub.edu\/ossma\/wp-content\/uploads\/2020\/06\/12-frases-calendari-2020-maig-3.jpg 551w, https:\/\/www.ub.edu\/ossma\/wp-content\/uploads\/2020\/06\/12-frases-calendari-2020-maig-3-280x300.jpg 280w\" sizes=\"(max-width: 551px) 100vw, 551px\" \/><figcaption class=\"wp-element-caption\"><strong><a href=\"https:\/\/www.ub.edu\/ossma\/wp-content\/uploads\/2020\/06\/12-frases-calendari-2020-maig-3.jpg\" target=\"_blank\" rel=\"noreferrer noopener\">Maig<\/a><\/strong><\/figcaption><\/figure>\n\n\n\n<p><\/p>\n<\/div>\n\n\n\n<div class=\"wp-block-column is-layout-flow wp-block-column-is-layout-flow\">\n<figure class=\"wp-block-image size-large is-style-rounded\"><img loading=\"lazy\" decoding=\"async\" width=\"956\" height=\"1024\" src=\"https:\/\/www.ub.edu\/ossma\/wp-content\/uploads\/2020\/02\/mar\u00e7-12-frases-calendari-2020_P\u00e1gina_05-956x1024.jpg\" alt=\"\" class=\"wp-image-11122\"\/><figcaption class=\"wp-element-caption\"><a href=\"https:\/\/www.ub.edu\/ossma\/wp-content\/uploads\/2020\/02\/mar\u00e7-12-frases-calendari-2020_P\u00e1gina_05-e1582803214182.jpg\" target=\"_blank\" rel=\"noreferrer noopener\"><strong>Mar\u00e7<\/strong><\/a><\/figcaption><\/figure>\n\n\n\n<figure class=\"wp-block-image size-large is-style-rounded\"><img loading=\"lazy\" decoding=\"async\" width=\"551\" height=\"590\" src=\"https:\/\/www.ub.edu\/ossma\/wp-content\/uploads\/2020\/06\/12-frases-calendari-2020-juny.jpg\" alt=\"\" class=\"wp-image-18009\" srcset=\"https:\/\/www.ub.edu\/ossma\/wp-content\/uploads\/2020\/06\/12-frases-calendari-2020-juny.jpg 551w, https:\/\/www.ub.edu\/ossma\/wp-content\/uploads\/2020\/06\/12-frases-calendari-2020-juny-280x300.jpg 280w\" sizes=\"(max-width: 551px) 100vw, 551px\" \/><figcaption class=\"wp-element-caption\"><strong><a href=\"https:\/\/www.ub.edu\/ossma\/wp-content\/uploads\/2020\/06\/12-frases-calendari-2020-juny.jpg\" target=\"_blank\" rel=\"noreferrer noopener\">Juny<\/a><\/strong><\/figcaption><\/figure>\n\n\n\n<p><\/p>\n<\/div>\n<\/div>\n\n\n\n<p><\/p>\n","protected":false},"excerpt":{"rendered":"<p>\u00abMou-te di\u00e0riament: el cos i la ment s&#8217;ho mereixen. Sigues agra\u00eft amb la vida\u00bb.<\/p>\n","protected":false},"author":1,"featured_media":19534,"comment_status":"closed","ping_status":"closed","sticky":false,"template":"","format":"standard","meta":{"advgb_blocks_editor_width":"","advgb_blocks_columns_visual_guide":"","footnotes":""},"categories":[3],"tags":[424,238,124,125,76],"class_list":["post-19533","post","type-post","status-publish","format-standard","has-post-thumbnail","hentry","category-actualitat-atencio-social","tag-calendari-2020","tag-calendari-ub","tag-ods12","tag-ods8","tag-participacio"],"author_meta":{"display_name":"OSSMA","author_link":"https:\/\/www.ub.edu\/ossma\/es\/author\/ossmau1"},"featured_img":"https:\/\/www.ub.edu\/ossma\/wp-content\/uploads\/2020\/06\/12-frases-calendari-2020-juliol.jpg","coauthors":[],"tax_additional":{"categories":{"linked":["<a href=\"https:\/\/www.ub.edu\/ossma\/es\/actualitat-atencio-social\" class=\"advgb-post-tax-term\">Atenci\u00f3 social<\/a>"],"unlinked":["<span class=\"advgb-post-tax-term\">Atenci\u00f3 social<\/span>"]},"tags":{"linked":["<a href=\"https:\/\/www.ub.edu\/ossma\/es\/actualitat-atencio-social\" class=\"advgb-post-tax-term\">Calendari 2020<\/a>","<a href=\"https:\/\/www.ub.edu\/ossma\/es\/actualitat-atencio-social\" class=\"advgb-post-tax-term\">Calendari UB<\/a>","<a href=\"https:\/\/www.ub.edu\/ossma\/es\/actualitat-atencio-social\" class=\"advgb-post-tax-term\">ods12<\/a>","<a href=\"https:\/\/www.ub.edu\/ossma\/es\/actualitat-atencio-social\" class=\"advgb-post-tax-term\">ods8<\/a>","<a href=\"https:\/\/www.ub.edu\/ossma\/es\/actualitat-atencio-social\" class=\"advgb-post-tax-term\">participaci\u00f3<\/a>"],"unlinked":["<span class=\"advgb-post-tax-term\">Calendari 2020<\/span>","<span class=\"advgb-post-tax-term\">Calendari UB<\/span>","<span class=\"advgb-post-tax-term\">ods12<\/span>","<span class=\"advgb-post-tax-term\">ods8<\/span>","<span class=\"advgb-post-tax-term\">participaci\u00f3<\/span>"]}},"comment_count":"0","relative_dates":{"created":"Publicado 6 a\u00f1os hace","modified":"Actualizado 2 a\u00f1os hace"},"absolute_dates":{"created":"Publicado el 1 de julio de 2020","modified":"Actualizado el 6 de febrero de 2024"},"absolute_dates_time":{"created":"Publicado el 1 de julio de 2020 07:23","modified":"Actualizado el 6 de febrero de 2024 08:55"},"featured_img_caption":"","series_order":"","_links":{"self":[{"href":"https:\/\/www.ub.edu\/ossma\/es\/wp-json\/wp\/v2\/posts\/19533","targetHints":{"allow":["GET"]}}],"collection":[{"href":"https:\/\/www.ub.edu\/ossma\/es\/wp-json\/wp\/v2\/posts"}],"about":[{"href":"https:\/\/www.ub.edu\/ossma\/es\/wp-json\/wp\/v2\/types\/post"}],"author":[{"embeddable":true,"href":"https:\/\/www.ub.edu\/ossma\/es\/wp-json\/wp\/v2\/users\/1"}],"replies":[{"embeddable":true,"href":"https:\/\/www.ub.edu\/ossma\/es\/wp-json\/wp\/v2\/comments?post=19533"}],"version-history":[{"count":7,"href":"https:\/\/www.ub.edu\/ossma\/es\/wp-json\/wp\/v2\/posts\/19533\/revisions"}],"predecessor-version":[{"id":56929,"href":"https:\/\/www.ub.edu\/ossma\/es\/wp-json\/wp\/v2\/posts\/19533\/revisions\/56929"}],"wp:featuredmedia":[{"embeddable":true,"href":"https:\/\/www.ub.edu\/ossma\/es\/wp-json\/wp\/v2\/media\/19534"}],"wp:attachment":[{"href":"https:\/\/www.ub.edu\/ossma\/es\/wp-json\/wp\/v2\/media?parent=19533"}],"wp:term":[{"taxonomy":"category","embeddable":true,"href":"https:\/\/www.ub.edu\/ossma\/es\/wp-json\/wp\/v2\/categories?post=19533"},{"taxonomy":"post_tag","embeddable":true,"href":"https:\/\/www.ub.edu\/ossma\/es\/wp-json\/wp\/v2\/tags?post=19533"}],"curies":[{"name":"wp","href":"https:\/\/api.w.org\/{rel}","templated":true}]}}