{"id":36764,"date":"2022-03-04T08:10:36","date_gmt":"2022-03-04T08:10:36","guid":{"rendered":"https:\/\/www.ub.edu\/ossma?p=36764"},"modified":"2022-03-04T13:48:47","modified_gmt":"2022-03-04T13:48:47","slug":"recollida-taps-solidaris-03-22","status":"publish","type":"post","link":"https:\/\/www.ub.edu\/ossma\/es\/actualitat-atencio-social\/recollida-taps-solidaris-03-22","title":{"rendered":"Nova recollida de taps solidaris per la Fundaci\u00f3n Noelia: 138,5 kg"},"content":{"rendered":"\n<p>La Fundaci\u00f3n Noelia ha fet una nova recollida de taps solidaris. En total han estat 138,5 quilograms de taps que la comunitat universit\u00e0ria ha anat dipositant des del passat octubre als contenidors&nbsp;disponibles a les biblioteques del CRAI i a les facultats de Belles Arts i de Ci\u00e8ncies de la Terra. Gr\u00e0cies a totes i tots per col\u00b7laborar-hi!<\/p>\n\n\n\n<p>Es tracta de la sisena recollida que la Fundaci\u00f3n Noelia ha fet des que el&nbsp;<a rel=\"noreferrer noopener\" href=\"https:\/\/www.ub.edu\/ossma\/actualitat-atencio-social\/ub-sadhereix-projecte-taps-solidaris-fundacion-noelia\" target=\"_blank\">projecte de recollida de taps solidaris<\/a>&nbsp;es va rellan\u00e7ar el mar\u00e7 de 2019. En total ja portem 725 kg recollits. Cal tenir present que els recursos que s\u2019obtinguin amb aquest material es destinaran a la investigaci\u00f3 de la distr\u00f2fia muscular cong\u00e8nita per d\u00e8ficit de col\u00b7lagen VI.<\/p>\n\n\n\n<p>Els contenidors segueixen disponibles per rebre els vostres taps, animeu-vos a participar-hi!<\/p>\n\n\n\n<figure class=\"wp-block-image size-large\"><img fetchpriority=\"high\" decoding=\"async\" width=\"1024\" height=\"768\" src=\"https:\/\/www.ub.edu\/ossma\/wp-content\/uploads\/2017\/06\/recollidadetaps-1024x768.jpg\" alt=\"\" class=\"wp-image-6577\" srcset=\"https:\/\/www.ub.edu\/ossma\/wp-content\/uploads\/2017\/06\/recollidadetaps.jpg 1024w, https:\/\/www.ub.edu\/ossma\/wp-content\/uploads\/2017\/06\/recollidadetaps-300x225.jpg 300w\" sizes=\"(max-width: 1024px) 100vw, 1024px\" \/><\/figure>\n","protected":false},"excerpt":{"rendered":"<p>El 4 de mar\u00e7 la Fundaci\u00f3n Noelia va recollir 138,5 kg de taps que la comunitat universit\u00e0ria ha dipositat als contenidors desplegats a UB<\/p>\n","protected":false},"author":1,"featured_media":29247,"comment_status":"closed","ping_status":"closed","sticky":false,"template":"","format":"standard","meta":{"advgb_blocks_editor_width":"","advgb_blocks_columns_visual_guide":"","footnotes":""},"categories":[3,20],"tags":[75,124,123,28,27,209],"class_list":["post-36764","post","type-post","status-publish","format-standard","has-post-thumbnail","hentry","category-actualitat-atencio-social","category-actualitat-medi-ambient","tag-cooperacio","tag-ods12","tag-ods3","tag-recursos","tag-residus","tag-taps-solidaris"],"author_meta":{"display_name":"OSSMA","author_link":"https:\/\/www.ub.edu\/ossma\/es\/author\/ossmau1"},"featured_img":"https:\/\/www.ub.edu\/ossma\/wp-content\/uploads\/2021\/10\/1270x300-capcalera-taps-web-300x71.jpg","coauthors":[],"tax_additional":{"categories":{"linked":["<a href=\"https:\/\/www.ub.edu\/ossma\/es\/actualitat-atencio-social\" class=\"advgb-post-tax-term\">Atenci\u00f3 social<\/a>","<a href=\"https:\/\/www.ub.edu\/ossma\/es\/actualitat-medi-ambient\" class=\"advgb-post-tax-term\">Medi Ambient<\/a>"],"unlinked":["<span class=\"advgb-post-tax-term\">Atenci\u00f3 social<\/span>","<span class=\"advgb-post-tax-term\">Medi Ambient<\/span>"]},"tags":{"linked":["<a href=\"https:\/\/www.ub.edu\/ossma\/es\/actualitat-medi-ambient\" class=\"advgb-post-tax-term\">cooperaci\u00f3<\/a>","<a href=\"https:\/\/www.ub.edu\/ossma\/es\/actualitat-medi-ambient\" class=\"advgb-post-tax-term\">ods12<\/a>","<a href=\"https:\/\/www.ub.edu\/ossma\/es\/actualitat-medi-ambient\" class=\"advgb-post-tax-term\">ods3<\/a>","<a href=\"https:\/\/www.ub.edu\/ossma\/es\/actualitat-medi-ambient\" class=\"advgb-post-tax-term\">recursos<\/a>","<a href=\"https:\/\/www.ub.edu\/ossma\/es\/actualitat-medi-ambient\" class=\"advgb-post-tax-term\">residus<\/a>","<a href=\"https:\/\/www.ub.edu\/ossma\/es\/actualitat-medi-ambient\" class=\"advgb-post-tax-term\">Taps solidaris<\/a>"],"unlinked":["<span class=\"advgb-post-tax-term\">cooperaci\u00f3<\/span>","<span class=\"advgb-post-tax-term\">ods12<\/span>","<span class=\"advgb-post-tax-term\">ods3<\/span>","<span class=\"advgb-post-tax-term\">recursos<\/span>","<span class=\"advgb-post-tax-term\">residus<\/span>","<span class=\"advgb-post-tax-term\">Taps solidaris<\/span>"]}},"comment_count":"0","relative_dates":{"created":"Publicado 4 a\u00f1os hace","modified":"Actualizado 4 a\u00f1os hace"},"absolute_dates":{"created":"Publicado el 4 de marzo de 2022","modified":"Actualizado el 4 de marzo de 2022"},"absolute_dates_time":{"created":"Publicado el 4 de marzo de 2022 08:10","modified":"Actualizado el 4 de marzo de 2022 13:48"},"featured_img_caption":"","series_order":"","_links":{"self":[{"href":"https:\/\/www.ub.edu\/ossma\/es\/wp-json\/wp\/v2\/posts\/36764","targetHints":{"allow":["GET"]}}],"collection":[{"href":"https:\/\/www.ub.edu\/ossma\/es\/wp-json\/wp\/v2\/posts"}],"about":[{"href":"https:\/\/www.ub.edu\/ossma\/es\/wp-json\/wp\/v2\/types\/post"}],"author":[{"embeddable":true,"href":"https:\/\/www.ub.edu\/ossma\/es\/wp-json\/wp\/v2\/users\/1"}],"replies":[{"embeddable":true,"href":"https:\/\/www.ub.edu\/ossma\/es\/wp-json\/wp\/v2\/comments?post=36764"}],"version-history":[{"count":2,"href":"https:\/\/www.ub.edu\/ossma\/es\/wp-json\/wp\/v2\/posts\/36764\/revisions"}],"predecessor-version":[{"id":36766,"href":"https:\/\/www.ub.edu\/ossma\/es\/wp-json\/wp\/v2\/posts\/36764\/revisions\/36766"}],"wp:featuredmedia":[{"embeddable":true,"href":"https:\/\/www.ub.edu\/ossma\/es\/wp-json\/wp\/v2\/media\/29247"}],"wp:attachment":[{"href":"https:\/\/www.ub.edu\/ossma\/es\/wp-json\/wp\/v2\/media?parent=36764"}],"wp:term":[{"taxonomy":"category","embeddable":true,"href":"https:\/\/www.ub.edu\/ossma\/es\/wp-json\/wp\/v2\/categories?post=36764"},{"taxonomy":"post_tag","embeddable":true,"href":"https:\/\/www.ub.edu\/ossma\/es\/wp-json\/wp\/v2\/tags?post=36764"}],"curies":[{"name":"wp","href":"https:\/\/api.w.org\/{rel}","templated":true}]}}