{"id":36866,"date":"2022-03-10T08:39:00","date_gmt":"2022-03-10T08:39:00","guid":{"rendered":"https:\/\/www.ub.edu\/ossma?p=36866"},"modified":"2023-02-24T07:44:35","modified_gmt":"2023-02-24T07:44:35","slug":"en-marxa-la-flota-ubici","status":"publish","type":"post","link":"https:\/\/www.ub.edu\/ossma\/es\/actualitat-medi-ambient\/en-marxa-la-flota-ubici","title":{"rendered":"Ja est\u00e0 en marxa la Flota UBici"},"content":{"rendered":"\n<p>Aquesta setmana s&#8217;han distribu\u00eft les primeres bicicletes de la <strong>Flota UBici<\/strong>, que diversos departaments, seccions departamentals i unitats administratives utilitzaran com a&nbsp;<strong>mitj\u00e0 de transport per a despla\u00e7aments per motius de&nbsp;feina (reunions, visites, etc.), amb un \u00fas compartit<\/strong> entre el personal que les vulgui utilitzar.<\/p>\n\n\n\n<p>Les bicicletes s\u00f3n plegables, estan equipades amb accessoris de seguretat (casc i cadenat), i se\u2019ls far\u00e0 un manteniment trimestral. Les bicicletes es troben incloses en l\u2019asseguran\u00e7a general de la Universitat de Barcelona, amb les cobertures b\u00e0siques de responsabilitat civil, sempre que s\u2019utilitzin per motius de feina.<\/p>\n\n\n\n<figure class=\"wp-block-image size-large\"><img fetchpriority=\"high\" decoding=\"async\" width=\"1024\" height=\"768\" src=\"https:\/\/www.ub.edu\/ossma\/wp-content\/uploads\/2022\/03\/flota-ubici-01-1024x768.jpg\" alt=\"Bicicletes de la flota UBici a la Facultat de Biologia\" class=\"wp-image-36868\" srcset=\"https:\/\/www.ub.edu\/ossma\/wp-content\/uploads\/2022\/03\/flota-ubici-01-1024x768.jpg 1024w, https:\/\/www.ub.edu\/ossma\/wp-content\/uploads\/2022\/03\/flota-ubici-01-300x225.jpg 300w, https:\/\/www.ub.edu\/ossma\/wp-content\/uploads\/2022\/03\/flota-ubici-01-1536x1152.jpg 1536w, https:\/\/www.ub.edu\/ossma\/wp-content\/uploads\/2022\/03\/flota-ubici-01.jpg 1600w\" sizes=\"(max-width: 1024px) 100vw, 1024px\" \/><\/figure>\n\n\n\n<p>Els vehicles procedeixen d\u2019una flota de bicicletes plegables que, durant uns anys, s\u2019han estat fent servir per a pr\u00e0ctiques de camp de l\u2019assignatura Ecologia Evolutiva del grau de Biologia, coordinada pel Dr. Joan Llu\u00eds Pretus de la Secci\u00f3 d\u2019Ecologia de la Facultat de Biologia. Ara, la Facultat cedeix les bicicletes per a un nou \u00fas: des de l&#8217;OSSMA, i amb finan\u00e7ament del Vicerectorat d\u2019Igualtat i G\u00e8nere, s&#8217;han posat a punt per mantenir-les en activitat a la Universitat de Barcelona amb la iniciativa Flota UBici.<\/p>\n\n\n\n<p>En cas que us interessi aquesta proposta per a la vostra unitat, <strong>podeu sol\u00b7licitar que us assignin alguna d\u2019aquestes bicicletes enviant un correu a\u00a0<a href=\"mailto:ossma@ub.edu\">ossma@ub.edu<\/a><\/strong>. Cal tenir en compte que heu de disposar d\u2019un espai segur per guardar-la mentre no estigui en \u00fas, i saber qui la utilitza en cada moment.<\/p>\n\n\n\n<figure class=\"wp-block-image size-large\"><img decoding=\"async\" width=\"1024\" height=\"768\" src=\"https:\/\/www.ub.edu\/ossma\/wp-content\/uploads\/2022\/03\/flota-ubici-05-1024x768.jpg\" alt=\"Bicicleta de la flota UBici\" class=\"wp-image-36880\" srcset=\"https:\/\/www.ub.edu\/ossma\/wp-content\/uploads\/2022\/03\/flota-ubici-05-1024x768.jpg 1024w, https:\/\/www.ub.edu\/ossma\/wp-content\/uploads\/2022\/03\/flota-ubici-05-300x225.jpg 300w, https:\/\/www.ub.edu\/ossma\/wp-content\/uploads\/2022\/03\/flota-ubici-05-1536x1152.jpg 1536w, https:\/\/www.ub.edu\/ossma\/wp-content\/uploads\/2022\/03\/flota-ubici-05.jpg 1600w\" sizes=\"(max-width: 1024px) 100vw, 1024px\" \/><\/figure>\n\n\n\n<p>La posada a punt de les bicicletes l&#8217;ha fet <a href=\"http:\/\/www.biciclot.coop\" target=\"_blank\" rel=\"noreferrer noopener\">Biciclot<\/a>, que tamb\u00e9 s&#8217;encarregar\u00e0 del manteniment trimestral per garantir que puguin continuar circulant de manera segura.<\/p>\n","protected":false},"excerpt":{"rendered":"<p>Aquesta setmana s&#8217;han distribu\u00eft les primeres bicicletes de la Flota UBici, un projecte que promou els despla\u00e7aments en bici per motius de\u00a0feina (reunions, visites, etc.).<\/p>\n","protected":false},"author":1,"featured_media":36883,"comment_status":"closed","ping_status":"closed","sticky":false,"template":"","format":"standard","meta":{"advgb_blocks_editor_width":"","advgb_blocks_columns_visual_guide":"","footnotes":""},"categories":[20],"tags":[58,302,22,119],"class_list":["post-36866","post","type-post","status-publish","format-standard","has-post-thumbnail","hentry","category-actualitat-medi-ambient","tag-bicicleta","tag-flota-ubici","tag-mobilitat","tag-ods11"],"author_meta":{"display_name":"OSSMA","author_link":"https:\/\/www.ub.edu\/ossma\/es\/author\/ossmau1"},"featured_img":"https:\/\/www.ub.edu\/ossma\/wp-content\/uploads\/2022\/03\/1270x300-flota-ubici-300x71.jpg","coauthors":[],"tax_additional":{"categories":{"linked":["<a href=\"https:\/\/www.ub.edu\/ossma\/es\/actualitat-medi-ambient\" class=\"advgb-post-tax-term\">Medi Ambient<\/a>"],"unlinked":["<span class=\"advgb-post-tax-term\">Medi Ambient<\/span>"]},"tags":{"linked":["<a href=\"https:\/\/www.ub.edu\/ossma\/es\/actualitat-medi-ambient\" class=\"advgb-post-tax-term\">bicicleta<\/a>","<a href=\"https:\/\/www.ub.edu\/ossma\/es\/actualitat-medi-ambient\" class=\"advgb-post-tax-term\">flota-ubici<\/a>","<a href=\"https:\/\/www.ub.edu\/ossma\/es\/actualitat-medi-ambient\" class=\"advgb-post-tax-term\">mobilitat<\/a>","<a href=\"https:\/\/www.ub.edu\/ossma\/es\/actualitat-medi-ambient\" class=\"advgb-post-tax-term\">ods11<\/a>"],"unlinked":["<span class=\"advgb-post-tax-term\">bicicleta<\/span>","<span class=\"advgb-post-tax-term\">flota-ubici<\/span>","<span class=\"advgb-post-tax-term\">mobilitat<\/span>","<span class=\"advgb-post-tax-term\">ods11<\/span>"]}},"comment_count":"0","relative_dates":{"created":"Publicado 4 a\u00f1os hace","modified":"Actualizado 3 a\u00f1os hace"},"absolute_dates":{"created":"Publicado el 10 de marzo de 2022","modified":"Actualizado el 24 de febrero de 2023"},"absolute_dates_time":{"created":"Publicado el 10 de marzo de 2022 08:39","modified":"Actualizado el 24 de febrero de 2023 07:44"},"featured_img_caption":"","series_order":"","_links":{"self":[{"href":"https:\/\/www.ub.edu\/ossma\/es\/wp-json\/wp\/v2\/posts\/36866","targetHints":{"allow":["GET"]}}],"collection":[{"href":"https:\/\/www.ub.edu\/ossma\/es\/wp-json\/wp\/v2\/posts"}],"about":[{"href":"https:\/\/www.ub.edu\/ossma\/es\/wp-json\/wp\/v2\/types\/post"}],"author":[{"embeddable":true,"href":"https:\/\/www.ub.edu\/ossma\/es\/wp-json\/wp\/v2\/users\/1"}],"replies":[{"embeddable":true,"href":"https:\/\/www.ub.edu\/ossma\/es\/wp-json\/wp\/v2\/comments?post=36866"}],"version-history":[{"count":6,"href":"https:\/\/www.ub.edu\/ossma\/es\/wp-json\/wp\/v2\/posts\/36866\/revisions"}],"predecessor-version":[{"id":45512,"href":"https:\/\/www.ub.edu\/ossma\/es\/wp-json\/wp\/v2\/posts\/36866\/revisions\/45512"}],"wp:featuredmedia":[{"embeddable":true,"href":"https:\/\/www.ub.edu\/ossma\/es\/wp-json\/wp\/v2\/media\/36883"}],"wp:attachment":[{"href":"https:\/\/www.ub.edu\/ossma\/es\/wp-json\/wp\/v2\/media?parent=36866"}],"wp:term":[{"taxonomy":"category","embeddable":true,"href":"https:\/\/www.ub.edu\/ossma\/es\/wp-json\/wp\/v2\/categories?post=36866"},{"taxonomy":"post_tag","embeddable":true,"href":"https:\/\/www.ub.edu\/ossma\/es\/wp-json\/wp\/v2\/tags?post=36866"}],"curies":[{"name":"wp","href":"https:\/\/api.w.org\/{rel}","templated":true}]}}