{"id":4227,"date":"2018-06-13T10:44:25","date_gmt":"2018-06-13T10:44:25","guid":{"rendered":"https:\/\/www.ub.edu\/ossma\/?p=4227"},"modified":"2023-02-23T07:58:12","modified_gmt":"2023-02-23T07:58:12","slug":"aecc-juny-protegir-nos-sol","status":"publish","type":"post","link":"https:\/\/www.ub.edu\/ossma\/es\/actualitat-atencio-social\/aecc-juny-protegir-nos-sol","title":{"rendered":"Protegir-nos del sol: consell de juny de l&#8217;AECC"},"content":{"rendered":"<div style=\"background-color: #1f6617; padding: 10px; clear: both; color: #fff; margin-bottom: 10px;\">\n<p style=\"text-align: right;\"><em><strong>Programa Solidaritat a l\u2019Empresa<\/strong> Juny 2018<\/em><\/p>\n<p><strong>El consell saludable del mes:<\/strong><\/p>\n<p style=\"background: #1F6617;\"><span style=\"color: white;\">\u00c9S MOLT IMPORTANT PROTEGIR-NOS SEMPRE DEL SOL<\/span><\/p>\n<\/div>\n<p><strong>La teva salut, primer <\/strong><br \/>\n<strong>Juny 2018<\/strong><\/p>\n<p>L\u2019estiu est\u00e0 a punt de comen\u00e7ar, i amb ell, les vacances! Per aix\u00f2, creiem que \u00e9s el moment perfecte per esclarir algunes idees sobre l\u2019exposici\u00f3 solar i donar alguns consells que tindran un efecte molt positiu en la teva salut i, sobretot, en la dels nens.<\/p>\n<p>La principal causa del c\u00e0ncer de pell \u00e9s la radiaci\u00f3 ultraviolada (UV) rebuda d\u2019una exposici\u00f3 inadequada al sol. En el nostre pa\u00eds la incid\u00e8ncia del melanoma (el c\u00e0ncer de pell) augmenta un 10 % cada any, la qual cosa fa suposar que podem millorar molt els nostres h\u00e0bits d\u2019exposici\u00f3 al sol i la protecci\u00f3 que utilitzem i sobretot que hem d\u2019aprendre a identificar les situacions de risc.<\/p>\n<p><a lang=\"es\" href=\"https:\/\/www.aecc.es\/es\/tu-salud-es-lo-primero\/junio-2018\" target=\"_blank\" rel=\"noopener\">Not\u00edcia completa \u201c\u00c9s molt important protegir-nos sempre del sol\u201d a la web de l&#8217;AECC<\/a><\/p>\n<p><img fetchpriority=\"high\" decoding=\"async\" class=\"wp-image-4228 size-full aligncenter\" src=\"https:\/\/www.ub.edu\/ossma\/wp-content\/uploads\/2018\/06\/201806-atencio-social-aecc-noticia-juny-web.jpg\" alt=\"Not\u00edcia AECC juny: exposici\u00f3 solar\" width=\"563\" height=\"370\" srcset=\"https:\/\/www.ub.edu\/ossma\/wp-content\/uploads\/2018\/06\/201806-atencio-social-aecc-noticia-juny-web.jpg 563w, https:\/\/www.ub.edu\/ossma\/wp-content\/uploads\/2018\/06\/201806-atencio-social-aecc-noticia-juny-web-110x73.jpg 110w, https:\/\/www.ub.edu\/ossma\/wp-content\/uploads\/2018\/06\/201806-atencio-social-aecc-noticia-juny-web-300x197.jpg 300w\" sizes=\"(max-width: 563px) 100vw, 563px\" \/><\/p>\n","protected":false},"excerpt":{"rendered":"<div style=\"background-color: #1f6617; padding: 10px; clear: both; color: #fff; margin-bottom: 10px;\">\n<p style=\"text-align: right;\"><em><strong>Programa Solidaritat a l\u2019Empresa<\/strong> Juny 2018<\/em><\/p>\n<\/div>\n","protected":false},"author":1,"featured_media":4228,"comment_status":"closed","ping_status":"closed","sticky":false,"template":"","format":"standard","meta":{"advgb_blocks_editor_width":"","advgb_blocks_columns_visual_guide":"","footnotes":""},"categories":[3,21],"tags":[49,45],"class_list":["post-4227","post","type-post","status-publish","format-standard","has-post-thumbnail","hentry","category-actualitat-atencio-social","category-actualitat-medicina-del-treball","tag-aecc","tag-salut"],"author_meta":{"display_name":"OSSMA","author_link":"https:\/\/www.ub.edu\/ossma\/es\/author\/ossmau1"},"featured_img":"https:\/\/www.ub.edu\/ossma\/wp-content\/uploads\/2018\/06\/201806-atencio-social-aecc-noticia-juny-web-300x197.jpg","coauthors":[],"tax_additional":{"categories":{"linked":["<a href=\"https:\/\/www.ub.edu\/ossma\/es\/actualitat-atencio-social\" class=\"advgb-post-tax-term\">Atenci\u00f3 social<\/a>","<a href=\"https:\/\/www.ub.edu\/ossma\/es\/actualitat-medicina-del-treball\" class=\"advgb-post-tax-term\">Medicina del treball<\/a>"],"unlinked":["<span class=\"advgb-post-tax-term\">Atenci\u00f3 social<\/span>","<span class=\"advgb-post-tax-term\">Medicina del treball<\/span>"]},"tags":{"linked":["<a href=\"https:\/\/www.ub.edu\/ossma\/es\/actualitat-medicina-del-treball\" class=\"advgb-post-tax-term\">AECC<\/a>","<a href=\"https:\/\/www.ub.edu\/ossma\/es\/actualitat-medicina-del-treball\" class=\"advgb-post-tax-term\">salut<\/a>"],"unlinked":["<span class=\"advgb-post-tax-term\">AECC<\/span>","<span class=\"advgb-post-tax-term\">salut<\/span>"]}},"comment_count":"0","relative_dates":{"created":"Publicado 8 a\u00f1os hace","modified":"Actualizado 3 a\u00f1os hace"},"absolute_dates":{"created":"Publicado el 13 de junio de 2018","modified":"Actualizado el 23 de febrero de 2023"},"absolute_dates_time":{"created":"Publicado el 13 de junio de 2018 10:44","modified":"Actualizado el 23 de febrero de 2023 07:58"},"featured_img_caption":"","series_order":"","_links":{"self":[{"href":"https:\/\/www.ub.edu\/ossma\/es\/wp-json\/wp\/v2\/posts\/4227","targetHints":{"allow":["GET"]}}],"collection":[{"href":"https:\/\/www.ub.edu\/ossma\/es\/wp-json\/wp\/v2\/posts"}],"about":[{"href":"https:\/\/www.ub.edu\/ossma\/es\/wp-json\/wp\/v2\/types\/post"}],"author":[{"embeddable":true,"href":"https:\/\/www.ub.edu\/ossma\/es\/wp-json\/wp\/v2\/users\/1"}],"replies":[{"embeddable":true,"href":"https:\/\/www.ub.edu\/ossma\/es\/wp-json\/wp\/v2\/comments?post=4227"}],"version-history":[{"count":6,"href":"https:\/\/www.ub.edu\/ossma\/es\/wp-json\/wp\/v2\/posts\/4227\/revisions"}],"predecessor-version":[{"id":45442,"href":"https:\/\/www.ub.edu\/ossma\/es\/wp-json\/wp\/v2\/posts\/4227\/revisions\/45442"}],"wp:featuredmedia":[{"embeddable":true,"href":"https:\/\/www.ub.edu\/ossma\/es\/wp-json\/wp\/v2\/media\/4228"}],"wp:attachment":[{"href":"https:\/\/www.ub.edu\/ossma\/es\/wp-json\/wp\/v2\/media?parent=4227"}],"wp:term":[{"taxonomy":"category","embeddable":true,"href":"https:\/\/www.ub.edu\/ossma\/es\/wp-json\/wp\/v2\/categories?post=4227"},{"taxonomy":"post_tag","embeddable":true,"href":"https:\/\/www.ub.edu\/ossma\/es\/wp-json\/wp\/v2\/tags?post=4227"}],"curies":[{"name":"wp","href":"https:\/\/api.w.org\/{rel}","templated":true}]}}