{"id":43042,"date":"2022-11-28T10:28:38","date_gmt":"2022-11-28T10:28:38","guid":{"rendered":"https:\/\/www.ub.edu\/ossma?p=43042"},"modified":"2023-02-22T06:59:49","modified_gmt":"2023-02-22T06:59:49","slug":"vacances-en-familia-2023","status":"publish","type":"post","link":"https:\/\/www.ub.edu\/ossma\/es\/actualitat-atencio-social\/vacances-en-familia-2023","title":{"rendered":"Vacances en fam\u00edlia 2023"},"content":{"rendered":"\n<p>El programa \u201c<strong>Vacances en fam\u00edlia<\/strong>\u201c<strong>&nbsp;<\/strong>de la  Xarxa jove d\u2019albergs de Catalunya&nbsp; \u2014<strong>Xanascat&nbsp;<\/strong>\u2014s\u2019adre\u00e7a a totes aquelles fam\u00edlies amb infants menors de divuit anys que volen allunyar-se del menjador de casa per viure una experi\u00e8ncia diferent, que els uneixi i els faci aprendre conjuntament i amb altres fam\u00edlies i amistats.<\/p>\n\n\n\n<h2 class=\"wp-block-heading\">Terminis de preinscripci\u00f3, sorteig i adjudicaci\u00f3<\/h2>\n\n\n\n<p>Preinscripcions:&nbsp;<em>del 28 de novembre des de les 12:00 hores fins al&nbsp;12 de desembre&nbsp;a les 12:00 hores del migdia<\/em>.<\/p>\n\n\n\n<p>Sorteig<em>:&nbsp;14&nbsp;de desembre a les 12:00 h<\/em>ores.<\/p>\n\n\n\n<p>Publicaci\u00f3 del sorteig<em>: 16 de desembre a les 12:00 h<\/em>ores.<\/p>\n\n\n\n<p>Desc\u00e0rrega de la documentaci\u00f3 de les adjudicacions directes:&nbsp;<em>a partir del 19 de desembre&nbsp;des de les 12:00 hores.<\/em><\/p>\n\n\n\n<p>Autoadjudicaci\u00f3 de les places lliures<em>: a partir del dia 9 de gener des de les 12:00 hores del migdia&nbsp;i fins a l&#8217;exhauriment de les places.<\/em><\/p>\n\n\n\n<p>Recordeu que a la preinscripci\u00f3 podeu triar fins a 5 opcions.<\/p>\n\n\n\n<p>Consulteu totes les opcions d&#8217;estada i planifiqueu els torns als quals us voleu apuntar!<\/p>\n\n\n\n<p><a href=\"https:\/\/xanascat.gencat.cat\/ca\/programes\/vacances-en-familia\" target=\"_blank\" rel=\"noreferrer noopener\">Per a m\u00e9s informaci\u00f3 visiteu la p\u00e0gina seg\u00fcent<\/a>.<\/p>\n\n\n<div class=\"wp-block-image\">\n<figure class=\"aligncenter size-full is-resized\"><img fetchpriority=\"high\" decoding=\"async\" src=\"https:\/\/www.ub.edu\/ossma\/wp-content\/uploads\/2022\/11\/vacances-en-familia-2023.jpg\" alt=\"\" class=\"wp-image-43051\" width=\"415\" height=\"415\"\/><\/figure>\n<\/div>","protected":false},"excerpt":{"rendered":"<p>S&#8217;obren les preinscripcions de \u201dVacances en fam\u00edlia\u201d 2023<\/p>\n","protected":false},"author":1,"featured_media":43058,"comment_status":"closed","ping_status":"closed","sticky":false,"template":"","format":"standard","meta":{"advgb_blocks_editor_width":"","advgb_blocks_columns_visual_guide":"","footnotes":""},"categories":[3],"tags":[13,55,141,12],"class_list":["post-43042","post","type-post","status-publish","format-standard","has-post-thumbnail","hentry","category-actualitat-atencio-social","tag-ajudes","tag-familia-2","tag-ods10","tag-vacances"],"author_meta":{"display_name":"OSSMA","author_link":"https:\/\/www.ub.edu\/ossma\/es\/author\/ossmau1"},"featured_img":"https:\/\/www.ub.edu\/ossma\/wp-content\/uploads\/2022\/11\/vacances_familia_2023_xanascat-300x71.png","coauthors":[],"tax_additional":{"categories":{"linked":["<a href=\"https:\/\/www.ub.edu\/ossma\/es\/actualitat-atencio-social\" class=\"advgb-post-tax-term\">Atenci\u00f3 social<\/a>"],"unlinked":["<span class=\"advgb-post-tax-term\">Atenci\u00f3 social<\/span>"]},"tags":{"linked":["<a href=\"https:\/\/www.ub.edu\/ossma\/es\/actualitat-atencio-social\" class=\"advgb-post-tax-term\">ajudes<\/a>","<a href=\"https:\/\/www.ub.edu\/ossma\/es\/actualitat-atencio-social\" class=\"advgb-post-tax-term\">fam\u00edlia<\/a>","<a href=\"https:\/\/www.ub.edu\/ossma\/es\/actualitat-atencio-social\" class=\"advgb-post-tax-term\">ods10<\/a>","<a href=\"https:\/\/www.ub.edu\/ossma\/es\/actualitat-atencio-social\" class=\"advgb-post-tax-term\">vacances<\/a>"],"unlinked":["<span class=\"advgb-post-tax-term\">ajudes<\/span>","<span class=\"advgb-post-tax-term\">fam\u00edlia<\/span>","<span class=\"advgb-post-tax-term\">ods10<\/span>","<span class=\"advgb-post-tax-term\">vacances<\/span>"]}},"comment_count":"0","relative_dates":{"created":"Publicado 3 a\u00f1os hace","modified":"Actualizado 3 a\u00f1os hace"},"absolute_dates":{"created":"Publicado el 28 de noviembre de 2022","modified":"Actualizado el 22 de febrero de 2023"},"absolute_dates_time":{"created":"Publicado el 28 de noviembre de 2022 10:28","modified":"Actualizado el 22 de febrero de 2023 06:59"},"featured_img_caption":"","series_order":"","_links":{"self":[{"href":"https:\/\/www.ub.edu\/ossma\/es\/wp-json\/wp\/v2\/posts\/43042","targetHints":{"allow":["GET"]}}],"collection":[{"href":"https:\/\/www.ub.edu\/ossma\/es\/wp-json\/wp\/v2\/posts"}],"about":[{"href":"https:\/\/www.ub.edu\/ossma\/es\/wp-json\/wp\/v2\/types\/post"}],"author":[{"embeddable":true,"href":"https:\/\/www.ub.edu\/ossma\/es\/wp-json\/wp\/v2\/users\/1"}],"replies":[{"embeddable":true,"href":"https:\/\/www.ub.edu\/ossma\/es\/wp-json\/wp\/v2\/comments?post=43042"}],"version-history":[{"count":6,"href":"https:\/\/www.ub.edu\/ossma\/es\/wp-json\/wp\/v2\/posts\/43042\/revisions"}],"predecessor-version":[{"id":45271,"href":"https:\/\/www.ub.edu\/ossma\/es\/wp-json\/wp\/v2\/posts\/43042\/revisions\/45271"}],"wp:featuredmedia":[{"embeddable":true,"href":"https:\/\/www.ub.edu\/ossma\/es\/wp-json\/wp\/v2\/media\/43058"}],"wp:attachment":[{"href":"https:\/\/www.ub.edu\/ossma\/es\/wp-json\/wp\/v2\/media?parent=43042"}],"wp:term":[{"taxonomy":"category","embeddable":true,"href":"https:\/\/www.ub.edu\/ossma\/es\/wp-json\/wp\/v2\/categories?post=43042"},{"taxonomy":"post_tag","embeddable":true,"href":"https:\/\/www.ub.edu\/ossma\/es\/wp-json\/wp\/v2\/tags?post=43042"}],"curies":[{"name":"wp","href":"https:\/\/api.w.org\/{rel}","templated":true}]}}