{"id":45886,"date":"2022-06-15T16:11:53","date_gmt":"2022-06-15T16:11:53","guid":{"rendered":"https:\/\/www.ub.edu\/ossma?p=45886"},"modified":"2023-03-06T16:18:46","modified_gmt":"2023-03-06T16:18:46","slug":"punts-recollida-selectiva-crai-biblioteca-mundet","status":"publish","type":"post","link":"https:\/\/www.ub.edu\/ossma\/es\/actualitat-medi-ambient\/punts-recollida-selectiva-crai-biblioteca-mundet","title":{"rendered":"Nous punts de recollida selectiva al CRAI Biblioteca del Campus Mundet"},"content":{"rendered":"\n<p>El CRAI Biblioteca del Campus Mundet compta amb nous punts de recollida selectiva distribu\u00efts per les diferents zones de treball i consulta. Amb aquesta actuaci\u00f3 es vol aconseguir una\u00a0<strong>millora de la quantitat i la qualitat de la recollida selectiva<\/strong>\u00a0en aquest espai de l&#8217;edifici de Llevant.<\/p>\n\n\n\n<p>Els canvis\u00a0realitzats inclouen:<\/p>\n\n\n\n<ul class=\"wp-block-list\" id=\"block-f807a77d-0b10-43b9-9866-572ee05fa360\">\n<li>Una&nbsp;<strong>nova distribuci\u00f3<\/strong>&nbsp;de les papereres, per tal que la proporci\u00f3 de les diferents fraccions de recollida estigui m\u00e9s equilibrada.<\/li>\n\n\n\n<li>L\u2019agrupaci\u00f3 de les papereres en<strong>\u00a0punts de\u00a0recollida selectiva<\/strong>\u00a0on es poden trobar les diferents fraccions de selectiva (paper, envasos i resta).<\/li>\n\n\n\n<li>La\u00a0<strong>unificaci\u00f3<\/strong>\u00a0de la tipologia dels contenidors utilitzats al centre.<\/li>\n\n\n\n<li>Un\u00a0<strong>nou etiquetatge<\/strong>, que permet una identificaci\u00f3 visual m\u00e9s clara i r\u00e0pida, amb etiquetes de diferents colors i en diferents idiomes. Les bosses per als residus tamb\u00e9 porten el color de la fracci\u00f3, per tal de facilitar la identificaci\u00f3 en tot moment, des de la paperera de l\u2019edifici fins al contenidor del carrer.<\/li>\n<\/ul>\n\n\n\n<figure class=\"wp-block-image size-large is-resized\"><img fetchpriority=\"high\" decoding=\"async\" src=\"https:\/\/www.ub.edu\/ossma\/wp-content\/uploads\/2023\/03\/Mundet-CRAI-p.jpg\" alt=\"Punt de recollida selectiva de residus al CRAI Biblioteca del Campus Mundet\" class=\"wp-image-45883\" width=\"799\" height=\"799\" srcset=\"https:\/\/www.ub.edu\/ossma\/wp-content\/uploads\/2023\/03\/Mundet-CRAI-p.jpg 1200w, https:\/\/www.ub.edu\/ossma\/wp-content\/uploads\/2023\/03\/Mundet-CRAI-p-500x500.jpg 500w, https:\/\/www.ub.edu\/ossma\/wp-content\/uploads\/2023\/03\/Mundet-CRAI-p-400x400.jpg 400w, https:\/\/www.ub.edu\/ossma\/wp-content\/uploads\/2023\/03\/Mundet-CRAI-p-200x200.jpg 200w\" sizes=\"(max-width: 799px) 100vw, 799px\" \/><figcaption class=\"wp-element-caption\">Nou punt de recollida selectiva de residus municipals al CRAI Biblioteca del Campus Mundet<\/figcaption><\/figure>\n\n\n\n<p>La implantaci\u00f3 d\u2019aquesta actuaci\u00f3 de millora ha anat a c\u00e0rrec del mateix CRAI Biblioteca del Campus Mundet, amb el suport de l&#8217;OSSMA. L\u2019acci\u00f3 s\u2019emmarca en la meta CA10 de l\u2019Agenda 2030 de la Universitat de Barcelona (reduir la quantitat i perillositat dels residus), i en l\u2019objectiu Residu Zero del full de ruta per implementar accions de sostenibilitat a la UB.<\/p>\n","protected":false},"excerpt":{"rendered":"<p>Ara separar els residus \u00e9s m\u00e9s f\u00e0cil que mai al CRAI Biblioteca del Campus Mundet, amb els nous punts de recollida selectiva.<\/p>\n","protected":false},"author":1,"featured_media":28888,"comment_status":"closed","ping_status":"closed","sticky":false,"template":"","format":"standard","meta":{"advgb_blocks_editor_width":"","advgb_blocks_columns_visual_guide":"","footnotes":""},"categories":[20],"tags":[119,124,226,62,27],"class_list":["post-45886","post","type-post","status-publish","format-standard","has-post-thumbnail","hentry","category-actualitat-medi-ambient","tag-ods11","tag-ods12","tag-punt-rs","tag-reciclatge","tag-residus"],"author_meta":{"display_name":"OSSMA","author_link":"https:\/\/www.ub.edu\/ossma\/es\/author\/ossmau1"},"featured_img":"https:\/\/www.ub.edu\/ossma\/wp-content\/uploads\/2021\/09\/punt-recollida-selectiva-dest-300x71.jpg","coauthors":[],"tax_additional":{"categories":{"linked":["<a href=\"https:\/\/www.ub.edu\/ossma\/es\/actualitat-medi-ambient\" class=\"advgb-post-tax-term\">Medi Ambient<\/a>"],"unlinked":["<span class=\"advgb-post-tax-term\">Medi Ambient<\/span>"]},"tags":{"linked":["<a href=\"https:\/\/www.ub.edu\/ossma\/es\/actualitat-medi-ambient\" class=\"advgb-post-tax-term\">ods11<\/a>","<a href=\"https:\/\/www.ub.edu\/ossma\/es\/actualitat-medi-ambient\" class=\"advgb-post-tax-term\">ods12<\/a>","<a href=\"https:\/\/www.ub.edu\/ossma\/es\/actualitat-medi-ambient\" class=\"advgb-post-tax-term\">punt-RS<\/a>","<a href=\"https:\/\/www.ub.edu\/ossma\/es\/actualitat-medi-ambient\" class=\"advgb-post-tax-term\">reciclatge<\/a>","<a href=\"https:\/\/www.ub.edu\/ossma\/es\/actualitat-medi-ambient\" class=\"advgb-post-tax-term\">residus<\/a>"],"unlinked":["<span class=\"advgb-post-tax-term\">ods11<\/span>","<span class=\"advgb-post-tax-term\">ods12<\/span>","<span class=\"advgb-post-tax-term\">punt-RS<\/span>","<span class=\"advgb-post-tax-term\">reciclatge<\/span>","<span class=\"advgb-post-tax-term\">residus<\/span>"]}},"comment_count":"0","relative_dates":{"created":"Publicado 4 a\u00f1os hace","modified":"Actualizado 3 a\u00f1os hace"},"absolute_dates":{"created":"Publicado el 15 de junio de 2022","modified":"Actualizado el 6 de marzo de 2023"},"absolute_dates_time":{"created":"Publicado el 15 de junio de 2022 16:11","modified":"Actualizado el 6 de marzo de 2023 16:18"},"featured_img_caption":"CREATOR: gd-jpeg v1.0 (using IJG JPEG v62), quality = 82","series_order":"","_links":{"self":[{"href":"https:\/\/www.ub.edu\/ossma\/es\/wp-json\/wp\/v2\/posts\/45886","targetHints":{"allow":["GET"]}}],"collection":[{"href":"https:\/\/www.ub.edu\/ossma\/es\/wp-json\/wp\/v2\/posts"}],"about":[{"href":"https:\/\/www.ub.edu\/ossma\/es\/wp-json\/wp\/v2\/types\/post"}],"author":[{"embeddable":true,"href":"https:\/\/www.ub.edu\/ossma\/es\/wp-json\/wp\/v2\/users\/1"}],"replies":[{"embeddable":true,"href":"https:\/\/www.ub.edu\/ossma\/es\/wp-json\/wp\/v2\/comments?post=45886"}],"version-history":[{"count":4,"href":"https:\/\/www.ub.edu\/ossma\/es\/wp-json\/wp\/v2\/posts\/45886\/revisions"}],"predecessor-version":[{"id":45890,"href":"https:\/\/www.ub.edu\/ossma\/es\/wp-json\/wp\/v2\/posts\/45886\/revisions\/45890"}],"wp:featuredmedia":[{"embeddable":true,"href":"https:\/\/www.ub.edu\/ossma\/es\/wp-json\/wp\/v2\/media\/28888"}],"wp:attachment":[{"href":"https:\/\/www.ub.edu\/ossma\/es\/wp-json\/wp\/v2\/media?parent=45886"}],"wp:term":[{"taxonomy":"category","embeddable":true,"href":"https:\/\/www.ub.edu\/ossma\/es\/wp-json\/wp\/v2\/categories?post=45886"},{"taxonomy":"post_tag","embeddable":true,"href":"https:\/\/www.ub.edu\/ossma\/es\/wp-json\/wp\/v2\/tags?post=45886"}],"curies":[{"name":"wp","href":"https:\/\/api.w.org\/{rel}","templated":true}]}}