{"id":46954,"date":"2023-03-21T10:00:19","date_gmt":"2023-03-21T10:00:19","guid":{"rendered":"https:\/\/www.ub.edu\/ossma?p=46954"},"modified":"2023-11-09T14:14:56","modified_gmt":"2023-11-09T14:14:56","slug":"jornada-prevencio-2023-03","status":"publish","type":"post","link":"https:\/\/www.ub.edu\/ossma\/es\/actualitat-formacio\/jornada-prevencio-2023-03","title":{"rendered":"130 assistents a la jornada de prevenci\u00f3 de riscos als laboratoris de recerca"},"content":{"rendered":"\n<p>El passat 15 de mar\u00e7 va tenir lloc a l\u2019Aula Enric Casassas de la Facultat de Qu\u00edmica una nova edici\u00f3 de la Jornada de Prevenci\u00f3 als Laboratoris de Recerca. De les 130 persones que hi van assistir, un 31,5% procedien de la Facultat de Biologia, el 16,9% de la Facultat de Qu\u00edmica, un 15,4% de la Facultat de Farm\u00e0cia i Ci\u00e8ncies de l\u2019Alimentaci\u00f3, i un 12,3% de la Facultat de Ci\u00e8ncies de la Terra. Tamb\u00e9 hi van estar representades les facultats de Medicina i Ci\u00e8ncies de la Salut, Geografia i Hist\u00f2ria, i Psicologia, aix\u00ed com el Parc Cient\u00edfic de Barcelona.<\/p>\n\n\n\n<p>Durant la jornada, impartida per personal t\u00e8cnic de l\u2019Oficina de Seguretat, Salut i Medi Ambient (OSSMA), es va remarcar a import\u00e0ncia d\u2019integrar la prevenci\u00f3 de riscos als projectes d\u2019investigaci\u00f3 i als processos de treball, aix\u00ed com d\u2019aplicar conceptes de seguretat, salut i medi ambient.<\/p>\n\n\n\n<p>Aquest tipus de sessions permeten projectar l\u2019OSSMA i els serveis que donem a la comunitat universit\u00e0ria, com per exemple, assessorament en tot el relacionat amb la implantaci\u00f3 de millores per a la seguretat i la salut en l&#8217;activitat de doc\u00e8ncia i recerca que es du a terme als laboratoris.<\/p>\n\n\n\n<figure class=\"wp-block-image size-large\"><img fetchpriority=\"high\" decoding=\"async\" width=\"1600\" height=\"1200\" src=\"https:\/\/www.ub.edu\/ossma\/wp-content\/uploads\/2023\/03\/jornada-prevencio-20230315.jpg\" alt=\"Jornada prevenci\u00f3 laboratoris recerca. Mar\u00e7 2023\" class=\"wp-image-46951\" srcset=\"https:\/\/www.ub.edu\/ossma\/wp-content\/uploads\/2023\/03\/jornada-prevencio-20230315.jpg 1600w, https:\/\/www.ub.edu\/ossma\/wp-content\/uploads\/2023\/03\/jornada-prevencio-20230315-667x500.jpg 667w, https:\/\/www.ub.edu\/ossma\/wp-content\/uploads\/2023\/03\/jornada-prevencio-20230315-533x400.jpg 533w, https:\/\/www.ub.edu\/ossma\/wp-content\/uploads\/2023\/03\/jornada-prevencio-20230315-1536x1152.jpg 1536w\" sizes=\"(max-width: 1600px) 100vw, 1600px\" \/><\/figure>\n\n\n\n<figure class=\"wp-block-image size-large\"><img decoding=\"async\" width=\"718\" height=\"490\" src=\"https:\/\/www.ub.edu\/ossma\/wp-content\/uploads\/2023\/03\/assistents-jornada-prevencio-202303.jpg\" alt=\"Distribuci\u00f3 per centre de proced\u00e8ncia de les persones assistents a la jornada de prevenci\u00f3 de mar\u00e7 de 2023\" class=\"wp-image-46959\" srcset=\"https:\/\/www.ub.edu\/ossma\/wp-content\/uploads\/2023\/03\/assistents-jornada-prevencio-202303.jpg 718w, https:\/\/www.ub.edu\/ossma\/wp-content\/uploads\/2023\/03\/assistents-jornada-prevencio-202303-586x400.jpg 586w\" sizes=\"(max-width: 718px) 100vw, 718px\" \/><\/figure>\n","protected":false},"excerpt":{"rendered":"<p>L&#8217;edici\u00f3 de primavera d&#8217;aquesta jornada va comptar amb una assist\u00e8ncia de 130 persones.<\/p>\n","protected":false},"author":1,"featured_media":42187,"comment_status":"closed","ping_status":"closed","sticky":false,"template":"","format":"standard","meta":{"advgb_blocks_editor_width":"","advgb_blocks_columns_visual_guide":"","footnotes":""},"categories":[33],"tags":[124,123,131,125],"class_list":["post-46954","post","type-post","status-publish","format-standard","has-post-thumbnail","hentry","category-actualitat-formacio","tag-ods12","tag-ods3","tag-ods4","tag-ods8"],"author_meta":{"display_name":"OSSMA","author_link":"https:\/\/www.ub.edu\/ossma\/es\/author\/ossmau1"},"featured_img":"https:\/\/www.ub.edu\/ossma\/wp-content\/uploads\/2022\/10\/1270x300-ossma-format-300x71.png","coauthors":[],"tax_additional":{"categories":{"linked":["<a href=\"https:\/\/www.ub.edu\/ossma\/es\/actualitat-formacio\" class=\"advgb-post-tax-term\">Formaci\u00f3<\/a>"],"unlinked":["<span class=\"advgb-post-tax-term\">Formaci\u00f3<\/span>"]},"tags":{"linked":["<a href=\"https:\/\/www.ub.edu\/ossma\/es\/actualitat-formacio\" class=\"advgb-post-tax-term\">ods12<\/a>","<a href=\"https:\/\/www.ub.edu\/ossma\/es\/actualitat-formacio\" class=\"advgb-post-tax-term\">ods3<\/a>","<a href=\"https:\/\/www.ub.edu\/ossma\/es\/actualitat-formacio\" class=\"advgb-post-tax-term\">ods4<\/a>","<a href=\"https:\/\/www.ub.edu\/ossma\/es\/actualitat-formacio\" class=\"advgb-post-tax-term\">ods8<\/a>"],"unlinked":["<span class=\"advgb-post-tax-term\">ods12<\/span>","<span class=\"advgb-post-tax-term\">ods3<\/span>","<span class=\"advgb-post-tax-term\">ods4<\/span>","<span class=\"advgb-post-tax-term\">ods8<\/span>"]}},"comment_count":"0","relative_dates":{"created":"Publicado 3 a\u00f1os hace","modified":"Actualizado 2 a\u00f1os hace"},"absolute_dates":{"created":"Publicado el 21 de marzo de 2023","modified":"Actualizado el 9 de noviembre de 2023"},"absolute_dates_time":{"created":"Publicado el 21 de marzo de 2023 10:00","modified":"Actualizado el 9 de noviembre de 2023 14:14"},"featured_img_caption":"","series_order":"","_links":{"self":[{"href":"https:\/\/www.ub.edu\/ossma\/es\/wp-json\/wp\/v2\/posts\/46954","targetHints":{"allow":["GET"]}}],"collection":[{"href":"https:\/\/www.ub.edu\/ossma\/es\/wp-json\/wp\/v2\/posts"}],"about":[{"href":"https:\/\/www.ub.edu\/ossma\/es\/wp-json\/wp\/v2\/types\/post"}],"author":[{"embeddable":true,"href":"https:\/\/www.ub.edu\/ossma\/es\/wp-json\/wp\/v2\/users\/1"}],"replies":[{"embeddable":true,"href":"https:\/\/www.ub.edu\/ossma\/es\/wp-json\/wp\/v2\/comments?post=46954"}],"version-history":[{"count":3,"href":"https:\/\/www.ub.edu\/ossma\/es\/wp-json\/wp\/v2\/posts\/46954\/revisions"}],"predecessor-version":[{"id":46963,"href":"https:\/\/www.ub.edu\/ossma\/es\/wp-json\/wp\/v2\/posts\/46954\/revisions\/46963"}],"wp:featuredmedia":[{"embeddable":true,"href":"https:\/\/www.ub.edu\/ossma\/es\/wp-json\/wp\/v2\/media\/42187"}],"wp:attachment":[{"href":"https:\/\/www.ub.edu\/ossma\/es\/wp-json\/wp\/v2\/media?parent=46954"}],"wp:term":[{"taxonomy":"category","embeddable":true,"href":"https:\/\/www.ub.edu\/ossma\/es\/wp-json\/wp\/v2\/categories?post=46954"},{"taxonomy":"post_tag","embeddable":true,"href":"https:\/\/www.ub.edu\/ossma\/es\/wp-json\/wp\/v2\/tags?post=46954"}],"curies":[{"name":"wp","href":"https:\/\/api.w.org\/{rel}","templated":true}]}}