{"id":47806,"date":"2023-05-15T08:56:34","date_gmt":"2023-05-15T08:56:34","guid":{"rendered":"https:\/\/www.ub.edu\/ossma\/sin-categorizar\/verano-tuyo-2023"},"modified":"2023-05-15T08:57:08","modified_gmt":"2023-05-15T08:57:08","slug":"verano-tuyo-2023","status":"publish","type":"post","link":"https:\/\/www.ub.edu\/ossma\/es\/actualidad-atencion-social\/verano-tuyo-2023","title":{"rendered":"El verano es tuyo, 2023"},"content":{"rendered":"\n<p>El programa \u00abEl Verano es tuyo\u00bb es una propuesta de la Agencia Catalana de la Juventud (ACJ) del Departamento de Derechos Sociales de la Generalidad de Catalu\u00f1a que se dirige a los chicos y chicas de 5 a 16 a\u00f1os con el objetivo que se diviertan, aprendiendo, durante las vacaciones de verano en los albergues de la Red Joven de Albergues de Catalu\u00f1a (XANASCAT).<\/p>\n\n<p>Las estancias de \u00abEl verano es tuyo\u00bb buscan garantizar la igualdad de acceso y oportunidades de aprendizaje en el ocio educativo. Los ni\u00f1os y j\u00f3venes, sin perjuicio de su situaci\u00f3n econ\u00f3mica o social, pueden acceder al Verano es tuyo donde encuentran actividades culturales, l\u00fadicas y t\u00e9cnicas orientadas al juego y al recreo y centradas en la adquisici\u00f3n de habilidades y conocimientos por parte del ni\u00f1o y contribuyendo activamente en su desarrollo personal y social.<\/p>\n\n<h2 class=\"wp-block-heading\">Estancias para aprender, crecer y pas\u00e1rselo bien<\/h2>\n\n<p>El per\u00edodo de vacaciones es el per\u00edodo ideal para que los y las j\u00f3venes de Catalu\u00f1a aprendan y mejoren en la tem\u00e1tica que m\u00e1s les gusta y lo hagan de una manera divertida y en un entorno diferente al habitual.<\/p>\n\n<p>Convivir con amigos y amigas y con monitores y monitoras durante unos d\u00edas y, al mismo tiempo, fomentar el aprendizaje en diversos \u00e1mbitos: idiomas, teatro, m\u00fasica, artes esc\u00e9nicas, cine, circo, deporte, naturaleza, ciencia, redes sociales&#8230; la lista es larga!<\/p>\n\n<h2 class=\"wp-block-heading\">Apoyo a las familias y j\u00f3venes<\/h2>\n\n<p>Las <strong>familias numerosas, monoparentales y acogedoras<\/strong> gozan de una reducci\u00f3n equivalente al 10% de la estancia.<\/p>\n\n<p>Los y las j\u00f3venes <strong>titulares del Carnet Joven<\/strong> gozar\u00e1n de una reducci\u00f3n del 5% del total de la estancia.<\/p>\n\n<h2 class=\"wp-block-heading\">Accessibilidad<\/h2>\n\n<p>Sin barreras para ni\u00f1os y j\u00f3venes con diversidad funcional y necesidades educativas. Se trabaja para ofrecer soporte especial y\/o adaptaciones para facilitar a los ni\u00f1os y j\u00f3venes su participaci\u00f3n activa y de forma inclusiva en las estancias.<\/p>\n\n<h2 class=\"wp-block-heading\">La monitorizaci\u00f3n<\/h2>\n\n<p>\u00a1La media de ratios en las estancias de \u201cEl Verano es tuyo!\u201d est\u00e1 por debajo de lo exigido.<\/p>\n\n<p>Se trabaja con <strong>1 monitor o monitora por cada 8 participantes<\/strong>, cuando el exigido es 1 monitor como m\u00ednimo por cada 10 participantes.<\/p>\n\n<p>De esta forma se refuerza la seguridad, los recursos educativos y la supervisi\u00f3n del d\u00eda a d\u00eda de las personas participantes.<\/p>\n\n<p>Los equipos profesionales de las estancias est\u00e1n formados por monitores y monitores y directores y directoras de ocio titulados, as\u00ed como profesionales en la especialidad correspondiente.<\/p>\n\n<h2 class=\"wp-block-heading\">Prevenci\u00f3n y seguridad en las actividades<\/h2>\n\n<p>Las colonias disponen de auditor\u00eda y manual de seguridad.<\/p>\n\n<p>Educamos en conductas de seguridad para mejorar h\u00e1bitos de autoprotecci\u00f3n. Pasarlo bien y no correr riesgos.<\/p>\n\n<p>La seguridad en las actividades que se realizan en las estancias de \u00abEl verano es tuyo\u00bb es un tema primordial para XANASCAT. Por este motivo, se trabaja firmemente en la mejora continua de los recursos y la implantaci\u00f3n de nuevas medidas.<\/p>\n\n<h2 class=\"wp-block-heading\">Educaci\u00f3n emocional<\/h2>\n\n<p>En las estancias se vela por el <strong>bienestar emocional<\/strong> de los ni\u00f1os y j\u00f3venes participantes a partir de din\u00e1micas y actividades transversales.<\/p>\n\n<p>La monitorizaci\u00f3n de las estancias recibe formaci\u00f3n continua en este campo.<\/p>\n\n<h2 class=\"wp-block-heading\">Alimentaci\u00f3n y nutrici\u00f3n<\/h2>\n\n<p>Ofrecemos dietas especiales para alergias e intolerancias alimentarias a trav\u00e9s del servicio de asesoramiento diet\u00e9tico y nutricional.<\/p>\n\n<p>Desde Xanascat se promueve la <strong>alimentaci\u00f3n saludable<\/strong>.<\/p>\n\n<h2 class=\"wp-block-heading\">Albergues variados y de calidad<\/h2>\n\n<p>15 albergues repartidos por todo el territorio y ubicados en lugares de gran inter\u00e9s natural y cultural en la costa, el interior, la monta\u00f1a y la llanura.<\/p>\n\n<p><a href=\"https:\/\/xanascat.gencat.cat\/ca\/programes\/lestiu-es-teu\" target=\"_blank\" rel=\"noreferrer noopener\">Para m\u00e1s informaci\u00f3n<\/a><\/p>\n<div class=\"wp-block-image\">\n<figure class=\"aligncenter size-large is-resized\"><img fetchpriority=\"high\" decoding=\"async\" src=\"https:\/\/xanascat.gencat.cat\/sites\/default\/files\/styles\/750_x_425_node_slide\/public\/images\/headers\/2023-03\/WEB_XANASCAT_750x425.jpg?itok=62opOp47\" alt=\"\" width=\"1026\" height=\"581\"\/><\/figure>\n<\/div>","protected":false},"excerpt":{"rendered":"<p>Es una propuesta de la Agencia Catalana de la Juventud que organiza colonias de verano para ni\u00f1os, ni\u00f1as y j\u00f3venes de 5 a 16 a\u00f1os que quieran aprender y divertirse.<br \/>\nInscripciones: A partir del 12 de abril a las 12 del mediod\u00eda. Sin sorteo de plazas. Reserva directa.<\/p>\n","protected":false},"author":1,"featured_media":47131,"comment_status":"closed","ping_status":"closed","sticky":false,"template":"","format":"standard","meta":{"advgb_blocks_editor_width":"","advgb_blocks_columns_visual_guide":"","footnotes":""},"categories":[262],"tags":[380,293,381],"class_list":["post-47806","post","type-post","status-publish","format-standard","has-post-thumbnail","hentry","category-actualidad-atencion-social","tag-ods10-es","tag-ods3-es","tag-xanascat-es"],"author_meta":{"display_name":"OSSMA","author_link":"https:\/\/www.ub.edu\/ossma\/es\/author\/ossmau1"},"featured_img":"https:\/\/www.ub.edu\/ossma\/wp-content\/uploads\/2023\/04\/Estiu-es-teu1-750x177.jpg","coauthors":[],"tax_additional":{"categories":{"linked":["<a href=\"https:\/\/www.ub.edu\/ossma\/es\/actualidad-atencion-social\" class=\"advgb-post-tax-term\">Atenci\u00f3n social<\/a>"],"unlinked":["<span class=\"advgb-post-tax-term\">Atenci\u00f3n social<\/span>"]},"tags":{"linked":["<a href=\"https:\/\/www.ub.edu\/ossma\/es\/actualidad-atencion-social\" class=\"advgb-post-tax-term\">ods10<\/a>","<a href=\"https:\/\/www.ub.edu\/ossma\/es\/actualidad-atencion-social\" class=\"advgb-post-tax-term\">ods3<\/a>","<a href=\"https:\/\/www.ub.edu\/ossma\/es\/actualidad-atencion-social\" class=\"advgb-post-tax-term\">xanascat<\/a>"],"unlinked":["<span class=\"advgb-post-tax-term\">ods10<\/span>","<span class=\"advgb-post-tax-term\">ods3<\/span>","<span class=\"advgb-post-tax-term\">xanascat<\/span>"]}},"comment_count":"0","relative_dates":{"created":"Publicado 3 a\u00f1os hace","modified":"Actualizado 3 a\u00f1os hace"},"absolute_dates":{"created":"Publicado el 15 de mayo de 2023","modified":"Actualizado el 15 de mayo de 2023"},"absolute_dates_time":{"created":"Publicado el 15 de mayo de 2023 08:56","modified":"Actualizado el 15 de mayo de 2023 08:57"},"featured_img_caption":"","series_order":"","_links":{"self":[{"href":"https:\/\/www.ub.edu\/ossma\/es\/wp-json\/wp\/v2\/posts\/47806","targetHints":{"allow":["GET"]}}],"collection":[{"href":"https:\/\/www.ub.edu\/ossma\/es\/wp-json\/wp\/v2\/posts"}],"about":[{"href":"https:\/\/www.ub.edu\/ossma\/es\/wp-json\/wp\/v2\/types\/post"}],"author":[{"embeddable":true,"href":"https:\/\/www.ub.edu\/ossma\/es\/wp-json\/wp\/v2\/users\/1"}],"replies":[{"embeddable":true,"href":"https:\/\/www.ub.edu\/ossma\/es\/wp-json\/wp\/v2\/comments?post=47806"}],"version-history":[{"count":1,"href":"https:\/\/www.ub.edu\/ossma\/es\/wp-json\/wp\/v2\/posts\/47806\/revisions"}],"predecessor-version":[{"id":47807,"href":"https:\/\/www.ub.edu\/ossma\/es\/wp-json\/wp\/v2\/posts\/47806\/revisions\/47807"}],"wp:featuredmedia":[{"embeddable":true,"href":"https:\/\/www.ub.edu\/ossma\/es\/wp-json\/wp\/v2\/media\/47131"}],"wp:attachment":[{"href":"https:\/\/www.ub.edu\/ossma\/es\/wp-json\/wp\/v2\/media?parent=47806"}],"wp:term":[{"taxonomy":"category","embeddable":true,"href":"https:\/\/www.ub.edu\/ossma\/es\/wp-json\/wp\/v2\/categories?post=47806"},{"taxonomy":"post_tag","embeddable":true,"href":"https:\/\/www.ub.edu\/ossma\/es\/wp-json\/wp\/v2\/tags?post=47806"}],"curies":[{"name":"wp","href":"https:\/\/api.w.org\/{rel}","templated":true}]}}