{"id":4817,"date":"2018-11-08T08:12:50","date_gmt":"2018-11-08T08:12:50","guid":{"rendered":"https:\/\/www.ub.edu\/ossma\/?p=4817"},"modified":"2023-02-23T07:55:15","modified_gmt":"2023-02-23T07:55:15","slug":"molta-informacio-poc-contingut-novembre-aecc","status":"publish","type":"post","link":"https:\/\/www.ub.edu\/ossma\/es\/actualitat-atencio-social\/molta-informacio-poc-contingut-novembre-aecc","title":{"rendered":"Molta informaci\u00f3, poc contingut"},"content":{"rendered":"<div style=\"background-color: #1f6617; padding: 10px; clear: both; color: #fff; margin-bottom: 10px;\">\n<p style=\"text-align: right;\"><em><strong>Programa Solidaritat a l\u2019Empresa<\/strong>\u00a0Novembre 2018<\/em><\/p>\n<p><strong>El consell saludable del mes:<\/strong><\/p>\n<p style=\"background: #1F6617;\">MOLTA INFORMACI\u00d3, POC CONTIGUT<\/p>\n<\/div>\n<p><strong>La teva salut, primer <\/strong><br \/>\n<strong>Novembre del 2018<\/strong><\/p>\n<p>Avui dia rebem quantitats excessives d\u2019informaci\u00f3 que molts cops pot ser contradict\u00f2ria, in\u00fatil, incompleta i no sempre certa, la qual cosa ens deixa molt confosos. Fins i tot hi ha un terme que expressa aquest fenomen: infoxicaci\u00f3.<\/p>\n<p>Estem intoxicats i cada vegada resulta m\u00e9s dif\u00edcil distingir si all\u00f2 que llegim, veiem o escoltem \u00e9s informaci\u00f3 de qualitat i certa o b\u00e9 no \u00e9s fiable. Malauradament, aix\u00f2 passa amb tota mena d\u2019informaci\u00f3 i, principalment, amb la relacionada amb la nostra salut.<\/p>\n<p>Per aquest motiu, <strong>\u00e9s molt important saber quina difer\u00e8ncia hi ha entre ci\u00e8ncia i pseudoci\u00e8ncia<\/strong>; d\u2019aquesta manera podrem saber qu\u00e8 preguntar i qu\u00e8 creure, i, tamb\u00e9, saber diferenciar entre la persona que \u00abens vol vendre la moto\u00bb i el professional que basa la seva pr\u00e0ctica realment en l\u2019evid\u00e8ncia.<\/p>\n<p><a href=\"https:\/\/www.aecc.es\/es\/tu-salud-es-lo-primero\/noviembre-2018\" target=\"_blank\" rel=\"noopener noreferrer\">M\u00e9s informaci\u00f3 sobre aquestes creences err\u00f2nies<\/a><\/p>\n<p><img fetchpriority=\"high\" decoding=\"async\" class=\"alignnone size-full wp-image-4818\" src=\"https:\/\/www.ub.edu\/ossma\/wp-content\/uploads\/2018\/11\/201811-atencio-social-aecc-pseudociencia-noticia.jpg\" alt=\"AECC, fruites\" width=\"563\" height=\"370\" srcset=\"https:\/\/www.ub.edu\/ossma\/wp-content\/uploads\/2018\/11\/201811-atencio-social-aecc-pseudociencia-noticia.jpg 563w, https:\/\/www.ub.edu\/ossma\/wp-content\/uploads\/2018\/11\/201811-atencio-social-aecc-pseudociencia-noticia-110x73.jpg 110w, https:\/\/www.ub.edu\/ossma\/wp-content\/uploads\/2018\/11\/201811-atencio-social-aecc-pseudociencia-noticia-300x197.jpg 300w\" sizes=\"(max-width: 563px) 100vw, 563px\" \/><\/p>\n","protected":false},"excerpt":{"rendered":"<p>Avui dia rebem quantitats excessives d\u2019informaci\u00f3 que molts cops pot ser contradict\u00f2ria, in\u00fatil, incompleta i no sempre certa, la qual cosa ens deixa molt confosos.<\/p>\n","protected":false},"author":1,"featured_media":4818,"comment_status":"closed","ping_status":"closed","sticky":false,"template":"","format":"standard","meta":{"advgb_blocks_editor_width":"","advgb_blocks_columns_visual_guide":"","footnotes":""},"categories":[3,21],"tags":[49,45],"class_list":["post-4817","post","type-post","status-publish","format-standard","has-post-thumbnail","hentry","category-actualitat-atencio-social","category-actualitat-medicina-del-treball","tag-aecc","tag-salut"],"author_meta":{"display_name":"OSSMA","author_link":"https:\/\/www.ub.edu\/ossma\/es\/author\/ossmau1"},"featured_img":"https:\/\/www.ub.edu\/ossma\/wp-content\/uploads\/2018\/11\/201811-atencio-social-aecc-pseudociencia-noticia-300x197.jpg","coauthors":[],"tax_additional":{"categories":{"linked":["<a href=\"https:\/\/www.ub.edu\/ossma\/es\/actualitat-atencio-social\" class=\"advgb-post-tax-term\">Atenci\u00f3 social<\/a>","<a href=\"https:\/\/www.ub.edu\/ossma\/es\/actualitat-medicina-del-treball\" class=\"advgb-post-tax-term\">Medicina del treball<\/a>"],"unlinked":["<span class=\"advgb-post-tax-term\">Atenci\u00f3 social<\/span>","<span class=\"advgb-post-tax-term\">Medicina del treball<\/span>"]},"tags":{"linked":["<a href=\"https:\/\/www.ub.edu\/ossma\/es\/actualitat-medicina-del-treball\" class=\"advgb-post-tax-term\">AECC<\/a>","<a href=\"https:\/\/www.ub.edu\/ossma\/es\/actualitat-medicina-del-treball\" class=\"advgb-post-tax-term\">salut<\/a>"],"unlinked":["<span class=\"advgb-post-tax-term\">AECC<\/span>","<span class=\"advgb-post-tax-term\">salut<\/span>"]}},"comment_count":"0","relative_dates":{"created":"Publicado 7 a\u00f1os hace","modified":"Actualizado 3 a\u00f1os hace"},"absolute_dates":{"created":"Publicado el 8 de noviembre de 2018","modified":"Actualizado el 23 de febrero de 2023"},"absolute_dates_time":{"created":"Publicado el 8 de noviembre de 2018 08:12","modified":"Actualizado el 23 de febrero de 2023 07:55"},"featured_img_caption":"","series_order":"","_links":{"self":[{"href":"https:\/\/www.ub.edu\/ossma\/es\/wp-json\/wp\/v2\/posts\/4817","targetHints":{"allow":["GET"]}}],"collection":[{"href":"https:\/\/www.ub.edu\/ossma\/es\/wp-json\/wp\/v2\/posts"}],"about":[{"href":"https:\/\/www.ub.edu\/ossma\/es\/wp-json\/wp\/v2\/types\/post"}],"author":[{"embeddable":true,"href":"https:\/\/www.ub.edu\/ossma\/es\/wp-json\/wp\/v2\/users\/1"}],"replies":[{"embeddable":true,"href":"https:\/\/www.ub.edu\/ossma\/es\/wp-json\/wp\/v2\/comments?post=4817"}],"version-history":[{"count":4,"href":"https:\/\/www.ub.edu\/ossma\/es\/wp-json\/wp\/v2\/posts\/4817\/revisions"}],"predecessor-version":[{"id":45437,"href":"https:\/\/www.ub.edu\/ossma\/es\/wp-json\/wp\/v2\/posts\/4817\/revisions\/45437"}],"wp:featuredmedia":[{"embeddable":true,"href":"https:\/\/www.ub.edu\/ossma\/es\/wp-json\/wp\/v2\/media\/4818"}],"wp:attachment":[{"href":"https:\/\/www.ub.edu\/ossma\/es\/wp-json\/wp\/v2\/media?parent=4817"}],"wp:term":[{"taxonomy":"category","embeddable":true,"href":"https:\/\/www.ub.edu\/ossma\/es\/wp-json\/wp\/v2\/categories?post=4817"},{"taxonomy":"post_tag","embeddable":true,"href":"https:\/\/www.ub.edu\/ossma\/es\/wp-json\/wp\/v2\/tags?post=4817"}],"curies":[{"name":"wp","href":"https:\/\/api.w.org\/{rel}","templated":true}]}}