{"id":53415,"date":"2023-11-21T10:22:48","date_gmt":"2023-11-21T10:22:48","guid":{"rendered":"https:\/\/www.ub.edu\/ossma?p=53415"},"modified":"2024-03-12T12:36:01","modified_gmt":"2024-03-12T12:36:01","slug":"vacances-en-familia-2024","status":"publish","type":"post","link":"https:\/\/www.ub.edu\/ossma\/es\/actualitat-atencio-social\/vacances-en-familia-2024","title":{"rendered":"Vacances en fam\u00edlia 2024"},"content":{"rendered":"\n<p>El programa <strong>&#8216;Vacances en fam\u00edlia\u2019&nbsp;<\/strong>de la&nbsp;<strong>Xanascat&nbsp;<\/strong>s\u2019adre\u00e7a a totes aquelles fam\u00edlies amb infants menors de divuit anys que volen allunyar-se del menjador de casa per viure una experi\u00e8ncia diferent, que les&nbsp;uneixi i les&nbsp;faci aprendre conjuntament i amb altres fam\u00edlies.<\/p>\n\n\n\n<p><strong>Per\u00edode de preinscripcions per a la 1a convocat\u00f2ria 2024<\/strong><\/p>\n\n\n\n<p>Des del dia 27 de novembre a partir de les 12:00 h del migdia podreu tramitar la vostra preinscripci\u00f3 accedint a trav\u00e9s del <a href=\"https:\/\/xanascat.gencat.cat\/PortalPreinscripcions\/\">Portal de preinscripcions<\/a>. El termini de preinscripcions finalitzar\u00e0 el pr\u00f2xim 11 de desembre de 2023 i el 13 de desembre celebrarem el sorteig davant notari.<\/p>\n\n\n\n<p><a href=\"https:\/\/xanascat.gencat.cat\/ca\/programes\/vacances-en-familia\">Per a m\u00e9s informaci\u00f3 visiteu la p\u00e0gina seg\u00fcent<\/a>.<\/p>\n\n\n<div class=\"wp-block-image\">\n<figure class=\"aligncenter size-full is-resized\"><img fetchpriority=\"high\" decoding=\"async\" width=\"300\" height=\"300\" src=\"https:\/\/www.ub.edu\/ossma\/wp-content\/uploads\/2023\/11\/300x300_banner_vef_2024.jpg\" alt=\"Vacances en familia temporada 2024, preinscripcions del 27 de novembre fins a l'11 de desembre\" class=\"wp-image-53425\" style=\"width:642px;height:auto\" srcset=\"https:\/\/www.ub.edu\/ossma\/wp-content\/uploads\/2023\/11\/300x300_banner_vef_2024.jpg 300w, https:\/\/www.ub.edu\/ossma\/wp-content\/uploads\/2023\/11\/300x300_banner_vef_2024-200x200.jpg 200w\" sizes=\"(max-width: 300px) 100vw, 300px\" \/><\/figure>\n<\/div>","protected":false},"excerpt":{"rendered":"<p>S&#8217;obren les preinscripcions de la primera convocat\u00f2ria de Vacances en fam\u00edlia 2024.<\/p>\n","protected":false},"author":1,"featured_media":53434,"comment_status":"closed","ping_status":"closed","sticky":false,"template":"","format":"standard","meta":{"advgb_blocks_editor_width":"","advgb_blocks_columns_visual_guide":"","footnotes":""},"categories":[3],"tags":[13,55,141,12],"class_list":["post-53415","post","type-post","status-publish","format-standard","has-post-thumbnail","hentry","category-actualitat-atencio-social","tag-ajudes","tag-familia-2","tag-ods10","tag-vacances"],"author_meta":{"display_name":"OSSMA","author_link":"https:\/\/www.ub.edu\/ossma\/es\/author\/ossmau1"},"featured_img":"https:\/\/www.ub.edu\/ossma\/wp-content\/uploads\/2023\/11\/1900x400_capcaleres_vef_2024_0-750x158.jpg","coauthors":[],"tax_additional":{"categories":{"linked":["<a href=\"https:\/\/www.ub.edu\/ossma\/es\/actualitat-atencio-social\" class=\"advgb-post-tax-term\">Atenci\u00f3 social<\/a>"],"unlinked":["<span class=\"advgb-post-tax-term\">Atenci\u00f3 social<\/span>"]},"tags":{"linked":["<a href=\"https:\/\/www.ub.edu\/ossma\/es\/actualitat-atencio-social\" class=\"advgb-post-tax-term\">ajudes<\/a>","<a href=\"https:\/\/www.ub.edu\/ossma\/es\/actualitat-atencio-social\" class=\"advgb-post-tax-term\">fam\u00edlia<\/a>","<a href=\"https:\/\/www.ub.edu\/ossma\/es\/actualitat-atencio-social\" class=\"advgb-post-tax-term\">ods10<\/a>","<a href=\"https:\/\/www.ub.edu\/ossma\/es\/actualitat-atencio-social\" class=\"advgb-post-tax-term\">vacances<\/a>"],"unlinked":["<span class=\"advgb-post-tax-term\">ajudes<\/span>","<span class=\"advgb-post-tax-term\">fam\u00edlia<\/span>","<span class=\"advgb-post-tax-term\">ods10<\/span>","<span class=\"advgb-post-tax-term\">vacances<\/span>"]}},"comment_count":"0","relative_dates":{"created":"Publicado 2 a\u00f1os hace","modified":"Actualizado 2 a\u00f1os hace"},"absolute_dates":{"created":"Publicado el 21 de noviembre de 2023","modified":"Actualizado el 12 de marzo de 2024"},"absolute_dates_time":{"created":"Publicado el 21 de noviembre de 2023 10:22","modified":"Actualizado el 12 de marzo de 2024 12:36"},"featured_img_caption":"","series_order":"","_links":{"self":[{"href":"https:\/\/www.ub.edu\/ossma\/es\/wp-json\/wp\/v2\/posts\/53415","targetHints":{"allow":["GET"]}}],"collection":[{"href":"https:\/\/www.ub.edu\/ossma\/es\/wp-json\/wp\/v2\/posts"}],"about":[{"href":"https:\/\/www.ub.edu\/ossma\/es\/wp-json\/wp\/v2\/types\/post"}],"author":[{"embeddable":true,"href":"https:\/\/www.ub.edu\/ossma\/es\/wp-json\/wp\/v2\/users\/1"}],"replies":[{"embeddable":true,"href":"https:\/\/www.ub.edu\/ossma\/es\/wp-json\/wp\/v2\/comments?post=53415"}],"version-history":[{"count":3,"href":"https:\/\/www.ub.edu\/ossma\/es\/wp-json\/wp\/v2\/posts\/53415\/revisions"}],"predecessor-version":[{"id":66402,"href":"https:\/\/www.ub.edu\/ossma\/es\/wp-json\/wp\/v2\/posts\/53415\/revisions\/66402"}],"wp:featuredmedia":[{"embeddable":true,"href":"https:\/\/www.ub.edu\/ossma\/es\/wp-json\/wp\/v2\/media\/53434"}],"wp:attachment":[{"href":"https:\/\/www.ub.edu\/ossma\/es\/wp-json\/wp\/v2\/media?parent=53415"}],"wp:term":[{"taxonomy":"category","embeddable":true,"href":"https:\/\/www.ub.edu\/ossma\/es\/wp-json\/wp\/v2\/categories?post=53415"},{"taxonomy":"post_tag","embeddable":true,"href":"https:\/\/www.ub.edu\/ossma\/es\/wp-json\/wp\/v2\/tags?post=53415"}],"curies":[{"name":"wp","href":"https:\/\/api.w.org\/{rel}","templated":true}]}}