{"id":53566,"date":"2023-11-22T13:31:03","date_gmt":"2023-11-22T13:31:03","guid":{"rendered":"https:\/\/www.ub.edu\/ossma?p=53566"},"modified":"2023-11-22T13:33:18","modified_gmt":"2023-11-22T13:33:18","slug":"la-recollida-de-taps-amb-lassociacio-forcame-arriba-als-954-kg","status":"publish","type":"post","link":"https:\/\/www.ub.edu\/ossma\/es\/actualitat-atencio-social\/la-recollida-de-taps-amb-lassociacio-forcame-arriba-als-954-kg","title":{"rendered":"La recollida de taps amb l\u2019Associaci\u00f3 For\u00e7AME\u00a0 arriba als 95,4 Kg"},"content":{"rendered":"\n<p>Amb data 22 de novembre, <strong>l<strong>\u2019Associaci\u00f3 For\u00e7AME va recollir els  95,4 quilograms de taps que la comunitat universit\u00e0ria ha anat dipositant al llarg de les darreres setmanes als contenidors<\/strong> desplegats a les biblioteques del CRAI i a les facultats de Belles Arts i de Ci\u00e8ncies de la Terra.\u00a0\u00a0<\/strong><\/p>\n\n\n\n<p>La UB col\u00b7labora amb aquesta associaci\u00f3 sense \u00e0nim de lucre, que va n\u00e9ixer amb l\u2019objectiu d\u2019ajudar en la investigaci\u00f3 de la malaltia <strong>AME <\/strong>(<strong>Atr\u00f2fia muscular espinal<\/strong>), concretament al projecte d\u2019hist\u00f2ria natural de l\u2019AME de l\u2019Hospital Sant Joan de D\u00e9u de Barcelona.&nbsp;<\/p>\n\n\n\n<p>Gr\u00e0cies a tothom per participar-hi!<\/p>\n\n\n<div class=\"wp-block-image\">\n<figure class=\"aligncenter size-large is-resized\"><img fetchpriority=\"high\" decoding=\"async\" width=\"286\" height=\"400\" src=\"https:\/\/www.ub.edu\/ossma\/wp-content\/uploads\/2023\/11\/contenidor_taps-286x400.png\" alt=\"contenidor recollida taps\" class=\"wp-image-53579\" style=\"width:415px;height:auto\" srcset=\"https:\/\/www.ub.edu\/ossma\/wp-content\/uploads\/2023\/11\/contenidor_taps-286x400.png 286w, https:\/\/www.ub.edu\/ossma\/wp-content\/uploads\/2023\/11\/contenidor_taps-357x500.png 357w, https:\/\/www.ub.edu\/ossma\/wp-content\/uploads\/2023\/11\/contenidor_taps.png 500w\" sizes=\"(max-width: 286px) 100vw, 286px\" \/><\/figure>\n<\/div>","protected":false},"excerpt":{"rendered":"<p>El 22 de novembre l&#8217;Associaci\u00f3 For\u00e7AME va recollir 95,4 kg de taps que la comunitat universit\u00e0ria ha dipositat als contenidors desplegats a la UB.<\/p>\n","protected":false},"author":1,"featured_media":40917,"comment_status":"closed","ping_status":"closed","sticky":false,"template":"","format":"standard","meta":{"advgb_blocks_editor_width":"","advgb_blocks_columns_visual_guide":"","footnotes":""},"categories":[3,20],"tags":[124,123,28,27,209],"class_list":["post-53566","post","type-post","status-publish","format-standard","has-post-thumbnail","hentry","category-actualitat-atencio-social","category-actualitat-medi-ambient","tag-ods12","tag-ods3","tag-recursos","tag-residus","tag-taps-solidaris"],"author_meta":{"display_name":"OSSMA","author_link":"https:\/\/www.ub.edu\/ossma\/es\/author\/ossmau1"},"featured_img":"https:\/\/www.ub.edu\/ossma\/wp-content\/uploads\/2022\/09\/1270x300-recollida-taps-ame-300x71.jpg","coauthors":[],"tax_additional":{"categories":{"linked":["<a href=\"https:\/\/www.ub.edu\/ossma\/es\/actualitat-atencio-social\" class=\"advgb-post-tax-term\">Atenci\u00f3 social<\/a>","<a href=\"https:\/\/www.ub.edu\/ossma\/es\/actualitat-medi-ambient\" class=\"advgb-post-tax-term\">Medi Ambient<\/a>"],"unlinked":["<span class=\"advgb-post-tax-term\">Atenci\u00f3 social<\/span>","<span class=\"advgb-post-tax-term\">Medi Ambient<\/span>"]},"tags":{"linked":["<a href=\"https:\/\/www.ub.edu\/ossma\/es\/actualitat-medi-ambient\" class=\"advgb-post-tax-term\">ods12<\/a>","<a href=\"https:\/\/www.ub.edu\/ossma\/es\/actualitat-medi-ambient\" class=\"advgb-post-tax-term\">ods3<\/a>","<a href=\"https:\/\/www.ub.edu\/ossma\/es\/actualitat-medi-ambient\" class=\"advgb-post-tax-term\">recursos<\/a>","<a href=\"https:\/\/www.ub.edu\/ossma\/es\/actualitat-medi-ambient\" class=\"advgb-post-tax-term\">residus<\/a>","<a href=\"https:\/\/www.ub.edu\/ossma\/es\/actualitat-medi-ambient\" class=\"advgb-post-tax-term\">Taps solidaris<\/a>"],"unlinked":["<span class=\"advgb-post-tax-term\">ods12<\/span>","<span class=\"advgb-post-tax-term\">ods3<\/span>","<span class=\"advgb-post-tax-term\">recursos<\/span>","<span class=\"advgb-post-tax-term\">residus<\/span>","<span class=\"advgb-post-tax-term\">Taps solidaris<\/span>"]}},"comment_count":"0","relative_dates":{"created":"Publicado 2 a\u00f1os hace","modified":"Actualizado 2 a\u00f1os hace"},"absolute_dates":{"created":"Publicado el 22 de noviembre de 2023","modified":"Actualizado el 22 de noviembre de 2023"},"absolute_dates_time":{"created":"Publicado el 22 de noviembre de 2023 13:31","modified":"Actualizado el 22 de noviembre de 2023 13:33"},"featured_img_caption":"","series_order":"","_links":{"self":[{"href":"https:\/\/www.ub.edu\/ossma\/es\/wp-json\/wp\/v2\/posts\/53566","targetHints":{"allow":["GET"]}}],"collection":[{"href":"https:\/\/www.ub.edu\/ossma\/es\/wp-json\/wp\/v2\/posts"}],"about":[{"href":"https:\/\/www.ub.edu\/ossma\/es\/wp-json\/wp\/v2\/types\/post"}],"author":[{"embeddable":true,"href":"https:\/\/www.ub.edu\/ossma\/es\/wp-json\/wp\/v2\/users\/1"}],"replies":[{"embeddable":true,"href":"https:\/\/www.ub.edu\/ossma\/es\/wp-json\/wp\/v2\/comments?post=53566"}],"version-history":[{"count":3,"href":"https:\/\/www.ub.edu\/ossma\/es\/wp-json\/wp\/v2\/posts\/53566\/revisions"}],"predecessor-version":[{"id":61498,"href":"https:\/\/www.ub.edu\/ossma\/es\/wp-json\/wp\/v2\/posts\/53566\/revisions\/61498"}],"wp:featuredmedia":[{"embeddable":true,"href":"https:\/\/www.ub.edu\/ossma\/es\/wp-json\/wp\/v2\/media\/40917"}],"wp:attachment":[{"href":"https:\/\/www.ub.edu\/ossma\/es\/wp-json\/wp\/v2\/media?parent=53566"}],"wp:term":[{"taxonomy":"category","embeddable":true,"href":"https:\/\/www.ub.edu\/ossma\/es\/wp-json\/wp\/v2\/categories?post=53566"},{"taxonomy":"post_tag","embeddable":true,"href":"https:\/\/www.ub.edu\/ossma\/es\/wp-json\/wp\/v2\/tags?post=53566"}],"curies":[{"name":"wp","href":"https:\/\/api.w.org\/{rel}","templated":true}]}}