{"id":5376,"date":"2013-04-22T16:14:52","date_gmt":"2013-04-22T14:14:52","guid":{"rendered":"http:\/\/www.ub.edu\/plasostenibilitat\/?p=717"},"modified":"2024-08-27T09:32:02","modified_gmt":"2024-08-27T09:32:02","slug":"intercanvi-llibres-sant-jordi-i-mes","status":"publish","type":"post","link":"https:\/\/www.ub.edu\/ossma\/es\/actualitat-medi-ambient\/intercanvi-llibres-sant-jordi-i-mes","title":{"rendered":"Intercanvi de llibres per Sant Jordi&#8230; i tot l&#8217;any"},"content":{"rendered":"\n<p>Durant els dies previs i al llarg de la setmana de Sant Jordi es concentren nombroses activitats lligades al llibre i la literatura. La sostenibilitat tamb\u00e9 est\u00e0 present en aquesta diada mitjan\u00e7ant els punts d&#8217;intercanvi de llibres, que promouen la reutilitzaci\u00f3 d&#8217;aquests objectes tan valuosos. Aix\u00ed, cada cop que cedim un llibre a una nova persona perqu\u00e8 el llegeixi estem contribuint a reduir el consum de recursos naturals. Des de la <a href=\"https:\/\/www.ub.edu\/enxarxats\/\" target=\"_blank\" rel=\"noreferrer noopener\">Xarxa de Dinamitzaci\u00f3 Ling\u00fc\u00edstica de la UB<\/a> es promouen diversos punts d&#8217;intercanvi de llibres, com ara<\/p>\n\n\n\n<ul class=\"wp-block-list\">\n<li>Biblioteconomia i Documentaci\u00f3<\/li>\n\n\n\n<li><a href=\"https:\/\/www.ub.edu\/enxarxats\/la-primavera-de-la-llengua-a-la-facultat-deconomia-i-empresa.html\" target=\"_blank\" rel=\"noreferrer noopener\">Economia i Empresa<\/a><\/li>\n\n\n\n<li><a href=\"https:\/\/www.ub.edu\/enxarxats\/sant-jordi-a-fisica-i-a-quimica.html\" target=\"_blank\" rel=\"noreferrer noopener\">F\u00edsica i Qu\u00edmica<\/a><\/li>\n<\/ul>\n\n\n\n<p>Per als que vulgueu intercanviar llibres al llarg de tot el curs, teniu disponible el punt d&#8217;intercanvi permanent de la Facultat de Biblioteconomia i Documentaci\u00f3, ubicat a la segona planta d&#8217;aquest centre, al carrer Melcior de Palau 140.<\/p>\n\n\n\n<figure class=\"wp-block-image\"><img fetchpriority=\"high\" decoding=\"async\" width=\"1024\" height=\"768\" src=\"https:\/\/www.ub.edu\/ossma\/wp-content\/uploads\/2013\/04\/intercanvidellibres-1024x768.jpg\" alt=\"\" class=\"wp-image-7312\"\/><\/figure>\n\n\n\n<p><em>Punt d&#8217;intercanvi de llibres a la Facultat de Biblioteconomia i Documentaci\u00f3 de la Universitat de Barcelona<\/em><\/p>\n","protected":false},"excerpt":{"rendered":"<p>Durant els dies previs i al llarg de la setmana de Sant Jordi es concentren nombroses activitats lligades al llibre i la literatura.<\/p>\n","protected":false},"author":1,"featured_media":56690,"comment_status":"open","ping_status":"open","sticky":false,"template":"","format":"standard","meta":{"advgb_blocks_editor_width":"","advgb_blocks_columns_visual_guide":"","footnotes":""},"categories":[20],"tags":[84,98,86],"class_list":["post-5376","post","type-post","status-publish","format-standard","has-post-thumbnail","hentry","category-actualitat-medi-ambient","tag-compartir-recursos","tag-consum-responsable","tag-reutilitzar"],"author_meta":{"display_name":"OSSMA","author_link":"https:\/\/www.ub.edu\/ossma\/es\/author\/ossmau1"},"featured_img":"https:\/\/www.ub.edu\/ossma\/wp-content\/uploads\/2024\/02\/capcalera-mediambient-altres-750x177.jpg","coauthors":[],"tax_additional":{"categories":{"linked":["<a href=\"https:\/\/www.ub.edu\/ossma\/es\/actualitat-medi-ambient\" class=\"advgb-post-tax-term\">Medi Ambient<\/a>"],"unlinked":["<span class=\"advgb-post-tax-term\">Medi Ambient<\/span>"]},"tags":{"linked":["<a href=\"https:\/\/www.ub.edu\/ossma\/es\/actualitat-medi-ambient\" class=\"advgb-post-tax-term\">compartir recursos<\/a>","<a href=\"https:\/\/www.ub.edu\/ossma\/es\/actualitat-medi-ambient\" class=\"advgb-post-tax-term\">consum responsable<\/a>","<a href=\"https:\/\/www.ub.edu\/ossma\/es\/actualitat-medi-ambient\" class=\"advgb-post-tax-term\">reutilitzar<\/a>"],"unlinked":["<span class=\"advgb-post-tax-term\">compartir recursos<\/span>","<span class=\"advgb-post-tax-term\">consum responsable<\/span>","<span class=\"advgb-post-tax-term\">reutilitzar<\/span>"]}},"comment_count":"0","relative_dates":{"created":"Publicado 13 a\u00f1os hace","modified":"Actualizado 2 a\u00f1os hace"},"absolute_dates":{"created":"Publicado el 22 de abril de 2013","modified":"Actualizado el 27 de agosto de 2024"},"absolute_dates_time":{"created":"Publicado el 22 de abril de 2013 16:14","modified":"Actualizado el 27 de agosto de 2024 09:32"},"featured_img_caption":"","series_order":"","_links":{"self":[{"href":"https:\/\/www.ub.edu\/ossma\/es\/wp-json\/wp\/v2\/posts\/5376","targetHints":{"allow":["GET"]}}],"collection":[{"href":"https:\/\/www.ub.edu\/ossma\/es\/wp-json\/wp\/v2\/posts"}],"about":[{"href":"https:\/\/www.ub.edu\/ossma\/es\/wp-json\/wp\/v2\/types\/post"}],"author":[{"embeddable":true,"href":"https:\/\/www.ub.edu\/ossma\/es\/wp-json\/wp\/v2\/users\/1"}],"replies":[{"embeddable":true,"href":"https:\/\/www.ub.edu\/ossma\/es\/wp-json\/wp\/v2\/comments?post=5376"}],"version-history":[{"count":6,"href":"https:\/\/www.ub.edu\/ossma\/es\/wp-json\/wp\/v2\/posts\/5376\/revisions"}],"predecessor-version":[{"id":63158,"href":"https:\/\/www.ub.edu\/ossma\/es\/wp-json\/wp\/v2\/posts\/5376\/revisions\/63158"}],"wp:featuredmedia":[{"embeddable":true,"href":"https:\/\/www.ub.edu\/ossma\/es\/wp-json\/wp\/v2\/media\/56690"}],"wp:attachment":[{"href":"https:\/\/www.ub.edu\/ossma\/es\/wp-json\/wp\/v2\/media?parent=5376"}],"wp:term":[{"taxonomy":"category","embeddable":true,"href":"https:\/\/www.ub.edu\/ossma\/es\/wp-json\/wp\/v2\/categories?post=5376"},{"taxonomy":"post_tag","embeddable":true,"href":"https:\/\/www.ub.edu\/ossma\/es\/wp-json\/wp\/v2\/tags?post=5376"}],"curies":[{"name":"wp","href":"https:\/\/api.w.org\/{rel}","templated":true}]}}