{"id":5388,"date":"2013-10-31T16:05:35","date_gmt":"2013-10-31T15:05:35","guid":{"rendered":"http:\/\/www.ub.edu\/plasostenibilitat\/?p=1166"},"modified":"2024-08-02T09:10:31","modified_gmt":"2024-08-02T09:10:31","slug":"iii-forum-ecrz","status":"publish","type":"post","link":"https:\/\/www.ub.edu\/ossma\/es\/actualitat-medi-ambient\/iii-forum-ecrz","title":{"rendered":"La UB participa en el III F\u00f2rum Estrat\u00e8gia Catalana Residu Zero (19 de novembre, Barcelona)"},"content":{"rendered":"\n<p>L&#8217;any 2011 diferents sectors de la societat catalana (empreses, universitats, entitats socials i municipis) preocupats per la inefici\u00e8ncia de l&#8217;actual model de consum de recursos i generaci\u00f3 de residus es van unir \u2015amb el suport de l&#8217;Ag\u00e8ncia de Residus de Catalunya (ARC)\u2015 per treballar un programa a llarg termini que contribueixi a impulsar estrat\u00e8gies per canviar aquest model.<\/p>\n\n\n\n<p>Des d&#8217;aleshores, cada any s&#8217;organitza un f\u00f2rum de debat per compartir els aven\u00e7os i definir les noves orientacions d&#8217;aquesta iniciativa per als anys vinents. El <strong>III F\u00f2rum de l&#8217;Estrat\u00e8gia Catalana Residu Zero <\/strong>se celebrar\u00e0 el pr\u00f2xim dimarts <strong>19 de novembre de 9 a 14:30&nbsp;hores a la Sala d&#8217;actes de l&#8217;edifici V\u00e8rtex de la Universitat Polit\u00e8cnica de Catalunya<\/strong> (carrer d&#8217;Eusebi Guell, 6 &#8211; Barcelona), i comptar\u00e0 amb la participaci\u00f3 de totes les universitats catalanes que formen part de l&#8217;estrat\u00e8gia.<\/p>\n\n\n\n<p>Aprofitant que l&#8217;ARC est\u00e0 a punt de presentar els nous plans per a la planificaci\u00f3 estrat\u00e8gica en la gesti\u00f3 dels residus a Catalunya, <strong>el III F\u00f2rum&nbsp;es constitueix com un espai de debat<\/strong> per avaluar aquests nous plans institucionals, aix\u00ed com per debatre i formular noves idees que impulsin l&#8217;acci\u00f3 de les administracions i la voluntat de la ciutadania del nostre pa\u00eds. Per fer-ho es comptar\u00e0 amb la pres\u00e8ncia d&#8217;especialistes en la planificaci\u00f3 territorial vinculada a la gesti\u00f3 ambiental, t\u00e8cnics municipals que treballen la gesti\u00f3 dels residus sobre el terreny, investigadors de les universitats catalanes i professionals vinculats a aquest m\u00f3n.<\/p>\n\n\n\n<p><strong>La participaci\u00f3 en el III F\u00f2rum \u00e9s gratu\u00efta i oberta a qualsevol persona de la comunitat universit\u00e0ria<\/strong> interessada a prendre part en aquest proc\u00e9s. Nom\u00e9s cal que us inscriviu <a title=\"Inscripci\u00f3 III F\u00f2rum\" href=\"http:\/\/www.residusiconsum.org\/index.php?option=com_contact&amp;view=contact&amp;id=1&amp;Itemid=3\" target=\"_blank\" rel=\"noopener noreferrer\">aqu\u00ed<\/a> o al tel\u00e8fon 93 668 61 07.<\/p>\n\n\n\n<p><a href=\"http:\/\/www.residusiconsum.org\/index.php?option=com_contact&amp;view=contact&amp;id=1&amp;Itemid=3\" target=\"_blank\" rel=\"noreferrer noopener\">Inscripci\u00f3&nbsp;gratu\u00efta<\/a> |&nbsp;<a title=\"Programa III F\u00f2rum ECRZ\" rel=\"noopener noreferrer\" href=\"http:\/\/www.residusiconsum.org\/index.php?option=com_docman&amp;task=doc_download&amp;gid=257&amp;Itemid=\" target=\"_blank\">Programa III F\u00f2rum Estrat\u00e8gia Catalana Residu Zero<\/a> (0.9 MB) |&nbsp;<a title=\"Com arribar III F\u00f2rum\" rel=\"noopener noreferrer\" href=\"http:\/\/goo.gl\/maps\/EyolA\" target=\"_blank\">Com arribar en transport p\u00fablic<\/a>&nbsp;(metro L3 &#8211; Palau Reial)<\/p>\n\n\n\n<p>La UB forma part de la comissi\u00f3 promotora de&nbsp;l&#8217;Estrat\u00e8gia Catalana Residu Zero, i coordina junt amb la UPC la Xarxa d&#8217;Universitats Residu Zero, que al llarg del darrer any ha impulsat dos projectes: l&#8217;elaboraci\u00f3 d&#8217;una metodologia per a l&#8217;elaboraci\u00f3 de plans de prevenci\u00f3 de residus a les universitats, i el disseny d&#8217;una aplicaci\u00f3 de projectes docents en Residu Zero. Ambd\u00f3s es troben encara en fase de desenvolupament.<\/p>\n\n\n\n<p>Aquesta activitat&nbsp;forma part de les accions LE-6.21 i LE-6.22 del Pla de Sostenibilitat de la UB.<\/p>\n\n\n\n<p><img decoding=\"async\" width=\"200\" height=\"116\" class=\"alignnone wp-image-7267 size-full\" src=\"https:\/\/www.ub.edu\/ossma\/wp-content\/uploads\/2013\/10\/estrategiacatalanaresiduzero.gif\" alt=\"Estrat\u00e8gia catalana residu zero\"><\/p>\n\n\n\n<p><\/p>\n","protected":false},"excerpt":{"rendered":"<p>L\u2019any 2011 diferents sectors de la societat catalana (empreses, universitats, entitats socials i municipis) preocupats per la inefici\u00e8ncia de l\u2019actual model de consum de recursos i generaci\u00f3 de residus es van unir \u2015amb el suport de l\u2019Ag\u00e8ncia de Residus de Catalunya (ARC)\u2015 per treballar un programa a llarg termini que contribueixi a impulsar estrat\u00e8gies per canviar aquest model.<\/p>\n","protected":false},"author":1,"featured_media":7267,"comment_status":"open","ping_status":"open","sticky":false,"template":"","format":"standard","meta":{"advgb_blocks_editor_width":"","advgb_blocks_columns_visual_guide":"","footnotes":""},"categories":[20],"tags":[73,27,86],"class_list":["post-5388","post","type-post","status-publish","format-standard","has-post-thumbnail","hentry","category-actualitat-medi-ambient","tag-residu-zero","tag-residus","tag-reutilitzar"],"author_meta":{"display_name":"OSSMA","author_link":"https:\/\/www.ub.edu\/ossma\/es\/author\/ossmau1"},"featured_img":"https:\/\/www.ub.edu\/ossma\/wp-content\/uploads\/2013\/10\/estrategiacatalanaresiduzero-e1558594015434.gif","coauthors":[],"tax_additional":{"categories":{"linked":["<a href=\"https:\/\/www.ub.edu\/ossma\/es\/actualitat-medi-ambient\" class=\"advgb-post-tax-term\">Medi Ambient<\/a>"],"unlinked":["<span class=\"advgb-post-tax-term\">Medi Ambient<\/span>"]},"tags":{"linked":["<a href=\"https:\/\/www.ub.edu\/ossma\/es\/actualitat-medi-ambient\" class=\"advgb-post-tax-term\">Residu Zero<\/a>","<a href=\"https:\/\/www.ub.edu\/ossma\/es\/actualitat-medi-ambient\" class=\"advgb-post-tax-term\">residus<\/a>","<a href=\"https:\/\/www.ub.edu\/ossma\/es\/actualitat-medi-ambient\" class=\"advgb-post-tax-term\">reutilitzar<\/a>"],"unlinked":["<span class=\"advgb-post-tax-term\">Residu Zero<\/span>","<span class=\"advgb-post-tax-term\">residus<\/span>","<span class=\"advgb-post-tax-term\">reutilitzar<\/span>"]}},"comment_count":"0","relative_dates":{"created":"Publicado 13 a\u00f1os hace","modified":"Actualizado 2 a\u00f1os hace"},"absolute_dates":{"created":"Publicado el 31 de octubre de 2013","modified":"Actualizado el 2 de agosto de 2024"},"absolute_dates_time":{"created":"Publicado el 31 de octubre de 2013 16:05","modified":"Actualizado el 2 de agosto de 2024 09:10"},"featured_img_caption":"","series_order":"","_links":{"self":[{"href":"https:\/\/www.ub.edu\/ossma\/es\/wp-json\/wp\/v2\/posts\/5388","targetHints":{"allow":["GET"]}}],"collection":[{"href":"https:\/\/www.ub.edu\/ossma\/es\/wp-json\/wp\/v2\/posts"}],"about":[{"href":"https:\/\/www.ub.edu\/ossma\/es\/wp-json\/wp\/v2\/types\/post"}],"author":[{"embeddable":true,"href":"https:\/\/www.ub.edu\/ossma\/es\/wp-json\/wp\/v2\/users\/1"}],"replies":[{"embeddable":true,"href":"https:\/\/www.ub.edu\/ossma\/es\/wp-json\/wp\/v2\/comments?post=5388"}],"version-history":[{"count":5,"href":"https:\/\/www.ub.edu\/ossma\/es\/wp-json\/wp\/v2\/posts\/5388\/revisions"}],"predecessor-version":[{"id":63029,"href":"https:\/\/www.ub.edu\/ossma\/es\/wp-json\/wp\/v2\/posts\/5388\/revisions\/63029"}],"wp:featuredmedia":[{"embeddable":true,"href":"https:\/\/www.ub.edu\/ossma\/es\/wp-json\/wp\/v2\/media\/7267"}],"wp:attachment":[{"href":"https:\/\/www.ub.edu\/ossma\/es\/wp-json\/wp\/v2\/media?parent=5388"}],"wp:term":[{"taxonomy":"category","embeddable":true,"href":"https:\/\/www.ub.edu\/ossma\/es\/wp-json\/wp\/v2\/categories?post=5388"},{"taxonomy":"post_tag","embeddable":true,"href":"https:\/\/www.ub.edu\/ossma\/es\/wp-json\/wp\/v2\/tags?post=5388"}],"curies":[{"name":"wp","href":"https:\/\/api.w.org\/{rel}","templated":true}]}}