{"id":5430,"date":"2015-06-30T17:19:28","date_gmt":"2015-06-30T15:19:28","guid":{"rendered":"http:\/\/www.ub.edu\/plasostenibilitat\/?p=2054"},"modified":"2024-08-02T10:09:31","modified_gmt":"2024-08-02T10:09:31","slug":"retorna-ub-7000-envasos-en-10-setmanes","status":"publish","type":"post","link":"https:\/\/www.ub.edu\/ossma\/es\/actualitat-medi-ambient\/retorna-ub-7000-envasos-en-10-setmanes","title":{"rendered":"Retorna UB: 7.000 envasos recollits al Campus Diagonal en 10 setmanes"},"content":{"rendered":"\n<p>Les vuit m\u00e0quines de retorn d&#8217;envasos instal\u00b7lades al Campus Diagonal han recollit entre el 20 d&#8217;abril i el 27 de juny un total de 7.057 ampolles i llaunes de begudes.&nbsp;Els centres amb m\u00e9s participaci\u00f3 continuen sent Biologia i&nbsp;Relacions Laborals, amb 1.800 i&nbsp;1.700 envasos recuperats, respectivament.<\/p>\n\n\n\n<p>La finalitzaci\u00f3 del per\u00edode lectiu en les darreres setmanes est\u00e0 reduint la participaci\u00f3 de la comunitat universit\u00e0ria en aquest projecte per\u00f2, tot i aix\u00f2, si comptem les 16 m\u00e0quines que funcionen en el marc el&nbsp;projecte GMI, el nombre total d&#8217;envasos recuperats arriba als 14.000, dels quals un 50% han estat dipositats a la UB, un altre 45% a la UPC, i el 5% restant a l&#8217;escola de disseny Elisava.<\/p>\n\n\n\n<figure class=\"wp-block-image\"><img fetchpriority=\"high\" decoding=\"async\" width=\"900\" height=\"367\" src=\"https:\/\/www.ub.edu\/ossma\/wp-content\/uploads\/2015\/06\/distribuci\u00f3envasosretornatspercentre.png\" alt=\"Distribuci\u00f3 dels envasos retornats per centre i distribuci\u00f3 dels envasos retornats per universitat\" class=\"wp-image-7035\" srcset=\"https:\/\/www.ub.edu\/ossma\/wp-content\/uploads\/2015\/06\/distribuci\u00f3envasosretornatspercentre.png 900w, https:\/\/www.ub.edu\/ossma\/wp-content\/uploads\/2015\/06\/distribuci\u00f3envasosretornatspercentre-300x122.png 300w\" sizes=\"(max-width: 900px) 100vw, 900px\" \/><\/figure>\n\n\n\n<p>En la data de redacci\u00f3 d&#8217;aquesta entrada, ja s&#8217;han celebrat dos sorteigs entre els participants, corresponents als mesos d&#8217;abril i maig. Entre els sis guanyadors escollits, la meitat han estat de la UB, i corresponen a\u00a0estudiants de\u00a0les facultats de Biologia, Dret i Geologia. \u00a0En la fotografia que acompanya aquest text, es mostra el lliurament del premi a la guanyadora del sorteig celebrat entre els participants en el mes d&#8217;abril, estudiant de\u00a0la Facultat de Biologia, i que va comptar amb la pres\u00e8ncia de representants de la Cambra de Comer\u00e7 i Funditec, dues de les entitats promotores del projecte a Catalunya.<\/p>\n\n\n\n<figure class=\"wp-block-image\"><img decoding=\"async\" src=\"https:\/\/www.ub.edu\/ossma\/wp-content\/uploads\/2015\/06\/gmi.jpg\" alt=\"Lliurament premi sorteig retorn envasos Campus Diagonal\" class=\"wp-image-7036\"\/><\/figure>\n\n\n\n<p>Recordem que, per participar en els sorteigs mensuals que se celebren fins al mes de desembre,&nbsp;cal&nbsp;registrar-se a la&nbsp;<a rel=\"noopener noreferrer\" href=\"http:\/\/react.tomra.com\/gmi\" target=\"_blank\">plataforma ReAct<\/a>.&nbsp;Un cop registrat, nom\u00e9s cal&nbsp;introduir a la plataforma el <a href=\"https:\/\/www.ub.edu\/ossma\/wp-content\/uploads\/2021\/05\/gmi-ticket-codis.jpg\" target=\"_blank\" rel=\"noreferrer noopener\">codi num\u00e8ric<\/a> que apareix al final del tiquet, o b\u00e9 descarregar-se l&#8217;aplicaci\u00f3 m\u00f2bil (disponible a&nbsp;<a title=\"ReAct Android\" rel=\"noopener noreferrer\" href=\"https:\/\/play.google.com\/store\/apps\/details?id=com.tomra.vending\" target=\"_blank\">Google Play&nbsp;<\/a>i <a title=\"ReAct itunes\" rel=\"noopener noreferrer\" href=\"https:\/\/itunes.apple.com\/us\/app\/tomra-react\/id884080791?mt=8\" target=\"_blank\">iTunes<\/a>) i escanejar el <a href=\"https:\/\/www.ub.edu\/ossma\/wp-content\/uploads\/2021\/05\/gmi-ticket-codis.jpg\" target=\"_blank\" rel=\"noreferrer noopener\">codi QR<\/a>&nbsp;del tiquet.<\/p>\n\n\n\n<p>Aquesta actuaci\u00f3 es du a terme en el marc del\u00a0projecte europeu <a href=\"http:\/\/gmiproject.eu\/\" target=\"_blank\" rel=\"noopener noreferrer\">Green Med Initiative (GMI)<\/a>, que\u00a0\u00e9s finan\u00e7at per la Uni\u00f3 Europea sota el Programa ENPI CBC MED a trav\u00e9s de l\u2019Instrument de Ve\u00efnatge i Partenariat.\u00a0Tamb\u00e9 col\u00b7labora\u00a0activament en el projecte el personal de les empreses que presten el servei de neteja als edificis de la UB (Ingesan i Renet).<\/p>\n","protected":false},"excerpt":{"rendered":"<p>Les vuit m\u00e0quines de retorn d\u2019envasos instal\u00b7lades al Campus Diagonal han recollit entre abril i juny un total de 7.057 ampolles i llaunes de begudes, en el marc del projecte europeu Green Med Initiative (GMI).<\/p>\n","protected":false},"author":1,"featured_media":63040,"comment_status":"open","ping_status":"open","sticky":false,"template":"","format":"standard","meta":{"advgb_blocks_editor_width":"","advgb_blocks_columns_visual_guide":"","footnotes":""},"categories":[20],"tags":[100,27,99,86],"class_list":["post-5430","post","type-post","status-publish","format-standard","has-post-thumbnail","hentry","category-actualitat-medi-ambient","tag-envasos","tag-residus","tag-retorna-ub","tag-reutilitzar"],"author_meta":{"display_name":"OSSMA","author_link":"https:\/\/www.ub.edu\/ossma\/es\/author\/ossmau1"},"featured_img":"https:\/\/www.ub.edu\/ossma\/wp-content\/uploads\/2024\/08\/capcalera-retorna-ub-750x177.jpg","coauthors":[],"tax_additional":{"categories":{"linked":["<a href=\"https:\/\/www.ub.edu\/ossma\/es\/actualitat-medi-ambient\" class=\"advgb-post-tax-term\">Medi Ambient<\/a>"],"unlinked":["<span class=\"advgb-post-tax-term\">Medi Ambient<\/span>"]},"tags":{"linked":["<a href=\"https:\/\/www.ub.edu\/ossma\/es\/actualitat-medi-ambient\" class=\"advgb-post-tax-term\">envasos<\/a>","<a href=\"https:\/\/www.ub.edu\/ossma\/es\/actualitat-medi-ambient\" class=\"advgb-post-tax-term\">residus<\/a>","<a href=\"https:\/\/www.ub.edu\/ossma\/es\/actualitat-medi-ambient\" class=\"advgb-post-tax-term\">retorna UB<\/a>","<a href=\"https:\/\/www.ub.edu\/ossma\/es\/actualitat-medi-ambient\" class=\"advgb-post-tax-term\">reutilitzar<\/a>"],"unlinked":["<span class=\"advgb-post-tax-term\">envasos<\/span>","<span class=\"advgb-post-tax-term\">residus<\/span>","<span class=\"advgb-post-tax-term\">retorna UB<\/span>","<span class=\"advgb-post-tax-term\">reutilitzar<\/span>"]}},"comment_count":"0","relative_dates":{"created":"Publicado 11 a\u00f1os hace","modified":"Actualizado 2 a\u00f1os hace"},"absolute_dates":{"created":"Publicado el 30 de junio de 2015","modified":"Actualizado el 2 de agosto de 2024"},"absolute_dates_time":{"created":"Publicado el 30 de junio de 2015 17:19","modified":"Actualizado el 2 de agosto de 2024 10:09"},"featured_img_caption":"","series_order":"","_links":{"self":[{"href":"https:\/\/www.ub.edu\/ossma\/es\/wp-json\/wp\/v2\/posts\/5430","targetHints":{"allow":["GET"]}}],"collection":[{"href":"https:\/\/www.ub.edu\/ossma\/es\/wp-json\/wp\/v2\/posts"}],"about":[{"href":"https:\/\/www.ub.edu\/ossma\/es\/wp-json\/wp\/v2\/types\/post"}],"author":[{"embeddable":true,"href":"https:\/\/www.ub.edu\/ossma\/es\/wp-json\/wp\/v2\/users\/1"}],"replies":[{"embeddable":true,"href":"https:\/\/www.ub.edu\/ossma\/es\/wp-json\/wp\/v2\/comments?post=5430"}],"version-history":[{"count":8,"href":"https:\/\/www.ub.edu\/ossma\/es\/wp-json\/wp\/v2\/posts\/5430\/revisions"}],"predecessor-version":[{"id":63049,"href":"https:\/\/www.ub.edu\/ossma\/es\/wp-json\/wp\/v2\/posts\/5430\/revisions\/63049"}],"wp:featuredmedia":[{"embeddable":true,"href":"https:\/\/www.ub.edu\/ossma\/es\/wp-json\/wp\/v2\/media\/63040"}],"wp:attachment":[{"href":"https:\/\/www.ub.edu\/ossma\/es\/wp-json\/wp\/v2\/media?parent=5430"}],"wp:term":[{"taxonomy":"category","embeddable":true,"href":"https:\/\/www.ub.edu\/ossma\/es\/wp-json\/wp\/v2\/categories?post=5430"},{"taxonomy":"post_tag","embeddable":true,"href":"https:\/\/www.ub.edu\/ossma\/es\/wp-json\/wp\/v2\/tags?post=5430"}],"curies":[{"name":"wp","href":"https:\/\/api.w.org\/{rel}","templated":true}]}}